{"id":180077,"date":"2016-06-16T18:20:50","date_gmt":"2016-06-16T21:20:50","guid":{"rendered":"https:\/\/jundiai.sp.gov.br\/noticias\/?p=180077"},"modified":"2016-11-04T10:51:42","modified_gmt":"2016-11-04T12:51:42","slug":"ceus-das-artes-recebe-inscricoes-para-oficinas","status":"publish","type":"post","link":"https:\/\/jundiai.sp.gov.br\/noticias\/2016\/06\/16\/ceus-das-artes-recebe-inscricoes-para-oficinas\/","title":{"rendered":"Oficinas no CEU das Artes t\u00eam inscri\u00e7\u00f5es at\u00e9 s\u00e1bado (25)"},"content":{"rendered":"<p><strong>O equipamento CEUs das Artes de fomento cultural, esportivo e educacional no bairro Vista Alegre j\u00e1 recebe inscri\u00e7\u00f5es para as mais diversas oficinas at\u00e9 25 de junho. Dentre as op\u00e7\u00f5es, os jundiaienses contam com cursos de artesanato, grafite, maracatu, percuss\u00e3o, kend\u00f4, teatro, jardinagem, sess\u00f5es de cineclube, gin\u00e1stica corporal, capoeira, carat\u00ea, v\u00f4lei e futsal.<\/strong><\/p>\n<p><strong>LEIA MAIS<\/strong><br \/>\n<strong><a class=\"titulo-lista\" title=\"Centro de Conviv\u00eancia e Gera\u00e7\u00e3o de Renda \u00e9 lan\u00e7ado\" href=\"https:\/\/jundiai.sp.gov.br\/noticias\/2016\/06\/15\/prefeitura-inaugura-centro-de-convivencia-e-geracao-de-renda\/\" rel=\"bookmark\">Centro de Conviv\u00eancia e Gera\u00e7\u00e3o de Renda \u00e9 lan\u00e7ado<\/a><\/strong><br \/>\n<strong><a class=\"titulo-lista\" title=\"Conselho de Pol\u00edticas Sobre Drogas promove 2\u00aa Semana de Reflex\u00e3o em Jundia\u00ed\" href=\"https:\/\/jundiai.sp.gov.br\/noticias\/2016\/06\/14\/comad-promove-2a-semana-de-reflexao-sobre-drogas\/\" rel=\"bookmark\">Conselho de Pol\u00edticas Sobre Drogas promove 2\u00aa Semana de Reflex\u00e3o em Jundia\u00ed<\/a><\/strong><\/p>\n<div id=\"attachment_180241\" style=\"width: 730px\" class=\"wp-caption aligncenter\"><a href=\"https:\/\/jundiai.sp.gov.br\/noticias\/wp-content\/uploads\/sites\/32\/2016\/06\/CEU_Artes_A_-484g-1.jpg\" rel=\"attachment wp-att-180241\"><img loading=\"lazy\" decoding=\"async\" aria-describedby=\"caption-attachment-180241\" class=\"size-large wp-image-180241\" src=\"https:\/\/jundiai.sp.gov.br\/noticias\/wp-content\/uploads\/sites\/32\/2016\/06\/CEU_Artes_A_-484g-1-720x480.jpg\" alt=\"CEUs das Artes conta com biblioteca, anfiteatro, quadra poliesportiva e mais\" width=\"720\" height=\"480\" srcset=\"https:\/\/jundiai.sp.gov.br\/noticias\/wp-content\/uploads\/sites\/32\/2016\/06\/CEU_Artes_A_-484g-1-720x480.jpg 720w, https:\/\/jundiai.sp.gov.br\/noticias\/wp-content\/uploads\/sites\/32\/2016\/06\/CEU_Artes_A_-484g-1-300x200.jpg 300w, https:\/\/jundiai.sp.gov.br\/noticias\/wp-content\/uploads\/sites\/32\/2016\/06\/CEU_Artes_A_-484g-1-768x512.jpg 768w, https:\/\/jundiai.sp.gov.br\/noticias\/wp-content\/uploads\/sites\/32\/2016\/06\/CEU_Artes_A_-484g-1.jpg 1240w\" sizes=\"auto, (max-width: 720px) 100vw, 720px\" \/><\/a><p id=\"caption-attachment-180241\" class=\"wp-caption-text\">CEUs das Artes conta com biblioteca, anfiteatro, quadra poliesportiva e mais<\/p><\/div>\n<p>De acordo com o diretor de A\u00e7\u00e3o Comunit\u00e1ria, da Secretaria de Cultura, Kleberson Alexandro Pinto, a localidade recebeu os cursos respectivos \u00e0 demanda do bairro. \u201cA Secretaria de Cultura tem um trabalho aqui no Vista Alegre. Mesmo antes do CEUs das Artes ser inaugurado n\u00f3s j\u00e1 faz\u00edamos alguns eventos, como cineclube com a Comiss\u00e3o Popular de Cultura, junto aos alunos do Educa\u00e7\u00e3o para Jovens e Adultos (EJA), por isso j\u00e1 t\u00ednhamos um perfil da comunidade e da aceita\u00e7\u00e3o quanto \u00e0s oficinas oferecidas\u201d, destaca Alexandro.<\/p>\n<p><strong>A oficina Cineclube, mensal no CEUs, ganha sete sess\u00f5es divididas nas datas de 24 de junho, 29 de julho, 26 de agosto, 30 de setembro, 28 de outubro e 25 de novembro.<\/strong><\/p>\n<p>Os filmes v\u00e3o ser exibidos sempre a partir das 19h, no intuito de possibilitar o debate com o p\u00fablico. \u201cA ideia inicial \u00e9 que, posteriormente \u00e0 exibi\u00e7\u00e3o do filme, possamos discutir as t\u00e9cnicas utilizadas pelo v\u00eddeo, para que l\u00e1 na frente fa\u00e7amos o \u2018intensiv\u00e3o\u2019 de quatro dias para ensinar os alunos a elaborarem seus pr\u00f3prios materiais audiovisuais\u201d, conta o produtor cultural e professor da oficina Thiago Moreira.<\/p>\n<p>No artesanato, o p\u00fablico maior de 18 anos conta com o curso de biscuit ministrado \u00e0s quartas-feiras, a partir de 29 de junho. A turma ser\u00e1 composta por dez vagas que v\u00e3o se apropriar da sala multiuso para elabora\u00e7\u00e3o das pe\u00e7as. \u201cO biscuit \u00e9 entretenimento que ensina, al\u00e9m de proporcionar que o aluno tenha uma habilidade a mais no ganho financeiro familiar\u201d, ressalta a professora Simone Mestre.<\/p>\n<div id=\"attachment_180081\" style=\"width: 410px\" class=\"wp-caption alignleft\"><a href=\"https:\/\/jundiai.sp.gov.br\/noticias\/wp-content\/uploads\/sites\/32\/2016\/06\/reuniao_ceu_artes_D-9g.jpg\" rel=\"attachment wp-att-180081\"><img loading=\"lazy\" decoding=\"async\" aria-describedby=\"caption-attachment-180081\" class=\"size-medium wp-image-180081\" src=\"https:\/\/jundiai.sp.gov.br\/noticias\/wp-content\/uploads\/sites\/32\/2016\/06\/reuniao_ceu_artes_D-9g-300x219.jpg\" alt=\"Reuni\u00e3o com oficineiros na tarde desta quarta-feira (15) proporcionou debat sobre uso do espa\u00e7o\" width=\"400\" height=\"400\" \/><\/a><p id=\"caption-attachment-180081\" class=\"wp-caption-text\">Reuni\u00e3o com oficineiros na tarde desta quarta-feira (15) proporcionou debat sobre uso do espa\u00e7o<\/p><\/div>\n<p><strong>Seguran\u00e7a<\/strong><br \/>\nSegundo o coordenador do espa\u00e7o, Vandinho Cosmo, a estrutura oferece seguran\u00e7a aos mun\u00edcipes e garante divers\u00e3o. \u201cAqui \u00e9 um espa\u00e7o muito tranquilo. Quem conhece pela primeira vez se encanta. N\u00f3s temos riqueza de espa\u00e7o a ser utilizado com seguran\u00e7a refor\u00e7ada pela Guarda Municipal, que sempre faz ronda por aqui\u201d, afirma o gestor.<\/p>\n<p><strong>As inscri\u00e7\u00f5es para as oficinas s\u00e3o feitas no pr\u00f3prio CEUs das Artes, na rua Edivaldo Quirino, s\/n\u00ba, Vista Alegre, de segunda a sexta-feira, das 9h \u00e0s 17h, com o coordenador Vandinho. A documenta\u00e7\u00e3o necess\u00e1ria para efetivar a matr\u00edcula requer R.G e comprovante de resid\u00eancia. Menores devem ir acompanhados dos pais ou respons\u00e1veis.<\/strong><\/p>\n<p><em><strong>Assessoria de Imprensa<\/strong><\/em><br \/>\n<em><strong> Fotos: Dorival Pinheiro Filho<\/strong><\/em><\/p>\n","protected":false},"excerpt":{"rendered":"<p>Matr\u00edculas para as diversas atividades s\u00e3o gratuitas e podem ser feitas no pr\u00f3prio local, no Vista Alegre<\/p>\n","protected":false},"author":11,"featured_media":178381,"comment_status":"closed","ping_status":"closed","sticky":false,"template":"","format":"standard","meta":{"footnotes":""},"categories":[2],"tags":[894,29],"ods":[],"class_list":["post-180077","post","type-post","status-publish","format-standard","has-post-thumbnail","hentry","category-noticias","tag-ceu-das-artes-do-vista-alegre","tag-cultura"],"_links":{"self":[{"href":"https:\/\/jundiai.sp.gov.br\/noticias\/wp-json\/wp\/v2\/posts\/180077","targetHints":{"allow":["GET"]}}],"collection":[{"href":"https:\/\/jundiai.sp.gov.br\/noticias\/wp-json\/wp\/v2\/posts"}],"about":[{"href":"https:\/\/jundiai.sp.gov.br\/noticias\/wp-json\/wp\/v2\/types\/post"}],"author":[{"embeddable":true,"href":"https:\/\/jundiai.sp.gov.br\/noticias\/wp-json\/wp\/v2\/users\/11"}],"replies":[{"embeddable":true,"href":"https:\/\/jundiai.sp.gov.br\/noticias\/wp-json\/wp\/v2\/comments?post=180077"}],"version-history":[{"count":19,"href":"https:\/\/jundiai.sp.gov.br\/noticias\/wp-json\/wp\/v2\/posts\/180077\/revisions"}],"predecessor-version":[{"id":180441,"href":"https:\/\/jundiai.sp.gov.br\/noticias\/wp-json\/wp\/v2\/posts\/180077\/revisions\/180441"}],"wp:featuredmedia":[{"embeddable":true,"href":"https:\/\/jundiai.sp.gov.br\/noticias\/wp-json\/wp\/v2\/media\/178381"}],"wp:attachment":[{"href":"https:\/\/jundiai.sp.gov.br\/noticias\/wp-json\/wp\/v2\/media?parent=180077"}],"wp:term":[{"taxonomy":"category","embeddable":true,"href":"https:\/\/jundiai.sp.gov.br\/noticias\/wp-json\/wp\/v2\/categories?post=180077"},{"taxonomy":"post_tag","embeddable":true,"href":"https:\/\/jundiai.sp.gov.br\/noticias\/wp-json\/wp\/v2\/tags?post=180077"},{"taxonomy":"ods","embeddable":true,"href":"https:\/\/jundiai.sp.gov.br\/noticias\/wp-json\/wp\/v2\/ods?post=180077"}],"curies":[{"name":"wp","href":"https:\/\/api.w.org\/{rel}","templated":true}]}}