{"id":180153,"date":"2016-06-16T14:02:21","date_gmt":"2016-06-16T17:02:21","guid":{"rendered":"https:\/\/jundiai.sp.gov.br\/noticias\/?p=180153"},"modified":"2016-11-04T10:52:14","modified_gmt":"2016-11-04T12:52:14","slug":"coordenadoria-de-bem-estar-animal-amplia-politica-publica-para-pets","status":"publish","type":"post","link":"https:\/\/jundiai.sp.gov.br\/noticias\/2016\/06\/16\/coordenadoria-de-bem-estar-animal-amplia-politica-publica-para-pets\/","title":{"rendered":"Coordenadoria de Bem-Estar Animal amplia pol\u00edtica p\u00fablica para &#8216;pets&#8217; na cidade"},"content":{"rendered":"<p><strong>Com um p\u00fablico-alvo definido, servi\u00e7os de apoio e atendimento agendado da castra\u00e7\u00e3o de animais dom\u00e9sticos como c\u00e3es e gatos, al\u00e9m de um novo programa educativo prestes a ser lan\u00e7ado sobre posse respons\u00e1vel nas escolas municipais, a Prefeitura de Jundia\u00ed segue estruturando a pol\u00edtica p\u00fablica nesse tema.<\/strong><\/p>\n<p><strong>A estimativa \u00e9 de que at\u00e9 125 mil animais entre caninos e felinos vivam no munic\u00edpio, a maioria aos cuidados de uma ampla rede de profissionais e empresas do ramo.<\/strong><\/p>\n<p><strong>LEIA TAMB\u00c9M<\/strong><br \/>\n<a href=\"https:\/\/jundiai.sp.gov.br\/noticias\/2016\/06\/15\/ministerio-publico-aprova-projeto-do-plano-diretor-participativo\/\">Minist\u00e9rio P\u00fablico apoia projeto do Plano Diretor<\/a><br \/>\n<a href=\"https:\/\/jundiai.sp.gov.br\/noticias\/2016\/06\/15\/tratorada-agricola-no-paco-municipal-defende-valorizacao-das-areas-rurais\/\">Tratorada agr\u00edcola no Pa\u00e7o Municipal defende valoriza\u00e7\u00e3o das \u00e1reas rurais<\/a><\/p>\n<div id=\"attachment_180157\" style=\"width: 730px\" class=\"wp-caption aligncenter\"><a href=\"https:\/\/jundiai.sp.gov.br\/noticias\/wp-content\/uploads\/sites\/32\/2016\/06\/COBEMA_A_65g.jpg\" rel=\"attachment wp-att-180157\"><img loading=\"lazy\" decoding=\"async\" aria-describedby=\"caption-attachment-180157\" src=\"https:\/\/jundiai.sp.gov.br\/noticias\/wp-content\/uploads\/sites\/32\/2016\/06\/COBEMA_A_65g.jpg\" alt=\"Castra\u00e7\u00f5es s\u00e3o agendadas pelo 156: Wesley destaca cuidados\" width=\"720\" height=\"513\" class=\"size-full wp-image-180157\" \/><\/a><p id=\"caption-attachment-180157\" class=\"wp-caption-text\">Castra\u00e7\u00f5es s\u00e3o agendadas pelo 156: Wesley destaca cuidados<\/p><\/div>\n<p><strong>No caso de moradores de baixa renda (cadastrados em programas sociais do munic\u00edpio), organiza\u00e7\u00f5es n\u00e3o-governamentais do setor e protetores independentes, existe o apoio da <a href=\"https:\/\/jundiai.sp.gov.br\/planejamento-e-meio-ambiente\/cobema\/\">Coordenadoria de Bem-Estar Animal (Cobema)<\/a>, antes sem foco legal e, a partir de mar\u00e7o de 2015, com esse p\u00fablico-alvo definido pelo decreto municipal 25.639.<\/strong><\/p>\n<p><strong>O agendamento das sess\u00f5es quinzenais de castra\u00e7\u00e3o, que atendem uma m\u00e9dia de 100 animais cada, \u00e9 feito pelo <a href=\"https:\/\/jundiai.sp.gov.br\/156\/\">servi\u00e7o 156<\/a>. O aviso vai sendo feito diretamente aos participantes da lista de espera para as pr\u00f3ximas datas, de 21 e 28 de junho e 6, 12, 20 e 27 de julho, sempre no per\u00edodo da manh\u00e3, com hor\u00e1rios para os gatos separados dos hor\u00e1rios para cachorros.<\/strong><\/p>\n<p>Al\u00e9m desse servi\u00e7o, feito por t\u00e9cnicos contratados, <strong>a equipe da Cobema faz o atendimento de cl\u00ednica veterin\u00e1ria a partir da instala\u00e7\u00e3o do \u201cvet cont\u00eainer\u201d<\/strong>, estrutura pioneira com a adapta\u00e7\u00e3o profissional de um cont\u00eainer para a fun\u00e7\u00e3o m\u00e9dica.<\/p>\n<p>\u201cVim trazer os animais cuidados por minha sogra. Estou com estes tr\u00eas c\u00e3es enquanto meu cunhado est\u00e1 l\u00e1 dentro com dois gatos. Tem outro cachorro maior, mas \u00e9 menos soci\u00e1vel e temos o apoio de um veterin\u00e1rio particular nesse caso\u201d, comentava o soldador Wesley Pupo, morador de ch\u00e1cara no bairro da Ponte Alta, entre o Ivoturucaia e o Caxambu, ao lado dos c\u00e3es com nomes de Marley, Pitty e Sirius.<\/p>\n<div id=\"attachment_180158\" style=\"width: 730px\" class=\"wp-caption aligncenter\"><a href=\"https:\/\/jundiai.sp.gov.br\/noticias\/wp-content\/uploads\/sites\/32\/2016\/06\/COBEMA_A_94g.jpg\" rel=\"attachment wp-att-180158\"><img loading=\"lazy\" decoding=\"async\" aria-describedby=\"caption-attachment-180158\" src=\"https:\/\/jundiai.sp.gov.br\/noticias\/wp-content\/uploads\/sites\/32\/2016\/06\/COBEMA_A_94g.jpg\" alt=\"Animais ter\u00e3o campanha contra os maus tratos e abandono\" width=\"720\" height=\"513\" class=\"size-full wp-image-180158\" \/><\/a><p id=\"caption-attachment-180158\" class=\"wp-caption-text\">Animais ter\u00e3o campanha contra os maus tratos e abandono<\/p><\/div>\n<p>O servi\u00e7o, vinculado \u00e0 Secretaria de Planejamento e Meio Ambiente, integra a <strong>rede ambiental do munic\u00edpio<\/strong>. \u201cExistem pessoas que consideram esse problema uma bola de neve e que esse trabalho \u00e9 secund\u00e1rio. <strong>Mas h\u00e1 aspectos de qualidade de vida, de equil\u00edbrio ambiental e at\u00e9 de sa\u00fade envolvidos. Por isso foi necess\u00e1rio racionalizar o foco e buscar um envolvimento cada vez maior da comunidade<\/strong>\u201d, afirma a secret\u00e1ria Daniela da Camara Sutti.<\/p>\n<p><strong>O pr\u00f3ximo passo da Cobema \u00e9 a implementa\u00e7\u00e3o da campanha educativa \u201cGuarda Respons\u00e1vel\u201d, com dicas sobre os princ\u00edpios da responsabilidade na posse de animais pets usando um dos c\u00e3es atendidos como s\u00edmbolo.<\/strong> A parceria entre Secretaria de Planejamento e Meio Ambiente, Secretaria de Educa\u00e7\u00e3o e Secretaria de Comunica\u00e7\u00e3o Social, articulada por Daniela com os secret\u00e1rios Jos\u00e9 Renato Polli (Educa\u00e7\u00e3o) e Andr\u00e9 Barros Leite (Comunica\u00e7\u00e3o), vai usar uma <strong>cartilha ilustrada para o trabalho-piloto que visa atingir a m\u00e9dio prazo 27 mil estudantes da rede municipal<\/strong>.<\/p>\n<p>\u201c<strong>\u00c9 preciso mudar a cultura que leva aos maus tratos e abandono de animais, que s\u00e3o crimes<\/strong>. Se n\u00e3o, continuaremos apenas enxugando gelo\u201d, afirma o coordenador da Cobema, o m\u00e9dico-veterin\u00e1rio Jonathann Fran\u00e7a Ribeiro.<\/p>\n<p><strong><em>Jos\u00e9 Arnaldo de Oliveira<br \/>\nFoto: Alessandro Rosman<\/strong><\/em><\/p>\n","protected":false},"excerpt":{"rendered":"<p>Destaques s\u00e3o servi\u00e7os de apoio e atendimento agendados para castra\u00e7\u00e3o de animais dom\u00e9sticos como c\u00e3es e gatos, al\u00e9m de novo programa educativo<\/p>\n","protected":false},"author":21,"featured_media":180165,"comment_status":"closed","ping_status":"closed","sticky":false,"template":"","format":"standard","meta":{"footnotes":""},"categories":[2],"tags":[511,339,617,6,32],"ods":[],"class_list":["post-180153","post","type-post","status-publish","format-standard","has-post-thumbnail","hentry","category-noticias","tag-511","tag-comunicacao-social","tag-coordenadoria-de-bem-estar-animal-cobema","tag-educacao","tag-planejamento-e-meio-ambiente"],"_links":{"self":[{"href":"https:\/\/jundiai.sp.gov.br\/noticias\/wp-json\/wp\/v2\/posts\/180153","targetHints":{"allow":["GET"]}}],"collection":[{"href":"https:\/\/jundiai.sp.gov.br\/noticias\/wp-json\/wp\/v2\/posts"}],"about":[{"href":"https:\/\/jundiai.sp.gov.br\/noticias\/wp-json\/wp\/v2\/types\/post"}],"author":[{"embeddable":true,"href":"https:\/\/jundiai.sp.gov.br\/noticias\/wp-json\/wp\/v2\/users\/21"}],"replies":[{"embeddable":true,"href":"https:\/\/jundiai.sp.gov.br\/noticias\/wp-json\/wp\/v2\/comments?post=180153"}],"version-history":[{"count":6,"href":"https:\/\/jundiai.sp.gov.br\/noticias\/wp-json\/wp\/v2\/posts\/180153\/revisions"}],"predecessor-version":[{"id":180562,"href":"https:\/\/jundiai.sp.gov.br\/noticias\/wp-json\/wp\/v2\/posts\/180153\/revisions\/180562"}],"wp:featuredmedia":[{"embeddable":true,"href":"https:\/\/jundiai.sp.gov.br\/noticias\/wp-json\/wp\/v2\/media\/180165"}],"wp:attachment":[{"href":"https:\/\/jundiai.sp.gov.br\/noticias\/wp-json\/wp\/v2\/media?parent=180153"}],"wp:term":[{"taxonomy":"category","embeddable":true,"href":"https:\/\/jundiai.sp.gov.br\/noticias\/wp-json\/wp\/v2\/categories?post=180153"},{"taxonomy":"post_tag","embeddable":true,"href":"https:\/\/jundiai.sp.gov.br\/noticias\/wp-json\/wp\/v2\/tags?post=180153"},{"taxonomy":"ods","embeddable":true,"href":"https:\/\/jundiai.sp.gov.br\/noticias\/wp-json\/wp\/v2\/ods?post=180153"}],"curies":[{"name":"wp","href":"https:\/\/api.w.org\/{rel}","templated":true}]}}