{"id":180356,"date":"2016-06-20T15:47:15","date_gmt":"2016-06-20T18:47:15","guid":{"rendered":"https:\/\/jundiai.sp.gov.br\/noticias\/?p=180356"},"modified":"2016-07-01T18:27:48","modified_gmt":"2016-07-01T21:27:48","slug":"conselho-de-cultura-integrantes-da-sociedade-civil","status":"publish","type":"post","link":"https:\/\/jundiai.sp.gov.br\/noticias\/2016\/06\/20\/conselho-de-cultura-integrantes-da-sociedade-civil\/","title":{"rendered":"Conselho de Cultura: Segmentos Culturais"},"content":{"rendered":"<h2><strong>Representantes da sociedade civil:<\/strong><\/h2>\n<ul>\n<li><span style=\"font-weight: 400;\">01 (um) representante da \u00e1rea de <strong>dan\u00e7a<\/strong>, tal como bailarino, dan\u00e7arino, core\u00f3grafo, professor de dan\u00e7a, dirigente de academia de dan\u00e7a, pesquisador ou acad\u00eamico da \u00e1rea, ou outro igualmente representativo;<\/span><\/li>\n<\/ul>\n<ul>\n<li>01 (um) representante da \u00e1rea de <strong>m\u00fasica<\/strong>, tal como instrumentista, int\u00e9rprete, compositor, arranjador, cantor, regentecultur, t\u00e9cnico de som, pesquisador ou acad\u00eamico da \u00e1rea, ou outro igualmente representativo;<\/li>\n<\/ul>\n<ul>\n<li>01 (um) representante da \u00e1rea de <strong>teatro e artes c\u00eanicas<\/strong>, tal como ator, diretor, iluminador, sonoplasta, cen\u00f3grafo, comediante, figurinista, pesquisador ou acad\u00eamico da \u00e1rea, ou outro igualmente representativo;<\/li>\n<\/ul>\n<ul>\n<li>01 (um) representante da \u00e1rea de <strong>artes visuais<\/strong>, tal como artista pl\u00e1stico, desenhista, escultor, cartunista, grafiteiro, chargista, fot\u00f3grafo, pesquisador ou acad\u00eamico da \u00e1rea, ou outro igualmente representativo;<\/li>\n<\/ul>\n<ul>\n<li>01 (um) representante da \u00e1rea de <strong>literatura<\/strong>, tal como escritor, poeta, redator, contador de hist\u00f3ria, editor, livreiro, bibliotec\u00e1rio, narrador, pesquisador ou acad\u00eamico da \u00e1rea, ou outro igualmente representativo;<\/li>\n<\/ul>\n<ul>\n<li>01 (um) representante da \u00e1rea de <strong>circo<\/strong>, tal como artistas circenses, artistas de rua, malabaristas, pirofagistas, equilibristas, acrobatas, palha\u00e7os, pesquisadores ou acad\u00eamicos da \u00e1rea, ou outro igualmente representativo;<\/li>\n<\/ul>\n<ul>\n<li>01 (um) representante da \u00e1rea de <strong>audiovisual e cultura digital<\/strong>, tal como diretor, cinegrafista, roteirista, cen\u00f3grafo, produtor, jornalista, apresentador de programas, programador visuais, artefinalista, diagramador, blogueiro, web designer, pesquisadores ou acad\u00eamicos da \u00e1rea, ou outro igualmente representativo;<\/li>\n<\/ul>\n<ul>\n<li>01 (um) representante da \u00e1rea de <strong>artesanato<\/strong>, tal como artes\u00e3o, estilista, costureiro, fiandeiro, tecel\u00e3o, bordadeiro, pesquisadores ou acad\u00eamicos da \u00e1rea, ou outro igualmente representativo;<\/li>\n<\/ul>\n<ul>\n<li>01 (um) representante da \u00e1rea de <strong>arquitetura e design<\/strong>, tal como arquitestos, designer gr\u00e1fico, designer de objetos, m\u00f3veis ou produtos, decoradores de interiores, desenhista industrial, pesquisadores ou acad\u00eamicos da \u00e1rea, ou outro igualmente representativo;<\/li>\n<\/ul>\n<ul>\n<li>01 (um) representante da \u00e1rea de <strong>cultura popular e tradicional<\/strong>, tal como artistas, culinaristas, dan\u00e7arinos, cantores, gri\u00f4s, mestres, folcloristas, carnavalescos, produtores de saraus, pesquisadores ou acad\u00eamicos da \u00e1rea, ou outro igualmente representativo;<\/li>\n<\/ul>\n<ul>\n<li><span style=\"font-weight: 400;\">01 (um) representante de <strong>espa\u00e7os culturais<\/strong>, tal como dirigente de ateli\u00ea, teatro, centro cultural, casa de cultura, escola de artes, casa de show, cinema, museu ou outro igualmente representativo;<\/span><\/li>\n<\/ul>\n<ul>\n<li><span style=\"font-weight: 400;\">01 (um) representante de <strong>produtores culturais<\/strong>, tal como produtor, curador, administrador, gestor, representante de coletivos de cultura, captador de recursos, agenciadores ou outro igualmente representativo;<\/span><\/li>\n<\/ul>\n<ul>\n<li><span style=\"font-weight: 400;\">01 (um) representante de <strong>cultura de etnias<\/strong>, tal como produtor e resguardador da cultura afro-brasileira, ind\u00edgena, \u00e1rabe, oriental, pesquisadores ou acad\u00eamicos da \u00e1rea, ou outro igualmente representativo;<\/span><\/li>\n<\/ul>\n<ul>\n<li><span style=\"font-weight: 400;\">01 (um) representante de <strong>lideran\u00e7a comunit\u00e1ria<\/strong>, tal como membro de associa\u00e7\u00e3o de bairro, representante de espa\u00e7os comunit\u00e1rios, agente social com atua\u00e7\u00e3o em regi\u00e3o delimitada, representante de organiza\u00e7\u00e3o social com atua\u00e7\u00e3o em regi\u00e3o delimitada ou pessoa de reconhecida representatividade em regi\u00e3o delimitada;<\/span><\/li>\n<\/ul>\n<ul>\n<li><span style=\"font-weight: 400;\">01 (um) representante do <strong>sistema\u00a0S<\/strong>, tal como representante do Sesi, Sesc, Senai, Senac, Sebrae\u00a0ou outro com sede e atua\u00e7\u00e3o no Munic\u00edpio;<\/span><\/li>\n<\/ul>\n<ul>\n<li><span style=\"font-weight: 400;\">01 (um) representante de <strong>entidades do ensino superior<\/strong>, tal como diretor, coordenador, reitor de faculdade ou universidade sediada no Munic\u00edpio;<\/span><\/li>\n<\/ul>\n<ul>\n<li><span style=\"font-weight: 400;\">01 (um) representante da cultura <strong>LGBT<\/strong>, tal como dirigente de entidades, representantes de grupos e promotores de atividades culturais com \u00eanfase nos direitos de minorias de g\u00eanero e da diversidade de orienta\u00e7\u00f5es sexuais;<\/span><\/li>\n<\/ul>\n<ul>\n<li><span style=\"font-weight: 400;\">01 (um) representante de <strong>consumidores de cultura<\/strong>, tal como membro da sociedade civil n\u00e3o vinculado a nenhuma das defini\u00e7\u00f5es acima, com interesse no debate da pol\u00edtica p\u00fablica de cultura.<\/span><\/li>\n<\/ul>\n<p>&nbsp;<\/p>\n","protected":false},"excerpt":{"rendered":"<p>Representantes da sociedade civil: 01 (um) representante da \u00e1rea de dan\u00e7a, tal como bailarino, dan\u00e7arino, core\u00f3grafo, professor de dan\u00e7a, dirigente de academia de dan\u00e7a, pesquisador ou acad\u00eamico da \u00e1rea, ou outro igualmente representativo; 01 (um) representante da \u00e1rea de m\u00fasica, tal como instrumentista, int\u00e9rprete, compositor, arranjador, cantor, regentecultur, t\u00e9cnico de som, pesquisador ou acad\u00eamico da [&hellip;]<\/p>\n","protected":false},"author":21,"featured_media":0,"comment_status":"closed","ping_status":"closed","sticky":false,"template":"","format":"standard","meta":{"footnotes":""},"categories":[2],"tags":[600,29],"ods":[],"class_list":["post-180356","post","type-post","status-publish","format-standard","hentry","category-noticias","tag-conselho-de-cultura","tag-cultura"],"_links":{"self":[{"href":"https:\/\/jundiai.sp.gov.br\/noticias\/wp-json\/wp\/v2\/posts\/180356","targetHints":{"allow":["GET"]}}],"collection":[{"href":"https:\/\/jundiai.sp.gov.br\/noticias\/wp-json\/wp\/v2\/posts"}],"about":[{"href":"https:\/\/jundiai.sp.gov.br\/noticias\/wp-json\/wp\/v2\/types\/post"}],"author":[{"embeddable":true,"href":"https:\/\/jundiai.sp.gov.br\/noticias\/wp-json\/wp\/v2\/users\/21"}],"replies":[{"embeddable":true,"href":"https:\/\/jundiai.sp.gov.br\/noticias\/wp-json\/wp\/v2\/comments?post=180356"}],"version-history":[{"count":10,"href":"https:\/\/jundiai.sp.gov.br\/noticias\/wp-json\/wp\/v2\/posts\/180356\/revisions"}],"predecessor-version":[{"id":183068,"href":"https:\/\/jundiai.sp.gov.br\/noticias\/wp-json\/wp\/v2\/posts\/180356\/revisions\/183068"}],"wp:attachment":[{"href":"https:\/\/jundiai.sp.gov.br\/noticias\/wp-json\/wp\/v2\/media?parent=180356"}],"wp:term":[{"taxonomy":"category","embeddable":true,"href":"https:\/\/jundiai.sp.gov.br\/noticias\/wp-json\/wp\/v2\/categories?post=180356"},{"taxonomy":"post_tag","embeddable":true,"href":"https:\/\/jundiai.sp.gov.br\/noticias\/wp-json\/wp\/v2\/tags?post=180356"},{"taxonomy":"ods","embeddable":true,"href":"https:\/\/jundiai.sp.gov.br\/noticias\/wp-json\/wp\/v2\/ods?post=180356"}],"curies":[{"name":"wp","href":"https:\/\/api.w.org\/{rel}","templated":true}]}}