{"id":180610,"date":"2016-06-22T18:35:15","date_gmt":"2016-06-22T21:35:15","guid":{"rendered":"https:\/\/jundiai.sp.gov.br\/noticias\/?p=180610"},"modified":"2016-11-04T10:55:03","modified_gmt":"2016-11-04T12:55:03","slug":"caminhao-multiguindaste-e-oficializado-para-uso-em-jundiai","status":"publish","type":"post","link":"https:\/\/jundiai.sp.gov.br\/noticias\/2016\/06\/22\/caminhao-multiguindaste-e-oficializado-para-uso-em-jundiai\/","title":{"rendered":"Caminh\u00e3o multiguindaste \u00e9 oficializado para Jundia\u00ed"},"content":{"rendered":"<p><strong>Por tr\u00eas anos seguidos entre as 16 cidades paulistas premiadas pelo <a href=\"http:\/\/www.ambiente.sp.gov.br\/municipioverdeazul\/\" target=\"_blank\">Programa Munic\u00edpio Verde e Azul (PMVA)<\/a>, Jundia\u00ed oficializou, nesta quarta-feira (22), no Pal\u00e1cio dos Bandeirantes, o conv\u00eanio para recebimento de um caminh\u00e3o multiguindaste com ca\u00e7amba, equipamento in\u00e9dito que vai modernizar o trabalho com a reciclagem de res\u00edduos s\u00f3lidos da constru\u00e7\u00e3o civil, entre outros.<\/strong><\/p>\n<p>Em maio, a cidade incorporou aos seus equipamentos um <a href=\"https:\/\/jundiai.sp.gov.br\/noticias\/2016\/05\/06\/prefeitura-apresenta-novo-caminhao-contra-incendios-florestais\/\">caminh\u00e3o-tanque contra inc\u00eandios<\/a> florestais, tamb\u00e9m recebido pelo mesmo programa com <strong>investimentos de R$ 236 mil do Fundo Estadual de Combate \u00e0 Polui\u00e7\u00e3o (Fecop)<\/strong>.<\/p>\n<p><strong>LEIA TAMB\u00c9M<br \/>\n<a href=\"https:\/\/jundiai.sp.gov.br\/noticias\/2016\/06\/22\/jundiai-e-confirmada-como-municipio-de-interesse-turistico\/\">Jundia\u00ed \u00e9 confirmada como \u2018Interesse Tur\u00edstico\u2019<\/a><\/strong><br \/>\n<a href=\"https:\/\/jundiai.sp.gov.br\/noticias\/2016\/06\/20\/fundo-social-abre-novas-vagas-para-cursos-profissionalizantes\/\"><strong>Fundo Social de Solidariedade abre novas vagas para cursos profissionalizantes<\/strong><\/a><\/p>\n<div id=\"attachment_180645\" style=\"width: 410px\" class=\"wp-caption alignleft\"><a href=\"https:\/\/jundiai.sp.gov.br\/noticias\/wp-content\/uploads\/sites\/32\/2016\/06\/convenio_ambiental_D40g.jpg\" rel=\"attachment wp-att-180645\"><img loading=\"lazy\" decoding=\"async\" aria-describedby=\"caption-attachment-180645\" class=\"size-large wp-image-180645\" src=\"https:\/\/jundiai.sp.gov.br\/noticias\/wp-content\/uploads\/sites\/32\/2016\/06\/convenio_ambiental_D40g-720x506.jpg\" alt=\"Assinatura do conv\u00eanio de novo caminh\u00e3o: gest\u00e3o ambiental reconhecida pelo Estado\" width=\"400\" height=\"400\" \/><\/a><p id=\"caption-attachment-180645\" class=\"wp-caption-text\">Assinatura do conv\u00eanio de novo caminh\u00e3o: gest\u00e3o ambiental reconhecida pelo Estado<\/p><\/div>\n<p>No ranking do PMVA, que observa um conjunto de diretivas ambientais de cada cidade, <strong>Jundia\u00ed atingiu o 3\u00ba lugar em 2013, o 16\u00ba lugar em 2014 e subindo para o 6\u00ba lugar em 2015. Anteriormente, a coloca\u00e7\u00e3o m\u00e1xima da cidade havia sido o 27\u00ba lugar estadual. <\/strong><\/p>\n<p>O conv\u00eanio de financiamento foi assinado pelo prefeito Pedro Bigardi em solenidade conduzida pelo governador Geraldo Alckmin na chamada Sala dos Despachos da sede estadual.<\/p>\n<p>\u201c<strong>Temos ainda pendente um conv\u00eanio de apoio a ecopontos, que, quando for confirmado, vai multiplicar tamb\u00e9m essa medida<\/strong>\u201d, comentou Bigardi.<\/p>\n<p>A data de libera\u00e7\u00e3o do caminh\u00e3o multiguindaste ainda n\u00e3o est\u00e1 confirmada, mas <strong>vai refor\u00e7ar a frota da Secretaria de Servi\u00e7os P\u00fablicos envolvida com os res\u00edduos s\u00f3lidos, especialmente com o sistema de controle digitalizado de controle de ca\u00e7ambas implantado em Jundia\u00ed. <\/strong><\/p>\n<p>J\u00e1 a coordena\u00e7\u00e3o de diretivas do Programa Munic\u00edpio Verde e Azul na cidade \u00e9 feita pela Secretaria de Planejamento e Meio Ambiente, com participa\u00e7\u00e3o de toda a administra\u00e7\u00e3o direta e indireta.<\/p>\n<p><em><strong>Jos\u00e9 Arnaldo de Oliveira<br \/>\nFotos: Dorival Pinheiro Filho e Arquivo <\/strong><\/em><\/p>\n","protected":false},"excerpt":{"rendered":"<p>Equipamento vai refor\u00e7ar a frota da Secretaria de Servi\u00e7os P\u00fablicos no trabalho com os res\u00edduos s\u00f3lidos<\/p>\n","protected":false},"author":10,"featured_media":180647,"comment_status":"closed","ping_status":"closed","sticky":false,"template":"","format":"standard","meta":{"footnotes":""},"categories":[2],"tags":[58,401,323,341],"ods":[],"class_list":["post-180610","post","type-post","status-publish","format-standard","has-post-thumbnail","hentry","category-noticias","tag-prefeito","tag-residuos-solidos","tag-serra-do-japi","tag-servicos-publicos"],"_links":{"self":[{"href":"https:\/\/jundiai.sp.gov.br\/noticias\/wp-json\/wp\/v2\/posts\/180610","targetHints":{"allow":["GET"]}}],"collection":[{"href":"https:\/\/jundiai.sp.gov.br\/noticias\/wp-json\/wp\/v2\/posts"}],"about":[{"href":"https:\/\/jundiai.sp.gov.br\/noticias\/wp-json\/wp\/v2\/types\/post"}],"author":[{"embeddable":true,"href":"https:\/\/jundiai.sp.gov.br\/noticias\/wp-json\/wp\/v2\/users\/10"}],"replies":[{"embeddable":true,"href":"https:\/\/jundiai.sp.gov.br\/noticias\/wp-json\/wp\/v2\/comments?post=180610"}],"version-history":[{"count":5,"href":"https:\/\/jundiai.sp.gov.br\/noticias\/wp-json\/wp\/v2\/posts\/180610\/revisions"}],"predecessor-version":[{"id":180950,"href":"https:\/\/jundiai.sp.gov.br\/noticias\/wp-json\/wp\/v2\/posts\/180610\/revisions\/180950"}],"wp:featuredmedia":[{"embeddable":true,"href":"https:\/\/jundiai.sp.gov.br\/noticias\/wp-json\/wp\/v2\/media\/180647"}],"wp:attachment":[{"href":"https:\/\/jundiai.sp.gov.br\/noticias\/wp-json\/wp\/v2\/media?parent=180610"}],"wp:term":[{"taxonomy":"category","embeddable":true,"href":"https:\/\/jundiai.sp.gov.br\/noticias\/wp-json\/wp\/v2\/categories?post=180610"},{"taxonomy":"post_tag","embeddable":true,"href":"https:\/\/jundiai.sp.gov.br\/noticias\/wp-json\/wp\/v2\/tags?post=180610"},{"taxonomy":"ods","embeddable":true,"href":"https:\/\/jundiai.sp.gov.br\/noticias\/wp-json\/wp\/v2\/ods?post=180610"}],"curies":[{"name":"wp","href":"https:\/\/api.w.org\/{rel}","templated":true}]}}