{"id":180723,"date":"2016-06-23T17:33:27","date_gmt":"2016-06-23T20:33:27","guid":{"rendered":"https:\/\/jundiai.sp.gov.br\/noticias\/?p=180723"},"modified":"2016-07-01T18:26:34","modified_gmt":"2016-07-01T21:26:34","slug":"4o-simposio-sobre-patrimonio-material-e-imaterial-define-programacao","status":"publish","type":"post","link":"https:\/\/jundiai.sp.gov.br\/noticias\/2016\/06\/23\/4o-simposio-sobre-patrimonio-material-e-imaterial-define-programacao\/","title":{"rendered":"4\u00ba Simp\u00f3sio sobre Patrim\u00f4nio Material e Imaterial define programa\u00e7\u00e3o"},"content":{"rendered":"<p><strong>A programa\u00e7\u00e3o do 4\u00ba Simp\u00f3sio sobre Patrim\u00f4nio Material e Imaterial, que neste ano tem como\u00a0tema \u201cAs v\u00e1rias dimens\u00f5es do Patrim\u00f4nio Cultural\u201d, j\u00e1 est\u00e1 definida. De 24 e 26 de agosto, o evento vai contar com\u00a0palestras e minicursos com especialistas dos mais diversos assuntos relacionados ao Patrim\u00f4nio Cultural.<\/strong><\/p>\n<p><a href=\"https:\/\/jundiai.sp.gov.br\/noticias\/2016\/06\/23\/programacao-do-4o-simposio-sobre-patrimonio-material-e-imaterial\/\">CONFIRA A PROGRAMA\u00c7\u00c3O COMPLETA<\/a><\/p>\n<p>\u201cO simp\u00f3sio marca a <strong>participa\u00e7\u00e3o social que implementamos na pol\u00edtica de preserva\u00e7\u00e3o do patrim\u00f4nio cultural da cidade e a partir deste ano est\u00e1 no calend\u00e1rio de eventos de Jundia\u00ed<\/strong>\u201d, explica o Diretor de Patrim\u00f4nio Hist\u00f3rico e Cultural, Donizetti Aparecido Pinto.<\/p>\n<p>&nbsp;<\/p>\n<div id=\"attachment_180726\" style=\"width: 410px\" class=\"wp-caption alignleft\"><a href=\"https:\/\/jundiai.sp.gov.br\/noticias\/wp-content\/uploads\/sites\/32\/2016\/06\/cartas_G.jpg\" rel=\"attachment wp-att-180726\"><img loading=\"lazy\" decoding=\"async\" aria-describedby=\"caption-attachment-180726\" class=\"size-large wp-image-180726\" src=\"https:\/\/jundiai.sp.gov.br\/noticias\/wp-content\/uploads\/sites\/32\/2016\/06\/cartas_G-720x516.jpg\" alt=\"Evento vai ter palestras e minicursos com especialistas em Patrim\u00f4nio Cultural\" width=\"400\" height=\"350\" \/><\/a><p id=\"caption-attachment-180726\" class=\"wp-caption-text\">Evento vai ter palestras e minicursos com especialistas em Patrim\u00f4nio Cultural<\/p><\/div>\n<p>Est\u00e3o abertas as <strong>inscri\u00e7\u00f5es para envio de trabalhos<\/strong>. Os interessados em receber certificado de participa\u00e7\u00e3o <a href=\"https:\/\/docs.google.com\/a\/jundiai.sp.gov.br\/forms\/d\/1m1iTfcs18RnK8b_sw8nWfy13u9fZKzUqUu5_wem3oOQ\/viewform\" target=\"_blank\">podem se inscrever a partir desta quinta-feira (23) pela internet<\/a>\u00a0ou na <strong>Diretoria de Patrim\u00f4nio Hist\u00f3rico e Cultural (DPHC), na Rua Bar\u00e3o de Jundia\u00ed, 202, ao lado do <a href=\"http:\/\/cultura.jundiai.sp.gov.br\/espacos-culturais\/teatro-polytheama\/\" target=\"_blank\">Teatro Polytheama<\/a>. Tamb\u00e9m vai ser poss\u00edvel se inscrever durante o evento<\/strong>.<\/p>\n<p>Os tr\u00eas dias de simp\u00f3sio v\u00e3o acontecer na <strong>Sala dos Rel\u00f3gios, no Complexo Fepasa, na avenida Uni\u00e3o dos Ferrovi\u00e1rios, 1760. O encerramento vai ser no Festival Cultural na <a href=\"http:\/\/pontetorta.jundiai.sp.gov.br\/\" target=\"_blank\">Ponte Torta<\/a>, na Vila Arens<\/strong>.<\/p>\n<p>Em 2015, <strong>mais de 200 pessoas<\/strong> participaram do 3\u00ba Simp\u00f3sio sobre Patrim\u00f4nio Material e Imaterial. A <strong>expectativa para este ano \u00e9 superar a marca<\/strong>.<\/p>\n<p><strong><em>Assessoria de Imprensa<br \/>\nFoto: Arquivo PMJ<\/em><\/strong><\/p>\n","protected":false},"excerpt":{"rendered":"<p>De 24 e 26 de agosto, o evento vai contar com palestras e minicursos com especialistas na Sala dos Rel\u00f3gios, no Complexo Fepasa<\/p>\n","protected":false},"author":14,"featured_media":180739,"comment_status":"closed","ping_status":"closed","sticky":false,"template":"","format":"standard","meta":{"footnotes":""},"categories":[2],"tags":[901,29,449,800,427,682],"ods":[],"class_list":["post-180723","post","type-post","status-publish","format-standard","has-post-thumbnail","hentry","category-noticias","tag-4o-simposio-sobre-patrimonio-material-e-imaterial","tag-cultura","tag-espaco-expressa","tag-patrimonio-historico-e-cultural","tag-ponte-torta","tag-simposio-sobre-patrimonio-material-e-imaterial"],"_links":{"self":[{"href":"https:\/\/jundiai.sp.gov.br\/noticias\/wp-json\/wp\/v2\/posts\/180723","targetHints":{"allow":["GET"]}}],"collection":[{"href":"https:\/\/jundiai.sp.gov.br\/noticias\/wp-json\/wp\/v2\/posts"}],"about":[{"href":"https:\/\/jundiai.sp.gov.br\/noticias\/wp-json\/wp\/v2\/types\/post"}],"author":[{"embeddable":true,"href":"https:\/\/jundiai.sp.gov.br\/noticias\/wp-json\/wp\/v2\/users\/14"}],"replies":[{"embeddable":true,"href":"https:\/\/jundiai.sp.gov.br\/noticias\/wp-json\/wp\/v2\/comments?post=180723"}],"version-history":[{"count":9,"href":"https:\/\/jundiai.sp.gov.br\/noticias\/wp-json\/wp\/v2\/posts\/180723\/revisions"}],"predecessor-version":[{"id":183066,"href":"https:\/\/jundiai.sp.gov.br\/noticias\/wp-json\/wp\/v2\/posts\/180723\/revisions\/183066"}],"wp:featuredmedia":[{"embeddable":true,"href":"https:\/\/jundiai.sp.gov.br\/noticias\/wp-json\/wp\/v2\/media\/180739"}],"wp:attachment":[{"href":"https:\/\/jundiai.sp.gov.br\/noticias\/wp-json\/wp\/v2\/media?parent=180723"}],"wp:term":[{"taxonomy":"category","embeddable":true,"href":"https:\/\/jundiai.sp.gov.br\/noticias\/wp-json\/wp\/v2\/categories?post=180723"},{"taxonomy":"post_tag","embeddable":true,"href":"https:\/\/jundiai.sp.gov.br\/noticias\/wp-json\/wp\/v2\/tags?post=180723"},{"taxonomy":"ods","embeddable":true,"href":"https:\/\/jundiai.sp.gov.br\/noticias\/wp-json\/wp\/v2\/ods?post=180723"}],"curies":[{"name":"wp","href":"https:\/\/api.w.org\/{rel}","templated":true}]}}