{"id":181006,"date":"2016-06-27T16:25:02","date_gmt":"2016-06-27T19:25:02","guid":{"rendered":"https:\/\/jundiai.sp.gov.br\/noticias\/?p=181006"},"modified":"2016-11-04T10:55:01","modified_gmt":"2016-11-04T12:55:01","slug":"associacao-dos-aposentados-recebe-palestra-sobre-violencia-contra-idoso","status":"publish","type":"post","link":"https:\/\/jundiai.sp.gov.br\/noticias\/2016\/06\/27\/associacao-dos-aposentados-recebe-palestra-sobre-violencia-contra-idoso\/","title":{"rendered":"Associa\u00e7\u00e3o dos Aposentados recebe palestra sobre viol\u00eancia contra idoso"},"content":{"rendered":"<p><strong>A Prefeitura promoveu, na manh\u00e3 desta segunda-feira (27), no audit\u00f3rio da Associa\u00e7\u00e3o dos Aposentados e Pensionistas de Jundia\u00ed (AAPJR), no Centro Hist\u00f3rico, uma palestra sobre os diversos tipos de viol\u00eancia contra o idoso e refor\u00e7ou ao p\u00fablico-alvo as a\u00e7\u00f5es e campanhas desenvolvidas para evitar o problema e valorizar o idoso na sociedade.<\/strong><\/p>\n<p>A Coordenaria do Idoso participou em parceria com o N\u00facleo de Apoio \u00e0 Sa\u00fade da Fam\u00edlia (Nasf) e a UBS Central, ainda ecoando o Dia Mundial de Conscientiza\u00e7\u00e3o da Viol\u00eancia contra a Pessoa Idosa, celebrado na quarta-feira (15). As palestrantes foram a coordenadora Cl\u00e1udia Sartori, a gerente de sa\u00fade prim\u00e1ria Andreia Pinto de Souza e a psic\u00f3loga Paula Fernanda Mendon\u00e7a de Meira.<\/p>\n<p><strong>LEIA TAMB\u00c9M<\/strong><br \/>\n<a href=\"https:\/\/jundiai.sp.gov.br\/noticias\/2016\/06\/15\/alunos-da-educacao-de-jovens-e-adultos-conhecem-direito-dos-idosos\/\">Educa\u00e7\u00e3o de Jovens e Adultos conhece direito dos idosos<\/a><br \/>\n<a href=\"https:\/\/jundiai.sp.gov.br\/noticias\/2016\/06\/15\/prefeitura-lanca-protocolo-da-rede-de-atencao-a-pessoa-idosa\/\">Prefeitura lan\u00e7a Protocolo da Rede de Aten\u00e7\u00e3o \u00e0 Pessoa Idosa<\/a><br \/>\n<a href=\"https:\/\/jundiai.sp.gov.br\/noticias\/2016\/06\/14\/jundiai-ganha-protocolo-oficial-da-rede-de-protecao-aos-idosos\/\">Jundia\u00ed ganha protocolo oficial da rede de prote\u00e7\u00e3o aos idosos<\/a><\/p>\n<div id=\"attachment_181007\" style=\"width: 730px\" class=\"wp-caption aligncenter\"><a href=\"https:\/\/jundiai.sp.gov.br\/noticias\/wp-content\/uploads\/sites\/32\/2016\/06\/palestra_violencia_contra_idoso_P34G.jpg\" rel=\"attachment wp-att-181007\"><img loading=\"lazy\" decoding=\"async\" aria-describedby=\"caption-attachment-181007\" class=\"size-large wp-image-181007\" src=\"https:\/\/jundiai.sp.gov.br\/noticias\/wp-content\/uploads\/sites\/32\/2016\/06\/palestra_violencia_contra_idoso_P34G-720x452.jpg\" alt=\"A palestra ainda deu espa\u00e7o para os idosos debaterem os assuntos do seu cotidiano\" width=\"720\" height=\"452\" srcset=\"https:\/\/jundiai.sp.gov.br\/noticias\/wp-content\/uploads\/sites\/32\/2016\/06\/palestra_violencia_contra_idoso_P34G-720x452.jpg 720w, https:\/\/jundiai.sp.gov.br\/noticias\/wp-content\/uploads\/sites\/32\/2016\/06\/palestra_violencia_contra_idoso_P34G-300x188.jpg 300w, https:\/\/jundiai.sp.gov.br\/noticias\/wp-content\/uploads\/sites\/32\/2016\/06\/palestra_violencia_contra_idoso_P34G-768x482.jpg 768w, https:\/\/jundiai.sp.gov.br\/noticias\/wp-content\/uploads\/sites\/32\/2016\/06\/palestra_violencia_contra_idoso_P34G.jpg 1240w\" sizes=\"auto, (max-width: 720px) 100vw, 720px\" \/><\/a><p id=\"caption-attachment-181007\" class=\"wp-caption-text\">A palestra ainda deu espa\u00e7o para os idosos debaterem os assuntos do seu cotidiano<\/p><\/div>\n<p>O evento foi aberto com o filme <strong>\u201cSomos Todos Cuidadores\u201d (Prefeitura\/TVE)<\/strong>, que mostra como \u00e9 importante cuidar dos idosos de sua fam\u00edlia e dar suporte nesse per\u00edodo da vida. Logo depois foi iniciada uma <strong>rodada de conversa sobre a viol\u00eancia sofrida pelo idoso, al\u00e9m de seus direitos e cuidados necess\u00e1rios<\/strong>, como acompanhamento da fam\u00edlia ao m\u00e9dico e suporte para as tarefas do cotidiano.<\/p>\n<p><iframe loading=\"lazy\" class=\"alignleft\" src=\"https:\/\/www.youtube.com\/embed\/MYn7qw6aEso\" width=\"420\" height=\"315\" frameborder=\"0\" allowfullscreen=\"allowfullscreen\"><\/iframe>Segundo Cl\u00e1udia Sartori, <strong>aproximadamente 90% da viol\u00eancia contra o idoso vem da pr\u00f3pria fam\u00edlia<\/strong>. \u201c\u00c9 essencial falar sobre esse assunto. Muitas vezes o idoso sofre viol\u00eancia e n\u00e3o sabe. Ent\u00e3o \u00e9 preciso <strong>conscientiz\u00e1-lo e orientar<\/strong> para que busque ajuda\u201d, disse. A coordenadora ainda alertou para os <strong>principais tipos de viol\u00eancia que atingem o idoso: a financeira e a psicol\u00f3gica<\/strong>.<\/p>\n<p>A psic\u00f3loga do Nasf, Paula Fernanda Mendon\u00e7a de Meira, falou sobre a conquista que \u00e9 o <strong>Dia Mundial de Conscientiza\u00e7\u00e3o da Viol\u00eancia contra a Pessoa Idosa<\/strong>. \u201cO idoso possui uma extensa hist\u00f3ria de vida e merece ser cuidado ao entrar nesse per\u00edodo. Ele n\u00e3o deve ser tratado como uma crian\u00e7a, mas sim com<strong> aten\u00e7\u00e3o e delicadeza<\/strong>\u201d, afirmou.<\/p>\n<p>Andreia de Souza ressaltou a import\u00e2ncia de <strong>procurar ajuda em casos de viol\u00eancia<\/strong>. \u201cQuando o idoso buscar ajuda, ele n\u00e3o \u00e9\u00a0exposto. N\u00f3s vamos <strong>orient\u00e1-lo da melhor forma poss\u00edvel, buscando diminuir os conflitos e cessar a viol\u00eancia<\/strong>\u201d, concluiu.<\/p>\n<p><strong>Orienta\u00e7\u00e3o<\/strong><br \/>\n<strong>O idoso que est\u00e1 sofrendo viol\u00eancia pode procurar a UBS mais pr\u00f3xima, bem como a delegacia ou a Prefeitura<\/strong>. Ele tamb\u00e9m pode relatar a viol\u00eancia pelo telefone, atrav\u00e9s dos n\u00fameros <strong>100 (Central de Direito Humanos), 153 (Guarda Municipal) ou <a href=\"https:\/\/jundiai.sp.gov.br\/156\/\">156<\/a> (Prefeitura)<\/strong>.<\/p>\n<p>Tamb\u00e9m participaram da palestra a\u00a0presidente da AAPJR,\u00a0F\u00e9 Juncal; a\u00a0assessora da Coordenadoria do Idoso,\u00a0S\u00f4nia Menin; e\u00a0Luciano Genari, professor da turma de gin\u00e1stica dos idosos.<\/p>\n<p><strong><em>Assessoria de Imprensa<br \/>\nFoto: Paulo Gr\u00e9gio<\/em><\/strong><\/p>\n","protected":false},"excerpt":{"rendered":"<p>A Prefeitura promoveu, na manh\u00e3 desta segunda-feira (27), no audit\u00f3rio da Associa\u00e7\u00e3o dos Aposentados e Pensionistas de Jundia\u00ed (AAPJR), no Centro Hist\u00f3rico, uma palestra sobre os diversos tipos de viol\u00eancia contra o idoso e refor\u00e7ou ao p\u00fablico-alvo as a\u00e7\u00f5es e campanhas desenvolvidas para evitar o problema e valorizar o idoso na sociedade. A Coordenaria do [&hellip;]<\/p>\n","protected":false},"author":14,"featured_media":0,"comment_status":"closed","ping_status":"closed","sticky":false,"template":"","format":"standard","meta":{"footnotes":""},"categories":[2],"tags":[87,665],"ods":[],"class_list":["post-181006","post","type-post","status-publish","format-standard","hentry","category-noticias","tag-coordenadoria-do-idoso","tag-unidade-basica-de-saude-ubs"],"_links":{"self":[{"href":"https:\/\/jundiai.sp.gov.br\/noticias\/wp-json\/wp\/v2\/posts\/181006","targetHints":{"allow":["GET"]}}],"collection":[{"href":"https:\/\/jundiai.sp.gov.br\/noticias\/wp-json\/wp\/v2\/posts"}],"about":[{"href":"https:\/\/jundiai.sp.gov.br\/noticias\/wp-json\/wp\/v2\/types\/post"}],"author":[{"embeddable":true,"href":"https:\/\/jundiai.sp.gov.br\/noticias\/wp-json\/wp\/v2\/users\/14"}],"replies":[{"embeddable":true,"href":"https:\/\/jundiai.sp.gov.br\/noticias\/wp-json\/wp\/v2\/comments?post=181006"}],"version-history":[{"count":5,"href":"https:\/\/jundiai.sp.gov.br\/noticias\/wp-json\/wp\/v2\/posts\/181006\/revisions"}],"predecessor-version":[{"id":181019,"href":"https:\/\/jundiai.sp.gov.br\/noticias\/wp-json\/wp\/v2\/posts\/181006\/revisions\/181019"}],"wp:attachment":[{"href":"https:\/\/jundiai.sp.gov.br\/noticias\/wp-json\/wp\/v2\/media?parent=181006"}],"wp:term":[{"taxonomy":"category","embeddable":true,"href":"https:\/\/jundiai.sp.gov.br\/noticias\/wp-json\/wp\/v2\/categories?post=181006"},{"taxonomy":"post_tag","embeddable":true,"href":"https:\/\/jundiai.sp.gov.br\/noticias\/wp-json\/wp\/v2\/tags?post=181006"},{"taxonomy":"ods","embeddable":true,"href":"https:\/\/jundiai.sp.gov.br\/noticias\/wp-json\/wp\/v2\/ods?post=181006"}],"curies":[{"name":"wp","href":"https:\/\/api.w.org\/{rel}","templated":true}]}}