{"id":181028,"date":"2016-06-27T16:51:21","date_gmt":"2016-06-27T19:51:21","guid":{"rendered":"https:\/\/jundiai.sp.gov.br\/noticias\/?p=181028"},"modified":"2019-09-13T16:00:47","modified_gmt":"2019-09-13T19:00:47","slug":"praca-dos-andradas-vai-ser-entregue-com-festa-nesta-sexta-1o","status":"publish","type":"post","link":"https:\/\/jundiai.sp.gov.br\/noticias\/2016\/06\/27\/praca-dos-andradas-vai-ser-entregue-com-festa-nesta-sexta-1o\/","title":{"rendered":"Pra\u00e7a dos Andradas vai ser entregue nesta sexta (1\u00ba)"},"content":{"rendered":"<p>A pra\u00e7a dos Andradas vai ser entregue com reformas nesta sexta-feira (1\u00ba) e vai ganhar refor\u00e7os de gastronomia e artesanato, ao lado das atra\u00e7\u00f5es musicais. De acordo com a Secretaria de Agricultura, Abastecimento e Turismo, o tamanho diferenciado da pra\u00e7a vai contar com um grupo menor de participantes em rela\u00e7\u00e3o ao projeto Sexta no Centro, que volta em 8 de julho, no Largo da Matriz, mas ainda assim a culin\u00e1ria vai estar presente, como ocorreu na entrega da <a href=\"https:\/\/jundiai.sp.gov.br\/noticias\/2016\/04\/30\/moradores-aprovam-revitalizacao-da-praca-do-vianelo\/\">pra\u00e7a Francisco Pessolano, no bairro do Vianelo, em abril<\/a>.<\/p>\n<p>\u201cO convite para o evento, a partir das <strong>18h, vale para toda a cidade, mas \u00e9 principalmente voltado aos moradores, comerciantes e frequentadores desse trecho da regi\u00e3o central<\/strong>\u201d, afirma a secret\u00e1ria de Agricultura, Abastecimento e Turismo, Val\u00e9ria Silveira de Oliveira.<\/p>\n<p><strong>LEIA TAMB\u00c9M<\/strong><br \/>\n<a href=\"https:\/\/jundiai.sp.gov.br\/noticias\/2016\/06\/27\/feiras-e-varejoes-tem-monitoramento-semanal\/\">Feiras e varej\u00f5es t\u00eam monitoramento semanal<\/a><br \/>\n<a href=\"https:\/\/jundiai.sp.gov.br\/noticias\/2016\/06\/22\/jundiai-e-confirmada-como-municipio-de-interesse-turistico\/\">Jundia\u00ed \u00e9 confirmada como \u2018Interesse Tur\u00edstico\u2019<\/a><br \/>\n<a href=\"https:\/\/jundiai.sp.gov.br\/noticias\/2016\/06\/24\/trem-turistico-reabre-vagas-entre-sao-paulo-e-jundiai\/\">Trem tur\u00edstico reabre vagas entre S\u00e3o Paulo e Jundia\u00ed<\/a><br \/>\n<a href=\"https:\/\/jundiai.sp.gov.br\/noticias\/2016\/06\/27\/mika-soul-e-batuca-rock-agitam-entrega-da-praca-dos-andradas-na-sexta-feira-1o\/\">\u2018Mika Soul\u2019 e \u2018Batuca Rock\u2019 agitam entrega da Pra\u00e7a dos Andradas na sexta-feira (1\u00ba)<\/a><\/p>\n<div id=\"attachment_181031\" style=\"width: 730px\" class=\"wp-caption aligncenter\"><a href=\"https:\/\/jundiai.sp.gov.br\/noticias\/wp-content\/uploads\/sites\/32\/2016\/06\/praca_vianelo_D4G.jpg\" rel=\"attachment wp-att-181031\"><img loading=\"lazy\" decoding=\"async\" aria-describedby=\"caption-attachment-181031\" class=\"size-large wp-image-181031\" src=\"https:\/\/jundiai.sp.gov.br\/noticias\/wp-content\/uploads\/sites\/32\/2016\/06\/praca_vianelo_D4G-720x455.jpg\" alt=\"Evento vai repetir festa de entrega da pra\u00e7a do Vianelo\" width=\"720\" height=\"455\" srcset=\"https:\/\/jundiai.sp.gov.br\/noticias\/wp-content\/uploads\/sites\/32\/2016\/06\/praca_vianelo_D4G-720x455.jpg 720w, https:\/\/jundiai.sp.gov.br\/noticias\/wp-content\/uploads\/sites\/32\/2016\/06\/praca_vianelo_D4G-300x189.jpg 300w, https:\/\/jundiai.sp.gov.br\/noticias\/wp-content\/uploads\/sites\/32\/2016\/06\/praca_vianelo_D4G-768x485.jpg 768w, https:\/\/jundiai.sp.gov.br\/noticias\/wp-content\/uploads\/sites\/32\/2016\/06\/praca_vianelo_D4G.jpg 1240w\" sizes=\"auto, (max-width: 720px) 100vw, 720px\" \/><\/a><p id=\"caption-attachment-181031\" class=\"wp-caption-text\">Evento vai repetir festa de entrega da pra\u00e7a do Vianelo<\/p><\/div>\n<p>V\u00e3o ser\u00a0<strong>cinco bancas de gastronomia<\/strong> ligadas ao <strong>programa <a href=\"https:\/\/jundiai.sp.gov.br\/agricultura-e-abastecimento\/abastecimento\/varejoes-noturnos\/\">Varej\u00e3o Noturno<\/a><\/strong> e <strong>dez bancas de artesanato do programa <a href=\"http:\/\/turismo.jundiai.sp.gov.br\/atrativos\/artesanato-jundiai-feito-a-mao\/\" target=\"_blank\" rel=\"noopener noreferrer\">Jundia\u00ed Feito \u00e0 M\u00e3o<\/a><\/strong>. A pra\u00e7a tamb\u00e9m vai receber a m\u00fasica dos <strong>grupos &#8220;Batuca Rock&#8221; e &#8220;Mika Soul&#8221;<\/strong>, em iniciativa da <a href=\"http:\/\/cultura.jundiai.sp.gov.br\/\" target=\"_blank\" rel=\"noopener noreferrer\">Secretaria de Cultura<\/a>.<\/p>\n<p>A pra\u00e7a dos Andradas, entre as ruas Senador Fonseca, Anchieta e Boaventura Mendes Pereira, era <a href=\"https:\/\/jundiai.sp.gov.br\/noticias\/2015\/07\/07\/praca-dos-andradas-recebe-oficina-colaborativa\/\">um dos largos originais da cidade colonial no s\u00e9culo 17<\/a>. Seu pr\u00e9dio central abrigou, entre outras coisas, um posto de puericultura, refer\u00eancia para a sa\u00fade infantil da comunidade urbana e rural no s\u00e9culo 20.<\/p>\n<p>A<strong> reforma do pr\u00e9dio e da pra\u00e7a foi implementada pela Prefeitura<\/strong> com o envolvimento da Secretaria de Servi\u00e7os P\u00fablicos, da Secretaria de Obras, da Secretaria de Planejamento e Meio Ambiente e da Secretaria de Esportes e Lazer, al\u00e9m do Gabinete de Gest\u00e3o Integrada.<strong> A reforma do pr\u00e9dio foi uma contrapartida de Estudo de Impacto de Vizinhan\u00e7a (EIV)<\/strong> da empresa TZH Empreendimentos e Participa\u00e7\u00f5es Ltda.<\/p>\n<div id=\"attachment_181034\" style=\"width: 410px\" class=\"wp-caption alignright\"><a href=\"https:\/\/jundiai.sp.gov.br\/noticias\/wp-content\/uploads\/sites\/32\/2016\/06\/praca_vianelo_D21G.jpg\" rel=\"attachment wp-att-181034\"><img loading=\"lazy\" decoding=\"async\" aria-describedby=\"caption-attachment-181034\" class=\"size-large wp-image-181034\" src=\"https:\/\/jundiai.sp.gov.br\/noticias\/wp-content\/uploads\/sites\/32\/2016\/06\/praca_vianelo_D21G-720x480.jpg\" alt=\"Conv\u00edvio vai ser ponto alto de uma das pra\u00e7as hist\u00f3ricas do Centro\" width=\"400\" height=\"350\" \/><\/a><p id=\"caption-attachment-181034\" class=\"wp-caption-text\">Conv\u00edvio vai ser ponto alto de uma das pra\u00e7as hist\u00f3ricas do Centro<\/p><\/div>\n<p>O local tamb\u00e9m foi alvo, em 2015, de uma das atividades do projeto-piloto Urbanismo Caminh\u00e1vel, da Secretaria de Planejamento e Meio Ambiente, que apontou a <strong>vitalidade de seu entorno<\/strong> com moradores, caf\u00e9s, escolas, que j\u00e1 abrigaram grupos teatrais hist\u00f3ricos da cidade, lojas alternativas, restaurante vegetariano e outros aspectos.<\/p>\n<p>Al\u00e9m de tudo isso, a pra\u00e7a dos Andradas fica<strong> pr\u00f3xima ao Terminal Central e da principal liga\u00e7\u00e3o entre a avenida Nove de Julho, a Avenida Jundia\u00ed, o Centro Hist\u00f3rico e a avenida Uni\u00e3o dos Ferrovi\u00e1rios, sendo refer\u00eancia para pedestres ou ve\u00edculos<\/strong>.<\/p>\n<p>\u201cUm lado importante desses eventos \u00e9 que <strong>valorizam n\u00e3o apenas os lugares de Jundia\u00ed, mas tamb\u00e9m seus artistas, seus cozinheiros e seus artes\u00e3os<\/strong>\u201d, destaca Val\u00e9ria.<\/p>\n<p><strong>Tanto a pra\u00e7a quanto o pr\u00e9dio fazem parte do Invent\u00e1rio de Prote\u00e7\u00e3o do Patrim\u00f4nio Art\u00edstico e Cultural de Jundia\u00ed (IPPAC), que integra o portal do Patrim\u00f4nio Hist\u00f3rico de Jundia\u00ed.<\/strong><\/p>\n<p><strong><em>Jos\u00e9 Arnaldo de Oliveira<br \/>\nFotos: Dorival Pinheiro Filho<\/em><\/strong><\/p>\n","protected":false},"excerpt":{"rendered":"<p>Gastronomia do Varej\u00e3o Noturno, artesanato do Jundia\u00ed feito \u00e0 m\u00e3o e apresenta\u00e7\u00f5es musicais come\u00e7am \u00e0s 18h<\/p>\n","protected":false},"author":14,"featured_media":147150,"comment_status":"closed","ping_status":"closed","sticky":false,"template":"","format":"standard","meta":{"footnotes":""},"categories":[2],"tags":[41,29,35,695,250,817,293,347,800,32,341,320],"ods":[],"class_list":["post-181028","post","type-post","status-publish","format-standard","has-post-thumbnail","hentry","category-noticias","tag-agricultura-abastecimento-e-turismo","tag-cultura","tag-esporte-e-lazer","tag-estudo-de-impacto-de-vizinhanca-eiv","tag-gabinete-de-gestao-integrada-municipal-ggim","tag-gastronomia","tag-jundiai-feito-a-mao","tag-obras","tag-patrimonio-historico-e-cultural","tag-planejamento-e-meio-ambiente","tag-servicos-publicos","tag-varejao-noturno"],"_links":{"self":[{"href":"https:\/\/jundiai.sp.gov.br\/noticias\/wp-json\/wp\/v2\/posts\/181028","targetHints":{"allow":["GET"]}}],"collection":[{"href":"https:\/\/jundiai.sp.gov.br\/noticias\/wp-json\/wp\/v2\/posts"}],"about":[{"href":"https:\/\/jundiai.sp.gov.br\/noticias\/wp-json\/wp\/v2\/types\/post"}],"author":[{"embeddable":true,"href":"https:\/\/jundiai.sp.gov.br\/noticias\/wp-json\/wp\/v2\/users\/14"}],"replies":[{"embeddable":true,"href":"https:\/\/jundiai.sp.gov.br\/noticias\/wp-json\/wp\/v2\/comments?post=181028"}],"version-history":[{"count":13,"href":"https:\/\/jundiai.sp.gov.br\/noticias\/wp-json\/wp\/v2\/posts\/181028\/revisions"}],"predecessor-version":[{"id":234155,"href":"https:\/\/jundiai.sp.gov.br\/noticias\/wp-json\/wp\/v2\/posts\/181028\/revisions\/234155"}],"wp:featuredmedia":[{"embeddable":true,"href":"https:\/\/jundiai.sp.gov.br\/noticias\/wp-json\/wp\/v2\/media\/147150"}],"wp:attachment":[{"href":"https:\/\/jundiai.sp.gov.br\/noticias\/wp-json\/wp\/v2\/media?parent=181028"}],"wp:term":[{"taxonomy":"category","embeddable":true,"href":"https:\/\/jundiai.sp.gov.br\/noticias\/wp-json\/wp\/v2\/categories?post=181028"},{"taxonomy":"post_tag","embeddable":true,"href":"https:\/\/jundiai.sp.gov.br\/noticias\/wp-json\/wp\/v2\/tags?post=181028"},{"taxonomy":"ods","embeddable":true,"href":"https:\/\/jundiai.sp.gov.br\/noticias\/wp-json\/wp\/v2\/ods?post=181028"}],"curies":[{"name":"wp","href":"https:\/\/api.w.org\/{rel}","templated":true}]}}