{"id":181112,"date":"2016-06-28T16:22:12","date_gmt":"2016-06-28T19:22:12","guid":{"rendered":"https:\/\/jundiai.sp.gov.br\/noticias\/?p=181112"},"modified":"2016-07-01T15:32:46","modified_gmt":"2016-07-01T18:32:46","slug":"confira-as-vagas-do-posto-de-atendimento-ao-trabalhador-desta-quarta-feira-29","status":"publish","type":"post","link":"https:\/\/jundiai.sp.gov.br\/noticias\/2016\/06\/28\/confira-as-vagas-do-posto-de-atendimento-ao-trabalhador-desta-quarta-feira-29\/","title":{"rendered":"Confira as vagas do Posto de Atendimento ao Trabalhador desta quarta-feira (29)"},"content":{"rendered":"<p><strong>O Posto de Atendimento ao Trabalhador (PAT) tem vagas abertas para esta quarta-feira (29). Os interessados devem comparecer \u00e0 rua Zacarias de Goes, 530 \u2013 Centro. O atendimento \u00e9 de segunda a sexta-feira, das 8h \u00e0s 16h30. \u00c9 necess\u00e1rio levar RG, CPF, carteira de trabalho, PIS ou cart\u00e3o do cidad\u00e3o.<\/strong><\/p>\n<p>O PAT informa que durante toda a semana poder\u00e1 haver altera\u00e7\u00e3o no quadro de vagas, pois essas podem ser preenchidas a qualquer momento e outras s\u00e3o disponibilizadas. Informa ainda que algumas vagas contam com requisitos solicitados pelas empresas.<\/p>\n<ul>\n<li><b><i><u>Cozinheiro Industrial<\/u><\/i><\/b><i> &#8211;\u00a0<\/i><i>\u00a0somente candidatos de Jundia\u00ed, Jarinu e Campo Limpo Paulista;<\/i><\/li>\n<li><em><span style=\"text-decoration: underline;\"><strong>Operador de m\u00e1quina de eletroeros\u00e3o<\/strong><\/span> &#8211;\u00a0somente candidatos de Jundia\u00ed , V\u00e1rzea Paulista\u00a0\u00a0e Campo Limpo Paulista;<\/em><\/li>\n<li><em><b><u>Preparador de torno autom\u00e1tico<\/u><\/b> &#8211;\u00a0somente candidatos de Jundia\u00ed , V\u00e1rzea Paulista\u00a0\u00a0e Campo Limpo Paulista;<\/em><\/li>\n<li><strong><em><u>Supervisor operacional<\/u><\/em><\/strong>\u00a0&#8211; <em>somente candidatos\u00a0com experi\u00eancia em terceirizadas (portaria,\u00a0limpeza e\u00a0jardinagem); \u00e9\u00a0necess\u00e1rio ter Carteira Nacional de Habilita\u00e7\u00e3o (CNH);<\/em><\/li>\n<li><b><i><u>Zelador<\/u> <\/i><\/b>\u00a0&#8211;\u00a0<em>somente candidatos de Jundia\u00ed.<\/em><\/li>\n<\/ul>\n<p><em><strong>Assessoria de Imprensa<\/strong><\/em><\/p>\n","protected":false},"excerpt":{"rendered":"<p>O PAT Jundia\u00ed fica na rua Zacarias de Goes, 530, Centro, e est\u00e1 aberto das 8h \u00e0s 16h30. Veja os documentos necess\u00e1rios e as instru\u00e7\u00f5es do local<\/p>\n","protected":false},"author":21,"featured_media":174427,"comment_status":"closed","ping_status":"closed","sticky":false,"template":"","format":"standard","meta":{"footnotes":""},"categories":[2],"tags":[365,480,187],"ods":[],"class_list":["post-181112","post","type-post","status-publish","format-standard","has-post-thumbnail","hentry","category-noticias","tag-desenvolvimento-economico-ciencia-e-tecnologia","tag-emprego","tag-posto-de-atendimento-ao-trabalhador-pat"],"_links":{"self":[{"href":"https:\/\/jundiai.sp.gov.br\/noticias\/wp-json\/wp\/v2\/posts\/181112","targetHints":{"allow":["GET"]}}],"collection":[{"href":"https:\/\/jundiai.sp.gov.br\/noticias\/wp-json\/wp\/v2\/posts"}],"about":[{"href":"https:\/\/jundiai.sp.gov.br\/noticias\/wp-json\/wp\/v2\/types\/post"}],"author":[{"embeddable":true,"href":"https:\/\/jundiai.sp.gov.br\/noticias\/wp-json\/wp\/v2\/users\/21"}],"replies":[{"embeddable":true,"href":"https:\/\/jundiai.sp.gov.br\/noticias\/wp-json\/wp\/v2\/comments?post=181112"}],"version-history":[{"count":4,"href":"https:\/\/jundiai.sp.gov.br\/noticias\/wp-json\/wp\/v2\/posts\/181112\/revisions"}],"predecessor-version":[{"id":181183,"href":"https:\/\/jundiai.sp.gov.br\/noticias\/wp-json\/wp\/v2\/posts\/181112\/revisions\/181183"}],"wp:featuredmedia":[{"embeddable":true,"href":"https:\/\/jundiai.sp.gov.br\/noticias\/wp-json\/wp\/v2\/media\/174427"}],"wp:attachment":[{"href":"https:\/\/jundiai.sp.gov.br\/noticias\/wp-json\/wp\/v2\/media?parent=181112"}],"wp:term":[{"taxonomy":"category","embeddable":true,"href":"https:\/\/jundiai.sp.gov.br\/noticias\/wp-json\/wp\/v2\/categories?post=181112"},{"taxonomy":"post_tag","embeddable":true,"href":"https:\/\/jundiai.sp.gov.br\/noticias\/wp-json\/wp\/v2\/tags?post=181112"},{"taxonomy":"ods","embeddable":true,"href":"https:\/\/jundiai.sp.gov.br\/noticias\/wp-json\/wp\/v2\/ods?post=181112"}],"curies":[{"name":"wp","href":"https:\/\/api.w.org\/{rel}","templated":true}]}}