{"id":181342,"date":"2016-07-01T12:32:57","date_gmt":"2016-07-01T15:32:57","guid":{"rendered":"https:\/\/jundiai.sp.gov.br\/noticias\/?p=181342"},"modified":"2016-07-01T15:40:37","modified_gmt":"2016-07-01T18:40:37","slug":"3a-semana-de-educacao-infantil-reune-16-mil-pessoas-em-cinco-dias","status":"publish","type":"post","link":"https:\/\/jundiai.sp.gov.br\/noticias\/2016\/07\/01\/3a-semana-de-educacao-infantil-reune-16-mil-pessoas-em-cinco-dias\/","title":{"rendered":"3\u00aa Semana de Educa\u00e7\u00e3o Infantil re\u00fane 1,6 mil pessoas em cinco dias"},"content":{"rendered":"<p><strong>A Secretaria de Educa\u00e7\u00e3o encerrou, nesta sexta-feira (1\u00ba), no Complexo Argos, a 3\u00aa Semana de Educa\u00e7\u00e3o Infantil. O evento teve como tema &#8220;Saberes Essenciais: Valorizando a expressividade infantil&#8221;.<\/strong><\/p>\n<p>A atividade reuniu, e<strong>m cinco dias, mais de 1,6 mil pessoas<\/strong>. Al\u00e9m dos <strong>profissionais da rede<\/strong>, participaram <strong>estudantes e educadores<\/strong> da regi\u00e3o. Ao todo, <strong>20 projetos<\/strong> desenvolvidos em escolas de zero a tr\u00eas anos foram apresentados e os participantes puderam conferir, em <strong>dez murais<\/strong>, experi\u00eancias implantadas nas creches municipais.<\/p>\n<div id=\"attachment_181343\" style=\"width: 730px\" class=\"wp-caption aligncenter\"><a href=\"https:\/\/jundiai.sp.gov.br\/noticias\/wp-content\/uploads\/sites\/32\/2016\/07\/Semana-da-Educacao-Infantil_c_88_G.jpg\" rel=\"attachment wp-att-181343\"><img loading=\"lazy\" decoding=\"async\" aria-describedby=\"caption-attachment-181343\" class=\"size-large wp-image-181343\" src=\"https:\/\/jundiai.sp.gov.br\/noticias\/wp-content\/uploads\/sites\/32\/2016\/07\/Semana-da-Educacao-Infantil_c_88_G-720x494.jpg\" alt=\"Palestras orientam sobre o tema &quot;Saberes essenciais: valorizando a expressividade infantil&quot;\" width=\"720\" height=\"494\" srcset=\"https:\/\/jundiai.sp.gov.br\/noticias\/wp-content\/uploads\/sites\/32\/2016\/07\/Semana-da-Educacao-Infantil_c_88_G-720x494.jpg 720w, https:\/\/jundiai.sp.gov.br\/noticias\/wp-content\/uploads\/sites\/32\/2016\/07\/Semana-da-Educacao-Infantil_c_88_G-300x206.jpg 300w, https:\/\/jundiai.sp.gov.br\/noticias\/wp-content\/uploads\/sites\/32\/2016\/07\/Semana-da-Educacao-Infantil_c_88_G-768x527.jpg 768w, https:\/\/jundiai.sp.gov.br\/noticias\/wp-content\/uploads\/sites\/32\/2016\/07\/Semana-da-Educacao-Infantil_c_88_G.jpg 1240w\" sizes=\"auto, (max-width: 720px) 100vw, 720px\" \/><\/a><p id=\"caption-attachment-181343\" class=\"wp-caption-text\">Palestras orientam sobre o tema &#8220;Saberes essenciais: valorizando a expressividade infantil&#8221;<\/p><\/div>\n<p>\u201cSocializei o projeto desenvolvido pela equipe da minha Emeb e assisti a <strong>19 apresenta\u00e7\u00f5es<\/strong>. Esses momentos foram muito ricos para o nosso crescimento. Fiz quest\u00e3o de participar todos os dias porque <strong>cada equipe trouxe uma situa\u00e7\u00e3o nova e queremos levar o que aprendemos para a escola, sempre inovando e levando novas ideias para a unidade<\/strong>\u201d, comentou a coordenadora pedag\u00f3gica da escola Angela Rinaldi, Maria Aparecida Rigonato.<\/p>\n<div id=\"attachment_181345\" style=\"width: 410px\" class=\"wp-caption alignright\"><a href=\"https:\/\/jundiai.sp.gov.br\/noticias\/wp-content\/uploads\/sites\/32\/2016\/07\/Semana-da-Educacao-Infantil_c_8_G.jpg\" rel=\"attachment wp-att-181345\"><img loading=\"lazy\" decoding=\"async\" aria-describedby=\"caption-attachment-181345\" class=\"size-large wp-image-181345\" src=\"https:\/\/jundiai.sp.gov.br\/noticias\/wp-content\/uploads\/sites\/32\/2016\/07\/Semana-da-Educacao-Infantil_c_8_G-720x525.jpg\" alt=\"Ao todo, 20 projetos desenvolvidos em escolas de zero a tr\u00eas anos\" width=\"400\" height=\"350\" \/><\/a><p id=\"caption-attachment-181345\" class=\"wp-caption-text\">Ao todo, 20 projetos desenvolvidos em escolas de zero a tr\u00eas anos<\/p><\/div>\n<p>Estudante de pedagogia, Carolina de Moraes, participou para conhecer o dia da dia das creches. \u201cEsse evento foi muito legal. Pude ver projetos bem interessantes. Eu n\u00e3o tinha no\u00e7\u00e3o de como era. Acredito que o conhecimento que adquiri vai me ajudar no futuro.\u201d<\/p>\n<p>Segundo a supervisora de Educa\u00e7\u00e3o Infantil 1 da Secretaria de Educa\u00e7\u00e3o, Angela Maria Roveri, a<strong> 3\u00aa Semana de Educa\u00e7\u00e3o Infantil cumpriu seus objetivos<\/strong>. \u201cAconteceu de fato a<strong> troca de ideias e experi\u00eancias<\/strong>, e n\u00e3o foram s\u00f3 os gestores, vieram agentes de desenvolvimento infantil, cozinheiros socializar as experi\u00eancias. Isso nos deixou muito satisfeitos. Al\u00e9m disso, nesta edi\u00e7\u00e3o, tivemos um grande n\u00famero de projetos inscritos e de participantes\u201d, comemora.<\/p>\n<p><strong><em>Roberta de S\u00e1<br \/>\nFotos: Cl\u00e9ber de Almeida<\/em><\/strong><\/p>\n","protected":false},"excerpt":{"rendered":"<p>A Secretaria de Educa\u00e7\u00e3o encerrou, nesta sexta-feira (1\u00ba), no Complexo Argos, a 3\u00aa Semana de Educa\u00e7\u00e3o Infantil. O evento teve como tema &#8220;Saberes Essenciais: Valorizando a expressividade infantil&#8221;. A atividade reuniu, em cinco dias, mais de 1,6 mil pessoas. Al\u00e9m dos profissionais da rede, participaram estudantes e educadores da regi\u00e3o. Ao todo, 20 projetos desenvolvidos [&hellip;]<\/p>\n","protected":false},"author":14,"featured_media":0,"comment_status":"closed","ping_status":"closed","sticky":false,"template":"","format":"standard","meta":{"footnotes":""},"categories":[2],"tags":[900,419,6],"ods":[],"class_list":["post-181342","post","type-post","status-publish","format-standard","hentry","category-noticias","tag-3a-semana-de-educacao-infantil","tag-complexo-argos","tag-educacao"],"_links":{"self":[{"href":"https:\/\/jundiai.sp.gov.br\/noticias\/wp-json\/wp\/v2\/posts\/181342","targetHints":{"allow":["GET"]}}],"collection":[{"href":"https:\/\/jundiai.sp.gov.br\/noticias\/wp-json\/wp\/v2\/posts"}],"about":[{"href":"https:\/\/jundiai.sp.gov.br\/noticias\/wp-json\/wp\/v2\/types\/post"}],"author":[{"embeddable":true,"href":"https:\/\/jundiai.sp.gov.br\/noticias\/wp-json\/wp\/v2\/users\/14"}],"replies":[{"embeddable":true,"href":"https:\/\/jundiai.sp.gov.br\/noticias\/wp-json\/wp\/v2\/comments?post=181342"}],"version-history":[{"count":6,"href":"https:\/\/jundiai.sp.gov.br\/noticias\/wp-json\/wp\/v2\/posts\/181342\/revisions"}],"predecessor-version":[{"id":181350,"href":"https:\/\/jundiai.sp.gov.br\/noticias\/wp-json\/wp\/v2\/posts\/181342\/revisions\/181350"}],"wp:attachment":[{"href":"https:\/\/jundiai.sp.gov.br\/noticias\/wp-json\/wp\/v2\/media?parent=181342"}],"wp:term":[{"taxonomy":"category","embeddable":true,"href":"https:\/\/jundiai.sp.gov.br\/noticias\/wp-json\/wp\/v2\/categories?post=181342"},{"taxonomy":"post_tag","embeddable":true,"href":"https:\/\/jundiai.sp.gov.br\/noticias\/wp-json\/wp\/v2\/tags?post=181342"},{"taxonomy":"ods","embeddable":true,"href":"https:\/\/jundiai.sp.gov.br\/noticias\/wp-json\/wp\/v2\/ods?post=181342"}],"curies":[{"name":"wp","href":"https:\/\/api.w.org\/{rel}","templated":true}]}}