{"id":183114,"date":"2016-07-02T12:45:52","date_gmt":"2016-07-02T15:45:52","guid":{"rendered":"https:\/\/jundiai.sp.gov.br\/noticias\/?p=183114"},"modified":"2016-07-12T14:45:03","modified_gmt":"2016-07-12T17:45:03","slug":"novo-horizonte-tem-segundo-ponto-de-entrega-de-entulho","status":"publish","type":"post","link":"https:\/\/jundiai.sp.gov.br\/noticias\/2016\/07\/02\/novo-horizonte-tem-segundo-ponto-de-entrega-de-entulho\/","title":{"rendered":"Novo Horizonte tem segundo Ponto de Entrega de Entulho"},"content":{"rendered":"<p><strong>O Novo Horizonte passou a ter, a partir deste s\u00e1bado (2), um novo Ponto de Entrega Volunt\u00e1ria de Entulho (PEV). A entrega foi durante a a\u00e7\u00e3o \u2018Eu Moro, eu Cuido\u2019, numa parceria da Prefeitura de Jundia\u00ed, o Coletivo Vetor Oeste e o grupo BRF. O bairro recebeu ainda plantio de mudas e limpeza.<\/strong><\/p>\n<p>Segundo o diretor da Secretaria de Servi\u00e7os P\u00fablicos, Lucas Aparecido Rodrigues, <strong>foram removidos 26 caminh\u00f5es de entulho do bairro. Al\u00e9m disso, foi feita a raspagem de guias e um espa\u00e7o na Estrada Municipal do Varj\u00e3o foi revitalizado<\/strong>. \u201cA ideia \u00e9 envolver os moradores para que eles saibam a import\u00e2ncia do cuidado com local onde vivem\u201d, comentou.<\/p>\n<p>O diretor ressaltou que a instala\u00e7\u00e3o do segundo Ponto de Entrega Volunt\u00e1ria nessa regi\u00e3o se deve ao fato de <strong>o bairro ter grande incid\u00eancia de descarte irregular de res\u00edduos<\/strong>. \u201c<strong>A ideia \u00e9 oferecer uma alternativa gratuita \u00e0 popula\u00e7\u00e3o para que o bairro esteja sempre limpo<\/strong>.\u201d<\/p>\n<div id=\"attachment_183116\" style=\"width: 730px\" class=\"wp-caption aligncenter\"><a href=\"https:\/\/jundiai.sp.gov.br\/noticias\/wp-content\/uploads\/sites\/32\/2016\/07\/Acao-Eu-Moro-Eu-Cuido-Vetor-Oeste_c_6_G.jpg\" rel=\"attachment wp-att-183116\"><img loading=\"lazy\" decoding=\"async\" aria-describedby=\"caption-attachment-183116\" class=\"size-large wp-image-183116\" src=\"https:\/\/jundiai.sp.gov.br\/noticias\/wp-content\/uploads\/sites\/32\/2016\/07\/Acao-Eu-Moro-Eu-Cuido-Vetor-Oeste_c_6_G-720x570.jpg\" alt=\"Menino planta uma muda na terra \" width=\"720\" height=\"570\" srcset=\"https:\/\/jundiai.sp.gov.br\/noticias\/wp-content\/uploads\/sites\/32\/2016\/07\/Acao-Eu-Moro-Eu-Cuido-Vetor-Oeste_c_6_G-720x570.jpg 720w, https:\/\/jundiai.sp.gov.br\/noticias\/wp-content\/uploads\/sites\/32\/2016\/07\/Acao-Eu-Moro-Eu-Cuido-Vetor-Oeste_c_6_G-300x238.jpg 300w, https:\/\/jundiai.sp.gov.br\/noticias\/wp-content\/uploads\/sites\/32\/2016\/07\/Acao-Eu-Moro-Eu-Cuido-Vetor-Oeste_c_6_G-768x608.jpg 768w, https:\/\/jundiai.sp.gov.br\/noticias\/wp-content\/uploads\/sites\/32\/2016\/07\/Acao-Eu-Moro-Eu-Cuido-Vetor-Oeste_c_6_G.jpg 1240w\" sizes=\"auto, (max-width: 720px) 100vw, 720px\" \/><\/a><p id=\"caption-attachment-183116\" class=\"wp-caption-text\">Crian\u00e7as plantaram mudas durante atividade<\/p><\/div>\n<p><strong>Os PEVs j\u00e1 s\u00e3o um caso de sucesso em Jundia\u00ed. Bairros como Almerinda Chaves, Residencial dos Cravos, Residencial Jundia\u00ed, Vista Alegre, Jardim Tarum\u00e3, Jardim Fepasa, Jardim Sorocabana e Balsan j\u00e1 contam com a novidade. S\u00f3 no primeiro m\u00eas de opera\u00e7\u00e3o, foram removidas dos Pontos de Entrega 129 ca\u00e7ambas com entulho. A ideia, segundo Lucas, \u00e9 ampliar a proposta para outras regi\u00f5es. Os pr\u00f3ximos bairros que contar\u00e3o com os espa\u00e7os para descarte ser\u00e3o Eloy Chaves e Jardim Tulipas.<\/strong><\/p>\n<p><strong>A\u00e7\u00e3o<\/strong><br \/>\nQuem mora no Jardim Novo Horizonte n\u00e3o escondeu a felicidade com a mobiliza\u00e7\u00e3o. \u201cMoro na regi\u00e3o h\u00e1 dez anos. Ver o bairro sendo cuidado, para mim, \u00e9 uma alegria. Fa\u00e7o quest\u00e3o de participar desse tipo de iniciativa\u201d, disse Elda Maria Ferreira da Silva.<\/p>\n<p>De acordo com uma das organizadoras do \u2018Eu Moro, Eu Cuido\u2019, Nilma Luzia da Silva Caldeira, do Coletivo Vetor Oeste, <strong>essa \u00e9 a segunda edi\u00e7\u00e3o do evento. Para ela, envolver a popula\u00e7\u00e3o na limpeza e conserva\u00e7\u00e3o do bairro \u00e9 fundamental<\/strong>. \u201cEssa participa\u00e7\u00e3o desperta a consci\u00eancia nas pessoas. O bairro, infelizmente, conta com descarte de entulho em diversos pontos. A ideia hoje \u00e9 de mostrar que precisamos cuidar n\u00e3o s\u00f3 do nosso quintal, mas da nossa rua, de toda a regi\u00e3o em que vivemos.\u201d<\/p>\n<div id=\"attachment_183117\" style=\"width: 410px\" class=\"wp-caption alignleft\"><a href=\"https:\/\/jundiai.sp.gov.br\/noticias\/wp-content\/uploads\/sites\/32\/2016\/07\/Acao-Eu-Moro-Eu-Cuido-Vetor-Oeste_c_31_G.jpg\" rel=\"attachment wp-att-183117\"><img loading=\"lazy\" decoding=\"async\" aria-describedby=\"caption-attachment-183117\" class=\"size-large wp-image-183117\" src=\"https:\/\/jundiai.sp.gov.br\/noticias\/wp-content\/uploads\/sites\/32\/2016\/07\/Acao-Eu-Moro-Eu-Cuido-Vetor-Oeste_c_31_G-720x510.jpg\" alt=\"Moradores fazem plantio de mudas \" width=\"400\" height=\"400\" \/><\/a><p id=\"caption-attachment-183117\" class=\"wp-caption-text\">Moradores se envolveram na a\u00e7\u00e3o<\/p><\/div>\n<p>O superintendente de log\u00edstica e coordenador do Comit\u00ea de Investimento Social da BRF, Eder Alves Miranda, destaca a iniciativa de o grupo apoiar a a\u00e7\u00e3o. Ele explica que <strong>diversas placas foram produzidas com frases de crian\u00e7as das escolas da regi\u00e3o falando da import\u00e2ncia da conserva\u00e7\u00e3o e limpeza<\/strong>.<\/p>\n<p>\u201cTodas ser\u00e3o instaladas na regi\u00e3o do Novo Horizonte. A proposta \u00e9 refor\u00e7ar que um bairro melhor depende de quem mora nele e do cuidado que as pessoas t\u00eam.\u201d<\/p>\n<p><strong>Servi\u00e7o<\/strong><br \/>\nO PEV Novo Horizonte-CDHU fica na Avenida Professora Danielle Louren\u00e7on, Novo Horizonte. O local recebe apenas entulho.<\/p>\n<p><em><strong>Luana Dias<br \/>\nFotos: Cleber de Almeida<\/strong><\/em><\/p>\n","protected":false},"excerpt":{"rendered":"<p>Foram removidos 26 caminh\u00f5es de entulho, raspagem de guias e melhoria em espa\u00e7o na Estrada do Varj\u00e3o<\/p>\n","protected":false},"author":10,"featured_media":183115,"comment_status":"closed","ping_status":"closed","sticky":false,"template":"","format":"standard","meta":{"footnotes":""},"categories":[2],"tags":[79,341],"ods":[],"class_list":["post-183114","post","type-post","status-publish","format-standard","has-post-thumbnail","hentry","category-noticias","tag-coletivo-vetor-oeste","tag-servicos-publicos"],"_links":{"self":[{"href":"https:\/\/jundiai.sp.gov.br\/noticias\/wp-json\/wp\/v2\/posts\/183114","targetHints":{"allow":["GET"]}}],"collection":[{"href":"https:\/\/jundiai.sp.gov.br\/noticias\/wp-json\/wp\/v2\/posts"}],"about":[{"href":"https:\/\/jundiai.sp.gov.br\/noticias\/wp-json\/wp\/v2\/types\/post"}],"author":[{"embeddable":true,"href":"https:\/\/jundiai.sp.gov.br\/noticias\/wp-json\/wp\/v2\/users\/10"}],"replies":[{"embeddable":true,"href":"https:\/\/jundiai.sp.gov.br\/noticias\/wp-json\/wp\/v2\/comments?post=183114"}],"version-history":[{"count":9,"href":"https:\/\/jundiai.sp.gov.br\/noticias\/wp-json\/wp\/v2\/posts\/183114\/revisions"}],"predecessor-version":[{"id":183461,"href":"https:\/\/jundiai.sp.gov.br\/noticias\/wp-json\/wp\/v2\/posts\/183114\/revisions\/183461"}],"wp:featuredmedia":[{"embeddable":true,"href":"https:\/\/jundiai.sp.gov.br\/noticias\/wp-json\/wp\/v2\/media\/183115"}],"wp:attachment":[{"href":"https:\/\/jundiai.sp.gov.br\/noticias\/wp-json\/wp\/v2\/media?parent=183114"}],"wp:term":[{"taxonomy":"category","embeddable":true,"href":"https:\/\/jundiai.sp.gov.br\/noticias\/wp-json\/wp\/v2\/categories?post=183114"},{"taxonomy":"post_tag","embeddable":true,"href":"https:\/\/jundiai.sp.gov.br\/noticias\/wp-json\/wp\/v2\/tags?post=183114"},{"taxonomy":"ods","embeddable":true,"href":"https:\/\/jundiai.sp.gov.br\/noticias\/wp-json\/wp\/v2\/ods?post=183114"}],"curies":[{"name":"wp","href":"https:\/\/api.w.org\/{rel}","templated":true}]}}