{"id":183229,"date":"2016-07-06T15:14:12","date_gmt":"2016-07-06T18:14:12","guid":{"rendered":"https:\/\/jundiai.sp.gov.br\/noticias\/?p=183229"},"modified":"2016-07-08T15:34:28","modified_gmt":"2016-07-08T18:34:28","slug":"estao-esgotadas-as-inscricoes-para-esporte-e-acao-ii-a-ser-realizado-no-domingo-17","status":"publish","type":"post","link":"https:\/\/jundiai.sp.gov.br\/noticias\/2016\/07\/06\/estao-esgotadas-as-inscricoes-para-esporte-e-acao-ii-a-ser-realizado-no-domingo-17\/","title":{"rendered":"Est\u00e3o esgotadas as inscri\u00e7\u00f5es para o &#8216;Esporte e A\u00e7\u00e3o II&#8217; do domingo (17)"},"content":{"rendered":"<p><strong>As inscri\u00e7\u00f5es para a corrida e caminhada do Esporte e A\u00e7\u00e3o II se esgotaram 12 horas ap\u00f3s a abertura online. O registro garantia o kit com camiseta, sacola, bon\u00e9 e barra de cereais, que v\u00e3o ser entregues no dia do evento. Quem n\u00e3o conseguiu se inscrever no site tamb\u00e9m pode participar normalmente da atividade, mas sem os brindes.<\/strong><\/p>\n<div id=\"attachment_183205\" style=\"width: 340px\" class=\"wp-caption alignleft\"><a href=\"https:\/\/jundiai.sp.gov.br\/noticias\/wp-content\/uploads\/sites\/32\/2016\/07\/esporteeacao_G_.jpg\" rel=\"attachment wp-att-183205\"><img loading=\"lazy\" decoding=\"async\" aria-describedby=\"caption-attachment-183205\" class=\"size-large wp-image-183205\" src=\"https:\/\/jundiai.sp.gov.br\/noticias\/wp-content\/uploads\/sites\/32\/2016\/07\/esporteeacao_G_-685x960.jpg\" alt=\"Programa\u00e7\u00e3o vai contar com atividades para todas as idades\" width=\"330\" height=\"370\" \/><\/a><p id=\"caption-attachment-183205\" class=\"wp-caption-text\">Programa\u00e7\u00e3o vai contar com atividades para todas as idades<\/p><\/div>\n<p>O evento, produzido pela Perfectto Projetos por meio da Lei Paulista de Incentivo ao Esporte (Lei n\u00ba 13.918), est\u00e1 marcado para o\u00a0<strong>domingo (17)<\/strong> no <a href=\"http:\/\/parquedacidade.jundiai.sp.gov.br\/\" target=\"_blank\">Parque da Cidade<\/a> e vai contar com diversas atividades para toda a popula\u00e7\u00e3o gratuitamente.<\/p>\n<p>A a\u00e7\u00e3o tem como objetivo <strong>incentivar a pr\u00e1tica esportiva como melhoria da qualidade de vida, sa\u00fade e lazer<\/strong>. V\u00e3o ser oferecidas tendas com profissionais especializados para <strong>aferi\u00e7\u00e3o de press\u00e3o arterial, avalia\u00e7\u00e3o f\u00edsica e nutricional, \u201cquick massage\u201d, al\u00e9m de aulas de ritmos, gin\u00e1stica localizada e zumba<\/strong>. Para as crian\u00e7as vai haver <strong>brinquedos infl\u00e1veis, pipoca e algod\u00e3o doce, al\u00e9m da corrida<\/strong>.<\/p>\n<p><strong>Acessibilidade<\/strong><br \/>\nPara a festa vai haver tamb\u00e9m <strong>transporte adaptado gratuito para pessoas com defici\u00eancia<\/strong>. Os interessados devem entrar em contato com a <strong>Coordenadoria dos Diretos da Pessoa com Defici\u00eancia, por meio do telefone 4589-8445<\/strong>, solicitando a reserva de vagas nas vans adaptadas. Cada cadeirante deve tamb\u00e9m informar a presen\u00e7a de um acompanhante.<\/p>\n<p><strong>Tarifa Social <\/strong><br \/>\nE para quem quiser economizar, no dia do evento os \u00f4nibus v\u00e3o cobrar a <strong>Tarifa Social<\/strong>, por apenas <strong>R$1,00<\/strong>. A linha que atende esse itiner\u00e1rio \u00e9 a <strong>578 Terminal Hortol\u00e2ndia \u2013 Jundia\u00ed Mirim via Parque Da Cidade<\/strong>.<\/p>\n<p><strong><em>Assessoria de Imprensa<\/em><\/strong><\/p>\n","protected":false},"excerpt":{"rendered":"<p>Quem n\u00e3o conseguiu se inscrever no site tamb\u00e9m pode participar normalmente da atividade no Parque da Cidade, mas sem os brindes<\/p>\n","protected":false},"author":14,"featured_media":183231,"comment_status":"closed","ping_status":"closed","sticky":false,"template":"","format":"standard","meta":{"footnotes":""},"categories":[2],"tags":[509,66,47,520,338],"ods":[],"class_list":["post-183229","post","type-post","status-publish","format-standard","has-post-thumbnail","hentry","category-noticias","tag-coordenadoria-dos-direitos-das-pessoas-com-deficiencia","tag-dae","tag-parque-da-cidade","tag-tarifa-de-onibus-social","tag-transportes"],"_links":{"self":[{"href":"https:\/\/jundiai.sp.gov.br\/noticias\/wp-json\/wp\/v2\/posts\/183229","targetHints":{"allow":["GET"]}}],"collection":[{"href":"https:\/\/jundiai.sp.gov.br\/noticias\/wp-json\/wp\/v2\/posts"}],"about":[{"href":"https:\/\/jundiai.sp.gov.br\/noticias\/wp-json\/wp\/v2\/types\/post"}],"author":[{"embeddable":true,"href":"https:\/\/jundiai.sp.gov.br\/noticias\/wp-json\/wp\/v2\/users\/14"}],"replies":[{"embeddable":true,"href":"https:\/\/jundiai.sp.gov.br\/noticias\/wp-json\/wp\/v2\/comments?post=183229"}],"version-history":[{"count":5,"href":"https:\/\/jundiai.sp.gov.br\/noticias\/wp-json\/wp\/v2\/posts\/183229\/revisions"}],"predecessor-version":[{"id":183361,"href":"https:\/\/jundiai.sp.gov.br\/noticias\/wp-json\/wp\/v2\/posts\/183229\/revisions\/183361"}],"wp:featuredmedia":[{"embeddable":true,"href":"https:\/\/jundiai.sp.gov.br\/noticias\/wp-json\/wp\/v2\/media\/183231"}],"wp:attachment":[{"href":"https:\/\/jundiai.sp.gov.br\/noticias\/wp-json\/wp\/v2\/media?parent=183229"}],"wp:term":[{"taxonomy":"category","embeddable":true,"href":"https:\/\/jundiai.sp.gov.br\/noticias\/wp-json\/wp\/v2\/categories?post=183229"},{"taxonomy":"post_tag","embeddable":true,"href":"https:\/\/jundiai.sp.gov.br\/noticias\/wp-json\/wp\/v2\/tags?post=183229"},{"taxonomy":"ods","embeddable":true,"href":"https:\/\/jundiai.sp.gov.br\/noticias\/wp-json\/wp\/v2\/ods?post=183229"}],"curies":[{"name":"wp","href":"https:\/\/api.w.org\/{rel}","templated":true}]}}