{"id":183367,"date":"2016-07-09T17:04:45","date_gmt":"2016-07-09T20:04:45","guid":{"rendered":"https:\/\/jundiai.sp.gov.br\/noticias\/?p=183367"},"modified":"2016-07-12T14:55:01","modified_gmt":"2016-07-12T17:55:01","slug":"feira-de-organicos-ganha-mais-uma-barraca-neste-domingo-10","status":"publish","type":"post","link":"https:\/\/jundiai.sp.gov.br\/noticias\/2016\/07\/09\/feira-de-organicos-ganha-mais-uma-barraca-neste-domingo-10\/","title":{"rendered":"Feira de Org\u00e2nicos da cidade ganha mais uma barraca neste domingo (10)"},"content":{"rendered":"<p><strong>A Feira de Org\u00e2nicos da Prefeitura passa a contar, a partir deste domingo (10), com mais uma barraca. Participante da Organiza\u00e7\u00e3o de Controle Social (OCS) Jundia\u00ed Org\u00e2nicos, o agricultor Paulo Fernando Alves \u00e9 o mais novo integrante da feira e vai comercializar hortali\u00e7as, conservas e geleias.<\/strong><\/p>\n<p>Esta vai ser a <strong>quinta barraca<\/strong> presente na feira, que come\u00e7ou a funcionar em 2013 com apenas duas barracas, mas rapidamente caiu no gosto da popula\u00e7\u00e3o. <strong>O crescimento, tanto de comercializa\u00e7\u00e3o quanto de consumidores, mostra que a demanda por produtos org\u00e2nicos continua aumentando cada vez mais<\/strong>.<\/p>\n<p>A feira funciona <strong>todos os domingos, das 7h \u00e0s 13h, na Monsenhor Doutor Arthur Ricci, no final da avenida Nove de Julho<\/strong>. O consumidor encontra <strong>hortali\u00e7as, legumes e frutas, al\u00e9m de produtos industrializados, como bebidas, gr\u00e3os derivados, molhos, ovos, latic\u00ednios, temperos, conservas e outros<\/strong>.<\/p>\n<div id=\"attachment_183368\" style=\"width: 730px\" class=\"wp-caption aligncenter\"><a href=\"https:\/\/jundiai.sp.gov.br\/noticias\/wp-content\/uploads\/sites\/32\/2016\/07\/feira_organica_A_10g.jpg\" rel=\"attachment wp-att-183368\"><img loading=\"lazy\" decoding=\"async\" aria-describedby=\"caption-attachment-183368\" class=\"size-large wp-image-183368\" src=\"https:\/\/jundiai.sp.gov.br\/noticias\/wp-content\/uploads\/sites\/32\/2016\/07\/feira_organica_A_10g-720x484.jpg\" alt=\"Feira de produtos org\u00e2nicos ganha novo produtor\" width=\"720\" height=\"484\" srcset=\"https:\/\/jundiai.sp.gov.br\/noticias\/wp-content\/uploads\/sites\/32\/2016\/07\/feira_organica_A_10g-720x484.jpg 720w, https:\/\/jundiai.sp.gov.br\/noticias\/wp-content\/uploads\/sites\/32\/2016\/07\/feira_organica_A_10g-300x202.jpg 300w, https:\/\/jundiai.sp.gov.br\/noticias\/wp-content\/uploads\/sites\/32\/2016\/07\/feira_organica_A_10g-768x516.jpg 768w, https:\/\/jundiai.sp.gov.br\/noticias\/wp-content\/uploads\/sites\/32\/2016\/07\/feira_organica_A_10g.jpg 1240w\" sizes=\"auto, (max-width: 720px) 100vw, 720px\" \/><\/a><p id=\"caption-attachment-183368\" class=\"wp-caption-text\">Feira de produtos org\u00e2nicos ganha novo produtor<\/p><\/div>\n<p><strong><em>Assessoria de Imprensa<br \/>\nFoto: Arquivo PMJ<\/em><\/strong><\/p>\n","protected":false},"excerpt":{"rendered":"<p>Das 7h \u00e0s 13h, a pra\u00e7a Monsenhor Doutor Arthur Ricci no final da avenida Nove de Julho com a Prefeito Luiz Latorre recebe a feira<\/p>\n","protected":false},"author":14,"featured_media":181110,"comment_status":"closed","ping_status":"closed","sticky":false,"template":"","format":"standard","meta":{"footnotes":""},"categories":[2],"tags":[41,723],"ods":[],"class_list":["post-183367","post","type-post","status-publish","format-standard","has-post-thumbnail","hentry","category-noticias","tag-agricultura-abastecimento-e-turismo","tag-feira-organica"],"_links":{"self":[{"href":"https:\/\/jundiai.sp.gov.br\/noticias\/wp-json\/wp\/v2\/posts\/183367","targetHints":{"allow":["GET"]}}],"collection":[{"href":"https:\/\/jundiai.sp.gov.br\/noticias\/wp-json\/wp\/v2\/posts"}],"about":[{"href":"https:\/\/jundiai.sp.gov.br\/noticias\/wp-json\/wp\/v2\/types\/post"}],"author":[{"embeddable":true,"href":"https:\/\/jundiai.sp.gov.br\/noticias\/wp-json\/wp\/v2\/users\/14"}],"replies":[{"embeddable":true,"href":"https:\/\/jundiai.sp.gov.br\/noticias\/wp-json\/wp\/v2\/comments?post=183367"}],"version-history":[{"count":7,"href":"https:\/\/jundiai.sp.gov.br\/noticias\/wp-json\/wp\/v2\/posts\/183367\/revisions"}],"predecessor-version":[{"id":183392,"href":"https:\/\/jundiai.sp.gov.br\/noticias\/wp-json\/wp\/v2\/posts\/183367\/revisions\/183392"}],"wp:featuredmedia":[{"embeddable":true,"href":"https:\/\/jundiai.sp.gov.br\/noticias\/wp-json\/wp\/v2\/media\/181110"}],"wp:attachment":[{"href":"https:\/\/jundiai.sp.gov.br\/noticias\/wp-json\/wp\/v2\/media?parent=183367"}],"wp:term":[{"taxonomy":"category","embeddable":true,"href":"https:\/\/jundiai.sp.gov.br\/noticias\/wp-json\/wp\/v2\/categories?post=183367"},{"taxonomy":"post_tag","embeddable":true,"href":"https:\/\/jundiai.sp.gov.br\/noticias\/wp-json\/wp\/v2\/tags?post=183367"},{"taxonomy":"ods","embeddable":true,"href":"https:\/\/jundiai.sp.gov.br\/noticias\/wp-json\/wp\/v2\/ods?post=183367"}],"curies":[{"name":"wp","href":"https:\/\/api.w.org\/{rel}","templated":true}]}}