{"id":183446,"date":"2016-07-12T14:54:53","date_gmt":"2016-07-12T17:54:53","guid":{"rendered":"https:\/\/jundiai.sp.gov.br\/noticias\/?p=183446"},"modified":"2016-07-13T16:55:41","modified_gmt":"2016-07-13T19:55:41","slug":"forum-de-politica-cultural-define-palestrante-neste-sabado-16-na-argos","status":"publish","type":"post","link":"https:\/\/jundiai.sp.gov.br\/noticias\/2016\/07\/12\/forum-de-politica-cultural-define-palestrante-neste-sabado-16-na-argos\/","title":{"rendered":"F\u00f3rum de Pol\u00edtica Cultural define palestrante neste s\u00e1bado (16)"},"content":{"rendered":"<p><strong>O F\u00f3rum de Pol\u00edtica Cultural vai contar com\u00a0a participa\u00e7\u00e3o do ex-secret\u00e1rio de pol\u00edtica cultural do Minist\u00e9rio da Cultura (MinC), Guilherme Varella, neste s\u00e1bado (16), a partir das 8h, na Sala Elis Regina, no Complexo Argos.<\/strong><\/p>\n<p><strong>LEIA TAMB\u00c9M<\/strong><br \/>\n<a href=\"https:\/\/jundiai.sp.gov.br\/noticias\/2016\/07\/11\/mostra-fotografica-2016-tem-inscricoes-prorrogadas-ate-31-de-agosto\/\">Mostra Fotogr\u00e1fica 2016 tem inscri\u00e7\u00f5es prorrogadas at\u00e9 31 de agosto<\/a><br \/>\n<a href=\"https:\/\/jundiai.sp.gov.br\/noticias\/2016\/07\/12\/festival-de-inverno-tem-jazz-e-canto-coral-no-solar-do-barao-e-na-pinacoteca\/\">\u2018Festival de Inverno\u2019 tem jazz e canto coral no Solar do Bar\u00e3o e na Pinacoteca<\/a><br \/>\n<a href=\"https:\/\/jundiai.sp.gov.br\/noticias\/2016\/07\/12\/oficinas-culturais-2016-tem-inscricoes-abertas-a-partir-desta-quinta-14\/\">\u2018Oficinas Culturais 2016\u2019 t\u00eam inscri\u00e7\u00f5es abertas a partir desta quinta-feira (14)<\/a><\/p>\n<div id=\"attachment_183448\" style=\"width: 410px\" class=\"wp-caption alignright\"><a href=\"https:\/\/jundiai.sp.gov.br\/noticias\/wp-content\/uploads\/sites\/32\/2016\/07\/Guilherme-Varella.png\" rel=\"attachment wp-att-183448\"><img loading=\"lazy\" decoding=\"async\" aria-describedby=\"caption-attachment-183448\" class=\"size-large wp-image-183448\" src=\"https:\/\/jundiai.sp.gov.br\/noticias\/wp-content\/uploads\/sites\/32\/2016\/07\/Guilherme-Varella-720x480.png\" alt=\"Guilherme Varella \u00e9 convidado para palestrar no F\u00f3rum de Pol\u00edtica Cultural\" width=\"400\" height=\"350\" \/><\/a><p id=\"caption-attachment-183448\" class=\"wp-caption-text\">Guilherme Varella \u00e9 convidado para palestrar no F\u00f3rum de Pol\u00edtica Cultural<\/p><\/div>\n<p>A palestra come\u00e7a \u00e0s <strong>10h<\/strong> e vai ter como objetivo <strong>aprofundar a discuss\u00e3o sobre o atual cen\u00e1rio das pol\u00edticas p\u00fablicas na \u00e1rea de cultura<\/strong>. Advogado, pesquisador e gestor cultural, Guilherme \u00e9 mestre em Direito pela Universidade de S\u00e3o Paulo.<\/p>\n<p>O palestrante \u00e9 autor do livro \u201cPlano Nacional de Cultura \u2013 direitos e pol\u00edticas culturais no Brasil\u201d (Azougue, 2014) e foi Chefe de Gabinete e Coordenador da Assessoria T\u00e9cnica da Secretaria Municipal de Cultura de S\u00e3o Paulo de 2013 a 2015. <strong>\u201cAs pol\u00edticas culturais s\u00f3 prosperam em um ambiente democr\u00e1tico, pois, somente nesse cen\u00e1rio, ser\u00e3o tratadas como ferramenta de emancipa\u00e7\u00e3o\u201d<\/strong>, afirma Varella.<\/p>\n<p>Na parte da tarde, o f\u00f3rum vai proporcionar a <strong>elei\u00e7\u00e3o do novo Conselho Municipal de Pol\u00edtica Cultural (CMPC)<\/strong>, com <strong><a href=\"https:\/\/jundiai.sp.gov.br\/noticias\/2016\/06\/20\/conselho-de-cultura-integrantes-da-sociedade-civil\/\">18 representantes<\/a> da sociedade civil e seus respectivos suplentes para o bi\u00eanio 2016-2018<\/strong>. As inscri\u00e7\u00f5es v\u00e3o at\u00e9 <strong>as 9h30 do s\u00e1bado (16) no local do evento, e na Diretoria de Teatro, at\u00e9 a sexta-feira, \u00e0s 17h, na Rua Bar\u00e3o, 202, no antigo Museu da Energia, ao lado do <a href=\"http:\/\/cultura.jundiai.sp.gov.br\/evento\/teatro-polytheama\/\" target=\"_blank\">Teatro Polytheama<\/a><\/strong>. <a href=\"https:\/\/docs.google.com\/a\/jundiai.sp.gov.br\/forms\/d\/e\/1FAIpQLSdvJAY721y5GSMZIKwC09OOGggyfB9T-PJT4XwPOsOcVFVzwQ\/viewform?c=0&amp;w=1\" target=\"_blank\">Ainda podem ser feitas online<\/a>.<\/p>\n<p><strong>O Complexo Argos fica na Rua Dr. Cavalcanti, 396, Vila Arens, Jundia\u00ed.<\/strong><\/p>\n<p><strong><em>Assessoria de Imprensa<br \/>\nFoto: Divulga\u00e7\u00e3o<\/em><\/strong><\/p>\n","protected":false},"excerpt":{"rendered":"<p>F\u00f3rum vai proporcionar a elei\u00e7\u00e3o do novo Conselho Municipal de Pol\u00edtica Cultural (CMPC), com 18 representantes e suplentes para o bi\u00eanio 2016-2018<\/p>\n","protected":false},"author":14,"featured_media":183459,"comment_status":"closed","ping_status":"closed","sticky":false,"template":"","format":"standard","meta":{"footnotes":""},"categories":[2],"tags":[419,600,29],"ods":[],"class_list":["post-183446","post","type-post","status-publish","format-standard","has-post-thumbnail","hentry","category-noticias","tag-complexo-argos","tag-conselho-de-cultura","tag-cultura"],"_links":{"self":[{"href":"https:\/\/jundiai.sp.gov.br\/noticias\/wp-json\/wp\/v2\/posts\/183446","targetHints":{"allow":["GET"]}}],"collection":[{"href":"https:\/\/jundiai.sp.gov.br\/noticias\/wp-json\/wp\/v2\/posts"}],"about":[{"href":"https:\/\/jundiai.sp.gov.br\/noticias\/wp-json\/wp\/v2\/types\/post"}],"author":[{"embeddable":true,"href":"https:\/\/jundiai.sp.gov.br\/noticias\/wp-json\/wp\/v2\/users\/14"}],"replies":[{"embeddable":true,"href":"https:\/\/jundiai.sp.gov.br\/noticias\/wp-json\/wp\/v2\/comments?post=183446"}],"version-history":[{"count":11,"href":"https:\/\/jundiai.sp.gov.br\/noticias\/wp-json\/wp\/v2\/posts\/183446\/revisions"}],"predecessor-version":[{"id":183564,"href":"https:\/\/jundiai.sp.gov.br\/noticias\/wp-json\/wp\/v2\/posts\/183446\/revisions\/183564"}],"wp:featuredmedia":[{"embeddable":true,"href":"https:\/\/jundiai.sp.gov.br\/noticias\/wp-json\/wp\/v2\/media\/183459"}],"wp:attachment":[{"href":"https:\/\/jundiai.sp.gov.br\/noticias\/wp-json\/wp\/v2\/media?parent=183446"}],"wp:term":[{"taxonomy":"category","embeddable":true,"href":"https:\/\/jundiai.sp.gov.br\/noticias\/wp-json\/wp\/v2\/categories?post=183446"},{"taxonomy":"post_tag","embeddable":true,"href":"https:\/\/jundiai.sp.gov.br\/noticias\/wp-json\/wp\/v2\/tags?post=183446"},{"taxonomy":"ods","embeddable":true,"href":"https:\/\/jundiai.sp.gov.br\/noticias\/wp-json\/wp\/v2\/ods?post=183446"}],"curies":[{"name":"wp","href":"https:\/\/api.w.org\/{rel}","templated":true}]}}