{"id":183576,"date":"2016-07-13T16:45:50","date_gmt":"2016-07-13T19:45:50","guid":{"rendered":"https:\/\/jundiai.sp.gov.br\/noticias\/?p=183576"},"modified":"2016-07-27T16:10:35","modified_gmt":"2016-07-27T19:10:35","slug":"semana-olimpica-comeca-nesta-quinta-feira-14-no-bolao","status":"publish","type":"post","link":"https:\/\/jundiai.sp.gov.br\/noticias\/2016\/07\/13\/semana-olimpica-comeca-nesta-quinta-feira-14-no-bolao\/","title":{"rendered":"Semana Ol\u00edmpica segue at\u00e9 esta quarta (20) no Bol\u00e3o"},"content":{"rendered":"<p><strong>A Semana Ol\u00edmpica continua\u00a0nesta quinta-feira (14) para crian\u00e7as e adolescentes no Complexo Poliesportivo Dr. Nicolino de Lucca, o Bol\u00e3o. No evento, que inclui tamb\u00e9m as escolinhas de inicia\u00e7\u00e3o ao esporte, v\u00e3o ser organizados festivais e competi\u00e7\u00f5es de diversas modalidades com intuito de incentivar a pr\u00e1tica esportiva e inflamar a esp\u00edrito ol\u00edmpico dias antes da <a href=\"https:\/\/jundiai.sp.gov.br\/noticias\/2016\/07\/12\/confira-o-trajeto-do-revezamento-da-tocha-olimpica-em-jundiai\/\">passagem da Tocha na cidade, na quinta-feira (21)<\/a>.<\/strong><\/p>\n<p>\u201cO maior objetivo \u00e9 <strong>conscientizar desde cedo nossos alunos<\/strong> sobre o que s\u00e3o realmente as Olimp\u00edadas, os significados dos s\u00edmbolos, inclusive a tocha que esse ano traz tanto do nosso Pa\u00eds. Vamos fazer uma simula\u00e7\u00e3o de como s\u00e3o os Jogos e dar a eles a teoria atrelada \u00e0 pratica\u201d, disse o secret\u00e1rio de Esportes e Lazer, Jo\u00e3o Guilherme Maffia.<\/p>\n<p><strong>LEIA TAMB\u00c9M<\/strong><br \/>\n<a href=\"https:\/\/jundiai.sp.gov.br\/noticias\/2016\/07\/13\/festival-municipal-de-ginastica-ritmica-agita-bolao\/\">Festival Municipal de Gin\u00e1stica R\u00edtmica agita Bol\u00e3o<\/a><br \/>\n<a href=\"https:\/\/jundiai.sp.gov.br\/noticias\/2016\/07\/12\/confira-o-trajeto-do-revezamento-da-tocha-olimpica-em-jundiai\/\">Tocha Ol\u00edmpica em Jundia\u00ed: confira trajeto do revezamento<\/a><\/p>\n<div id=\"attachment_183583\" style=\"width: 730px\" class=\"wp-caption aligncenter\"><a href=\"https:\/\/jundiai.sp.gov.br\/noticias\/wp-content\/uploads\/sites\/32\/2016\/07\/10057195506_5d7dd4ee08_b.jpg\" rel=\"attachment wp-att-183583\"><img loading=\"lazy\" decoding=\"async\" aria-describedby=\"caption-attachment-183583\" class=\"size-large wp-image-183583\" src=\"https:\/\/jundiai.sp.gov.br\/noticias\/wp-content\/uploads\/sites\/32\/2016\/07\/10057195506_5d7dd4ee08_b-720x470.jpg\" alt=\"Bol\u00e3o receber\u00e1 alunos da inicia\u00e7\u00e3o para Semana Ol\u00edmpica\" width=\"720\" height=\"470\" srcset=\"https:\/\/jundiai.sp.gov.br\/noticias\/wp-content\/uploads\/sites\/32\/2016\/07\/10057195506_5d7dd4ee08_b-720x470.jpg 720w, https:\/\/jundiai.sp.gov.br\/noticias\/wp-content\/uploads\/sites\/32\/2016\/07\/10057195506_5d7dd4ee08_b-300x196.jpg 300w, https:\/\/jundiai.sp.gov.br\/noticias\/wp-content\/uploads\/sites\/32\/2016\/07\/10057195506_5d7dd4ee08_b-768x501.jpg 768w, https:\/\/jundiai.sp.gov.br\/noticias\/wp-content\/uploads\/sites\/32\/2016\/07\/10057195506_5d7dd4ee08_b.jpg 1024w\" sizes=\"auto, (max-width: 720px) 100vw, 720px\" \/><\/a><p id=\"caption-attachment-183583\" class=\"wp-caption-text\">Bol\u00e3o receber\u00e1 alunos da inicia\u00e7\u00e3o para Semana Ol\u00edmpica<\/p><\/div>\n<p>Os torneios v\u00e3o ser disputados entres as <strong>equipes dos centros esportivos, integradas tamb\u00e9m por n\u00e3o-alunos<\/strong>. As atividades <strong>terminam na quarta-feira (20). O futebol \u00e9 a \u00fanica modalidade que n\u00e3o vai ser praticada no Bol\u00e3o. Confira a programa\u00e7\u00e3o:<\/strong><\/p>\n<p><strong>Quinta-feira (14)<\/strong><\/p>\n<ul>\n<li><em>V\u00f4lei, das 8h \u00e0s 12h no gin\u00e1sio interno e anexo;<\/em><\/li>\n<li><em>T\u00eanis, das 14h30 \u00e0s 16h30;<\/em><\/li>\n<\/ul>\n<p><strong>Sexta-feira (15)<\/strong><\/p>\n<ul>\n<li><em>V\u00f4lei, das 8h \u00e0s 12h no gin\u00e1sio anexo;<\/em><\/li>\n<li><em>Futsal, das 8h \u00e0s 12h no gin\u00e1sio interno;<\/em><\/li>\n<\/ul>\n<p><strong>Segunda-feira (18)<\/strong><\/p>\n<ul>\n<li><em>Futebol Masculino, das 7h30 \u00e0s 11h30 no Centro Esportivo Benedito de Lima \u2013 Retiro;<\/em><\/li>\n<li><em>T\u00eanis, das 8h \u00e0s 12h;<\/em><\/li>\n<\/ul>\n<p><strong>Ter\u00e7a-feira (19)<\/strong><\/p>\n<ul>\n<li><em>Peama &#8211; Bocha, das 8h30 \u00e0s 10h30;<\/em><\/li>\n<li><em>Nata\u00e7\u00e3o, das 8h \u00e0s 10h;<\/em><\/li>\n<li><em>Futebol Masculino, das 7h30 \u00e0s 11h30 nos centros esportivos Pedro Raymundo \u2013 Vila Rio Branco e Ov\u00eddio Bueno \u2013 Vila Liberdade;<\/em><\/li>\n<li><em>Futebol Feminino, das 14h \u00e0s 17h no Centro Esportivo Francisco Dal Santo \u2013 Vila Rami;<\/em><\/li>\n<li><em>Handebol Feminino, das 14h \u00e0s 16h30 no gin\u00e1sio anexo;<\/em><\/li>\n<li><em>T\u00eanis, das 13h30 \u00e0s 17h30;<\/em><\/li>\n<\/ul>\n<p><strong>Quarta-feira (20)<\/strong><\/p>\n<ul>\n<li><em>Peama\u00a0&#8211;\u00a0Atletismo, das 8h30 \u00e0s 10h30;<\/em><\/li>\n<li><em>T\u00eanis, das 8h \u00e0s 12h;<\/em><\/li>\n<li><em>Handebol Feminino, das 14h \u00e0s 16h30 no gin\u00e1sio anexo;<\/em><\/li>\n<li><em>T\u00eanis, das 13h30 \u00e0s 17h30.<\/em><\/li>\n<\/ul>\n<p><strong><em>Assessoria de Imprensa<br \/>\nFoto: Arquivo PMJ<\/em><\/strong><\/p>\n","protected":false},"excerpt":{"rendered":"<p>No evento v\u00e3o ser organizados festivais e competi\u00e7\u00f5es de diversas modalidades com intuito de incentivar o esporte<\/p>\n","protected":false},"author":14,"featured_media":183588,"comment_status":"closed","ping_status":"closed","sticky":false,"template":"","format":"standard","meta":{"footnotes":""},"categories":[2],"tags":[104,550,110,411,35,99,398,402,113,121,393,92,96,127,109],"ods":[],"class_list":["post-183576","post","type-post","status-publish","format-standard","has-post-thumbnail","hentry","category-noticias","tag-atletismo","tag-bocha","tag-bolao","tag-centro-esportivo","tag-esporte-e-lazer","tag-futebol","tag-futebol-feminino","tag-futebol-masculino","tag-futsal","tag-handebol","tag-handebol-feminino","tag-natacao","tag-programa-de-esportes-e-atividades-motoras-adaptadas-peama","tag-tenis","tag-volei"],"_links":{"self":[{"href":"https:\/\/jundiai.sp.gov.br\/noticias\/wp-json\/wp\/v2\/posts\/183576","targetHints":{"allow":["GET"]}}],"collection":[{"href":"https:\/\/jundiai.sp.gov.br\/noticias\/wp-json\/wp\/v2\/posts"}],"about":[{"href":"https:\/\/jundiai.sp.gov.br\/noticias\/wp-json\/wp\/v2\/types\/post"}],"author":[{"embeddable":true,"href":"https:\/\/jundiai.sp.gov.br\/noticias\/wp-json\/wp\/v2\/users\/14"}],"replies":[{"embeddable":true,"href":"https:\/\/jundiai.sp.gov.br\/noticias\/wp-json\/wp\/v2\/comments?post=183576"}],"version-history":[{"count":7,"href":"https:\/\/jundiai.sp.gov.br\/noticias\/wp-json\/wp\/v2\/posts\/183576\/revisions"}],"predecessor-version":[{"id":183628,"href":"https:\/\/jundiai.sp.gov.br\/noticias\/wp-json\/wp\/v2\/posts\/183576\/revisions\/183628"}],"wp:featuredmedia":[{"embeddable":true,"href":"https:\/\/jundiai.sp.gov.br\/noticias\/wp-json\/wp\/v2\/media\/183588"}],"wp:attachment":[{"href":"https:\/\/jundiai.sp.gov.br\/noticias\/wp-json\/wp\/v2\/media?parent=183576"}],"wp:term":[{"taxonomy":"category","embeddable":true,"href":"https:\/\/jundiai.sp.gov.br\/noticias\/wp-json\/wp\/v2\/categories?post=183576"},{"taxonomy":"post_tag","embeddable":true,"href":"https:\/\/jundiai.sp.gov.br\/noticias\/wp-json\/wp\/v2\/tags?post=183576"},{"taxonomy":"ods","embeddable":true,"href":"https:\/\/jundiai.sp.gov.br\/noticias\/wp-json\/wp\/v2\/ods?post=183576"}],"curies":[{"name":"wp","href":"https:\/\/api.w.org\/{rel}","templated":true}]}}