{"id":183815,"date":"2016-07-20T16:44:52","date_gmt":"2016-07-20T19:44:52","guid":{"rendered":"https:\/\/jundiai.sp.gov.br\/noticias\/?p=183815"},"modified":"2016-11-29T08:36:17","modified_gmt":"2016-11-29T10:36:17","slug":"edital-de-licitacao-do-brt-esta-na-imprensa-oficial","status":"publish","type":"post","link":"https:\/\/jundiai.sp.gov.br\/noticias\/2016\/07\/20\/edital-de-licitacao-do-brt-esta-na-imprensa-oficial\/","title":{"rendered":"Edital de licita\u00e7\u00e3o do BRT est\u00e1 na Imprensa Oficial"},"content":{"rendered":"<p><strong>A licita\u00e7\u00e3o para as obras de implanta\u00e7\u00e3o do BRT (corredor r\u00e1pido de \u00f4nibus), no trecho Col\u00f4nia \u2013 Centro, foi lan\u00e7ada nesta quarta-feira (20). O projeto foi apresentado no audit\u00f3rio do Pa\u00e7o Municipal para os interessados em participar da concorr\u00eancia.<\/strong><\/p>\n<p>O <a href=\"http:\/\/imprensaoficial.jundiai.sp.gov.br\/\" target=\"_blank\">edital est\u00e1 publicado na Imprensa Oficial<\/a> com o objetivo de<strong> contratar empresa especializada para execu\u00e7\u00e3o de servi\u00e7os t\u00e9cnicos de engenharia e arquitetura para a elabora\u00e7\u00e3o de Projetos Executivos, Realiza\u00e7\u00e3o das Obras e Implanta\u00e7\u00e3o de Sistema Inteligente de Transportes do Corredor BRT Col\u00f4nia \u2013 Centro<\/strong>.<\/p>\n<p><strong>O edital completo na \u00edntegra, com todos os anexos, est\u00e1 dispon\u00edvel no <a href=\"http:\/\/compraaberta.jundiai.sp.gov.br\/\" target=\"_blank\">site do Compra Aberta<\/a>.<\/strong><\/p>\n<div id=\"attachment_183816\" style=\"width: 730px\" class=\"wp-caption aligncenter\"><a href=\"https:\/\/jundiai.sp.gov.br\/noticias\/wp-content\/uploads\/sites\/32\/2016\/07\/Lancamento-BRT_D16.jpg\" rel=\"attachment wp-att-183816\"><img loading=\"lazy\" decoding=\"async\" aria-describedby=\"caption-attachment-183816\" class=\"size-large wp-image-183816\" src=\"https:\/\/jundiai.sp.gov.br\/noticias\/wp-content\/uploads\/sites\/32\/2016\/07\/Lancamento-BRT_D16-720x493.jpg\" alt=\"Folgozi apresenta projeto do BRT\" width=\"720\" height=\"493\" srcset=\"https:\/\/jundiai.sp.gov.br\/noticias\/wp-content\/uploads\/sites\/32\/2016\/07\/Lancamento-BRT_D16-720x493.jpg 720w, https:\/\/jundiai.sp.gov.br\/noticias\/wp-content\/uploads\/sites\/32\/2016\/07\/Lancamento-BRT_D16-300x205.jpg 300w, https:\/\/jundiai.sp.gov.br\/noticias\/wp-content\/uploads\/sites\/32\/2016\/07\/Lancamento-BRT_D16-768x526.jpg 768w, https:\/\/jundiai.sp.gov.br\/noticias\/wp-content\/uploads\/sites\/32\/2016\/07\/Lancamento-BRT_D16.jpg 1240w\" sizes=\"auto, (max-width: 720px) 100vw, 720px\" \/><\/a><p id=\"caption-attachment-183816\" class=\"wp-caption-text\">Folgozi apresenta projeto do BRT<\/p><\/div>\n<p>O tra\u00e7ado, de <strong>4,25 quil\u00f4metros, ligar\u00e1 o Terminal Col\u00f4nia (na regi\u00e3o Leste da cidade) ao Centro, na Pra\u00e7a Ruy Barbosa<\/strong>. A obra prev\u00ea a <strong>constru\u00e7\u00e3o de esta\u00e7\u00f5es<\/strong> (de embarque\/desembarque) e <strong>amplia\u00e7\u00e3o e reforma dos terminais Col\u00f4nia e Vila Arens<\/strong>. Entre as esta\u00e7\u00f5es est\u00e3o: <strong>Tamoio, Pacaembu, Am\u00e9rico Bruno, Vila Arens, Argos e Parque Guapeva<\/strong>.<\/p>\n<p>O projeto prev\u00ea tamb\u00e9m a<strong> constru\u00e7\u00e3o de uma ciclovia (3,5 quil\u00f4metros)<\/strong>, que vai acompanhar o corredor exclusivo para os \u00f4nibus at\u00e9 o viaduto Sperandio Pelliciari, que liga a Vila Arens \u00e0 Ponte S\u00e3o Jo\u00e3o, e depois seguir\u00e1 em dire\u00e7\u00e3o ao Terminal Vila Arens.<\/p>\n<p>\u201c<strong>O BRT junta a capacidade, velocidade e qualidade do metr\u00f4 com a flexibilidade, baixo custo e simplicidade do sistema convencional<\/strong>. O novo sistema proporcionar\u00e1 uma <strong>melhora significativa ao transporte coletivo da cidade, tanto em qualidade do servi\u00e7o, quanto em infraestrutura, conforto, seguran\u00e7a, agilidade e acessibilidade<\/strong>\u201d, frisa o secret\u00e1rio de Transportes, Wilson Folgozi.<\/p>\n<p><strong>O BRT <\/strong><br \/>\n<strong>Os corredores exclusivos com esta\u00e7\u00f5es apropriadas permitem o embarque e o desembarque com seguran\u00e7a e rapidez<\/strong>, j\u00e1 que o passageiro faz o pagamento da tarifa na pr\u00f3pria esta\u00e7\u00e3o e n\u00e3o no \u00f4nibus. Os <strong>corredores s\u00e3o segmentados<\/strong> e, em alguns trechos, permitem a ultrapassagem entres os \u00f4nibus, evitando paradas desnecess\u00e1rias.<\/p>\n<p><strong><em>Assessoria de Imprensa<br \/>\nFoto: Dorival Pinheiro Filho<\/em><\/strong><\/p>\n","protected":false},"excerpt":{"rendered":"<p>Tra\u00e7ado do corredor r\u00e1pido de \u00f4nibus de 4,25 quil\u00f4metros vai ligar o Terminal Col\u00f4nia ao Centro da cidade<\/p>\n","protected":false},"author":14,"featured_media":183822,"comment_status":"closed","ping_status":"closed","sticky":false,"template":"","format":"standard","meta":{"footnotes":""},"categories":[2],"tags":[821,338],"ods":[],"class_list":["post-183815","post","type-post","status-publish","format-standard","has-post-thumbnail","hentry","category-noticias","tag-transporte-rapido-por-onibus-brt","tag-transportes"],"_links":{"self":[{"href":"https:\/\/jundiai.sp.gov.br\/noticias\/wp-json\/wp\/v2\/posts\/183815","targetHints":{"allow":["GET"]}}],"collection":[{"href":"https:\/\/jundiai.sp.gov.br\/noticias\/wp-json\/wp\/v2\/posts"}],"about":[{"href":"https:\/\/jundiai.sp.gov.br\/noticias\/wp-json\/wp\/v2\/types\/post"}],"author":[{"embeddable":true,"href":"https:\/\/jundiai.sp.gov.br\/noticias\/wp-json\/wp\/v2\/users\/14"}],"replies":[{"embeddable":true,"href":"https:\/\/jundiai.sp.gov.br\/noticias\/wp-json\/wp\/v2\/comments?post=183815"}],"version-history":[{"count":4,"href":"https:\/\/jundiai.sp.gov.br\/noticias\/wp-json\/wp\/v2\/posts\/183815\/revisions"}],"predecessor-version":[{"id":190283,"href":"https:\/\/jundiai.sp.gov.br\/noticias\/wp-json\/wp\/v2\/posts\/183815\/revisions\/190283"}],"wp:featuredmedia":[{"embeddable":true,"href":"https:\/\/jundiai.sp.gov.br\/noticias\/wp-json\/wp\/v2\/media\/183822"}],"wp:attachment":[{"href":"https:\/\/jundiai.sp.gov.br\/noticias\/wp-json\/wp\/v2\/media?parent=183815"}],"wp:term":[{"taxonomy":"category","embeddable":true,"href":"https:\/\/jundiai.sp.gov.br\/noticias\/wp-json\/wp\/v2\/categories?post=183815"},{"taxonomy":"post_tag","embeddable":true,"href":"https:\/\/jundiai.sp.gov.br\/noticias\/wp-json\/wp\/v2\/tags?post=183815"},{"taxonomy":"ods","embeddable":true,"href":"https:\/\/jundiai.sp.gov.br\/noticias\/wp-json\/wp\/v2\/ods?post=183815"}],"curies":[{"name":"wp","href":"https:\/\/api.w.org\/{rel}","templated":true}]}}