{"id":184164,"date":"2016-07-24T19:18:12","date_gmt":"2016-07-24T22:18:12","guid":{"rendered":"https:\/\/jundiai.sp.gov.br\/noticias\/?p=184164"},"modified":"2016-07-24T19:18:53","modified_gmt":"2016-07-24T22:18:53","slug":"gol-nos-acrescimos-decreta-derrota-do-paulista-na-estreia","status":"publish","type":"post","link":"https:\/\/jundiai.sp.gov.br\/noticias\/2016\/07\/24\/gol-nos-acrescimos-decreta-derrota-do-paulista-na-estreia\/","title":{"rendered":"Gol nos acr\u00e9scimos decreta derrota do Paulista na estreia nos Regionais"},"content":{"rendered":"<p><strong>Jundia\u00ed, representada por atletas das categorias Sub-17 e Sub-20 do Paulista, perdeu na estreia da competi\u00e7\u00e3o de futebol de campo dos Jogos Regionais por 1 a 0 diante de Alum\u00ednio.<\/strong><\/p>\n<p>O jogo foi neste <strong>domingo (24) pela manh\u00e3<\/strong> no campo Centro Esportivo Paineiras. N<strong>esta segunda-feira (25), \u00e0s 9h, Jundia\u00ed enfrenta Salto com a obriga\u00e7\u00e3o de vencer<\/strong>. O advers\u00e1rio venceu Itapeva neste domingo por 2 a 0.<\/p>\n<p><a href=\"https:\/\/jundiai.sp.gov.br\/noticias\/tag\/jogos-regionais-avare-2016\/\">LEIA MAIS SOBRE OS JOGOS REGIONAIS DE AVAR\u00c9 2016<\/a><\/p>\n<div id=\"attachment_184165\" style=\"width: 410px\" class=\"wp-caption alignright\"><a href=\"https:\/\/jundiai.sp.gov.br\/noticias\/wp-content\/uploads\/sites\/32\/2016\/07\/futebol-jund-aluminio.jpg\" rel=\"attachment wp-att-184165\"><img loading=\"lazy\" decoding=\"async\" aria-describedby=\"caption-attachment-184165\" class=\"size-large wp-image-184165\" src=\"https:\/\/jundiai.sp.gov.br\/noticias\/wp-content\/uploads\/sites\/32\/2016\/07\/futebol-jund-aluminio-720x464.jpg\" alt=\"Equipe de futebol masculino de Jundia\u00ed perde no finalzinho da partida contra Alum\u00ednio\" width=\"400\" height=\"350\" \/><\/a><p id=\"caption-attachment-184165\" class=\"wp-caption-text\">Equipe de futebol masculino de Jundia\u00ed perde no finalzinho da partida contra Alum\u00ednio<\/p><\/div>\n<p>O time jundiaiense, comandando pelo t\u00e9cnico Hon\u00f3rio Rufino Neto, o Netinho, foi <strong>bem melhor que o advers\u00e1rio ao longo dos dois tempos, mas foi castigado nos acr\u00e9scimos<\/strong>. O lance do gol de Alum\u00ednio, formado por atletas de futsal e alguns outros contratados de outras cidades, teve in\u00edcio no ataque de Jundia\u00ed.<\/p>\n<p>A bola foi roubada e, num r\u00e1pido contragolpe, <strong>Alum\u00ednio chegou ao gol da vit\u00f3ria aos 33 minutos da fase complementar<\/strong>. <strong>Cada tempo nos Regionais \u00e9 de 30 minutos<\/strong>. \u201cFoi uma derrota inesperada porque t\u00ednhamos mais time, mas futebol \u00e9 assim mesmo. Criamos v\u00e1rias oportunidades de gol e n\u00e3o fizemos. Acabamos castigados no final\u201d, comentou o coordenador, Mois\u00e9s Nunes.<\/p>\n<p>Jundia\u00ed jogou com Eduardo, Zunquinha (Clay), J\u00e9ferson, Robert, Matheus, Victor (Cristiano), Carlinhos, Mois\u00e9s Maur\u00edlio, Matheus Crici\u00fama (Rog\u00e9rio) e Maranh\u00e3o (Giovanni).<\/p>\n<p><strong><em>Assessoria de Imprensa<br \/>\nFoto: Fot\u00f3grafos PMJ<\/em><\/strong><\/p>\n","protected":false},"excerpt":{"rendered":"<p>Jundia\u00ed, representada por atletas das categorias Sub-17 e Sub-20 do Paulista, perdeu na estreia da competi\u00e7\u00e3o de futebol de campo dos Jogos Regionais por 1 a 0 diante de Alum\u00ednio. O jogo foi neste domingo (24) pela manh\u00e3 no campo Centro Esportivo Paineiras. Nesta segunda-feira (25), \u00e0s 9h, Jundia\u00ed enfrenta Salto com a obriga\u00e7\u00e3o de [&hellip;]<\/p>\n","protected":false},"author":14,"featured_media":0,"comment_status":"closed","ping_status":"closed","sticky":false,"template":"","format":"standard","meta":{"footnotes":""},"categories":[2],"tags":[35,99,402,610,907,202],"ods":[],"class_list":["post-184164","post","type-post","status-publish","format-standard","hentry","category-noticias","tag-esporte-e-lazer","tag-futebol","tag-futebol-masculino","tag-jogos-regionais","tag-jogos-regionais-avare-2016","tag-paulista-futebol-clube"],"_links":{"self":[{"href":"https:\/\/jundiai.sp.gov.br\/noticias\/wp-json\/wp\/v2\/posts\/184164","targetHints":{"allow":["GET"]}}],"collection":[{"href":"https:\/\/jundiai.sp.gov.br\/noticias\/wp-json\/wp\/v2\/posts"}],"about":[{"href":"https:\/\/jundiai.sp.gov.br\/noticias\/wp-json\/wp\/v2\/types\/post"}],"author":[{"embeddable":true,"href":"https:\/\/jundiai.sp.gov.br\/noticias\/wp-json\/wp\/v2\/users\/14"}],"replies":[{"embeddable":true,"href":"https:\/\/jundiai.sp.gov.br\/noticias\/wp-json\/wp\/v2\/comments?post=184164"}],"version-history":[{"count":3,"href":"https:\/\/jundiai.sp.gov.br\/noticias\/wp-json\/wp\/v2\/posts\/184164\/revisions"}],"predecessor-version":[{"id":184168,"href":"https:\/\/jundiai.sp.gov.br\/noticias\/wp-json\/wp\/v2\/posts\/184164\/revisions\/184168"}],"wp:attachment":[{"href":"https:\/\/jundiai.sp.gov.br\/noticias\/wp-json\/wp\/v2\/media?parent=184164"}],"wp:term":[{"taxonomy":"category","embeddable":true,"href":"https:\/\/jundiai.sp.gov.br\/noticias\/wp-json\/wp\/v2\/categories?post=184164"},{"taxonomy":"post_tag","embeddable":true,"href":"https:\/\/jundiai.sp.gov.br\/noticias\/wp-json\/wp\/v2\/tags?post=184164"},{"taxonomy":"ods","embeddable":true,"href":"https:\/\/jundiai.sp.gov.br\/noticias\/wp-json\/wp\/v2\/ods?post=184164"}],"curies":[{"name":"wp","href":"https:\/\/api.w.org\/{rel}","templated":true}]}}