{"id":184235,"date":"2016-07-25T17:56:58","date_gmt":"2016-07-25T20:56:58","guid":{"rendered":"https:\/\/jundiai.sp.gov.br\/noticias\/?p=184235"},"modified":"2016-07-25T17:57:28","modified_gmt":"2016-07-25T20:57:28","slug":"jogos-regionais-na-malha-jundiai-traz-a-prata","status":"publish","type":"post","link":"https:\/\/jundiai.sp.gov.br\/noticias\/2016\/07\/25\/jogos-regionais-na-malha-jundiai-traz-a-prata\/","title":{"rendered":"Jogos Regionais: Jundia\u00ed traz a prata na malha"},"content":{"rendered":"<p><strong>Jundia\u00ed levou medalha de prata com a equipe masculina de malha, que perdeu a final por 26\u00d736 para Sorocaba.<\/strong><\/p>\n<p><a href=\"https:\/\/jundiai.sp.gov.br\/noticias\/tag\/jogos-regionais-avare-2016\/\">LEIA MAIS SOBRE OS JOGOS REGIONAIS DE AVAR\u00c9 2016<\/a><\/p>\n<div id=\"attachment_184238\" style=\"width: 410px\" class=\"wp-caption alignleft\"><a href=\"https:\/\/jundiai.sp.gov.br\/noticias\/wp-content\/uploads\/sites\/32\/2016\/07\/Malha2.jpg\" rel=\"attachment wp-att-184238\"><img loading=\"lazy\" decoding=\"async\" aria-describedby=\"caption-attachment-184238\" class=\"size-large wp-image-184238\" src=\"https:\/\/jundiai.sp.gov.br\/noticias\/wp-content\/uploads\/sites\/32\/2016\/07\/Malha2-720x501.jpg\" alt=\"O time jundiaiense comemorou a medalha\" width=\"400\" height=\"350\" \/><\/a><p id=\"caption-attachment-184238\" class=\"wp-caption-text\">O time jundiaiense comemorou a medalha<\/p><\/div>\n<p>A t\u00e9cnica, Elaine Aparecida Galv\u00e3o, destacou que o<strong> jogo foi emocionante<\/strong>. \u201cEst\u00e1vamos ganhando at\u00e9 o nono lance. No entanto, Sorocaba fez 10 pontos no \u00faltimo lance e infelizmente ficamos com o segundo lugar.\u201d<\/p>\n<p>Apesar disso, ela frisou que a <strong>equipe est\u00e1 feliz com o resultado. \u201cNo ano passado n\u00e3o passamos da primeira fase<\/strong>. Para n\u00f3s, chegar \u00e0 final foi \u00f3timo. Todos se esfor\u00e7aram muito.\u201d<\/p>\n<p>O time atua com Irineu Vaz de Lima, Jorge Rosada, Clodomiro Longatti, Ivan Joaquim da Silva e Reinaldo Eleas de Souza.<\/p>\n<p><strong><em>Assessoria de Imprensa<br \/>\nFoto: Fot\u00f3grafos PMJ<\/em><\/strong><\/p>\n","protected":false},"excerpt":{"rendered":"<p>Jundia\u00ed levou medalha de prata com a equipe masculina de malha, que perdeu a final por 26\u00d736 para Sorocaba. LEIA MAIS SOBRE OS JOGOS REGIONAIS DE AVAR\u00c9 2016 A t\u00e9cnica, Elaine Aparecida Galv\u00e3o, destacou que o jogo foi emocionante. \u201cEst\u00e1vamos ganhando at\u00e9 o nono lance. No entanto, Sorocaba fez 10 pontos no \u00faltimo lance e [&hellip;]<\/p>\n","protected":false},"author":14,"featured_media":0,"comment_status":"closed","ping_status":"closed","sticky":false,"template":"","format":"standard","meta":{"footnotes":""},"categories":[2],"tags":[35,610,907,549],"ods":[],"class_list":["post-184235","post","type-post","status-publish","format-standard","hentry","category-noticias","tag-esporte-e-lazer","tag-jogos-regionais","tag-jogos-regionais-avare-2016","tag-malha"],"_links":{"self":[{"href":"https:\/\/jundiai.sp.gov.br\/noticias\/wp-json\/wp\/v2\/posts\/184235","targetHints":{"allow":["GET"]}}],"collection":[{"href":"https:\/\/jundiai.sp.gov.br\/noticias\/wp-json\/wp\/v2\/posts"}],"about":[{"href":"https:\/\/jundiai.sp.gov.br\/noticias\/wp-json\/wp\/v2\/types\/post"}],"author":[{"embeddable":true,"href":"https:\/\/jundiai.sp.gov.br\/noticias\/wp-json\/wp\/v2\/users\/14"}],"replies":[{"embeddable":true,"href":"https:\/\/jundiai.sp.gov.br\/noticias\/wp-json\/wp\/v2\/comments?post=184235"}],"version-history":[{"count":4,"href":"https:\/\/jundiai.sp.gov.br\/noticias\/wp-json\/wp\/v2\/posts\/184235\/revisions"}],"predecessor-version":[{"id":184245,"href":"https:\/\/jundiai.sp.gov.br\/noticias\/wp-json\/wp\/v2\/posts\/184235\/revisions\/184245"}],"wp:attachment":[{"href":"https:\/\/jundiai.sp.gov.br\/noticias\/wp-json\/wp\/v2\/media?parent=184235"}],"wp:term":[{"taxonomy":"category","embeddable":true,"href":"https:\/\/jundiai.sp.gov.br\/noticias\/wp-json\/wp\/v2\/categories?post=184235"},{"taxonomy":"post_tag","embeddable":true,"href":"https:\/\/jundiai.sp.gov.br\/noticias\/wp-json\/wp\/v2\/tags?post=184235"},{"taxonomy":"ods","embeddable":true,"href":"https:\/\/jundiai.sp.gov.br\/noticias\/wp-json\/wp\/v2\/ods?post=184235"}],"curies":[{"name":"wp","href":"https:\/\/api.w.org\/{rel}","templated":true}]}}