{"id":184267,"date":"2016-07-25T18:36:37","date_gmt":"2016-07-25T21:36:37","guid":{"rendered":"https:\/\/jundiai.sp.gov.br\/noticias\/?p=184267"},"modified":"2016-07-27T16:48:21","modified_gmt":"2016-07-27T19:48:21","slug":"jundiai-e-destaque-no-novo-mapa-turistico-do-estado-de-sao-paulo","status":"publish","type":"post","link":"https:\/\/jundiai.sp.gov.br\/noticias\/2016\/07\/25\/jundiai-e-destaque-no-novo-mapa-turistico-do-estado-de-sao-paulo\/","title":{"rendered":"Jundia\u00ed \u00e9 destaque no novo Mapa Tur\u00edstico do Estado de S\u00e3o Paulo"},"content":{"rendered":"<p><strong>A mais recente vers\u00e3o federal do <a href=\"http:\/\/www.turismo.gov.br\/%C3%BAltimas-not%C3%ADcias\/6476-s%C3%A3o-paulo-tem-novo-mapa-tur%C3%ADstico.html\" target=\"_blank\">Mapa Tur\u00edstico do Estado de S\u00e3o Paulo<\/a>, divulgada oficialmente neste m\u00eas pelo Minist\u00e9rio do Turismo, apresenta Jundia\u00ed entre os 31 munic\u00edpios paulistas da categoria B, ao lado das dez est\u00e2ncias apontadas na categoria A.<\/strong><\/p>\n<p>Com esses novos crit\u00e9rios t\u00e9cnicos, a cidade aparece ent\u00e3o como um dos 41 munic\u00edpios paulistas (6,35% do total) respons\u00e1veis pela maioria absoluta dos turistas no Estado de S\u00e3o Paulo.<\/p>\n<p><strong>LEIA TAMB\u00c9M<\/strong><br \/>\n<strong><a class=\"titulo-lista\" title=\"Fumas abre inscri\u00e7\u00f5es para 48 unidades habitacionais\" href=\"https:\/\/jundiai.sp.gov.br\/noticias\/2016\/07\/22\/fumas-abre-inscricoes-para-48-unidades-habitacionais\/\" rel=\"bookmark\">Fumas abre inscri\u00e7\u00f5es para 48 unidades habitacionais<\/a><\/strong><br \/>\n<strong><a href=\"https:\/\/jundiai.sp.gov.br\/noticias\/2016\/07\/25\/confira-as-vagas-de-emprego-do-pat-para-a-terca-26\/\" target=\"_blank\">Confira as vagas de emprego do PAT para esta ter\u00e7a (26)<\/a><\/strong><br \/>\n<strong><a class=\"titulo-lista\" title=\"Exposi\u00e7\u00e3o \u2018Acr\u00f3pole\u2019 amplia per\u00edodo de visita\u00e7\u00e3o na Pinacoteca at\u00e9 o s\u00e1bado (30)\" href=\"https:\/\/jundiai.sp.gov.br\/noticias\/2016\/07\/22\/exposicao-acropole-amplia-periodo-de-visitacao-na-pinacoteca-ate-o-sabado-30\/\" rel=\"bookmark\">Exposi\u00e7\u00e3o \u2018Acr\u00f3pole\u2019 amplia per\u00edodo de visita\u00e7\u00e3o na Pinacoteca at\u00e9 o s\u00e1bado (30)<\/a><\/strong><\/p>\n<div id=\"attachment_179761\" style=\"width: 730px\" class=\"wp-caption aligncenter\"><a href=\"https:\/\/jundiai.sp.gov.br\/noticias\/wp-content\/uploads\/sites\/32\/2016\/06\/PANORAMICA_8_G.jpg\" rel=\"attachment wp-att-179761\"><img loading=\"lazy\" decoding=\"async\" aria-describedby=\"caption-attachment-179761\" class=\"wp-image-179761 size-large\" src=\"https:\/\/jundiai.sp.gov.br\/noticias\/wp-content\/uploads\/sites\/32\/2016\/06\/PANORAMICA_8_G-720x462.jpg\" alt=\"PANORAMICA_8_G jundiai\" width=\"720\" height=\"462\" srcset=\"https:\/\/jundiai.sp.gov.br\/noticias\/wp-content\/uploads\/sites\/32\/2016\/06\/PANORAMICA_8_G-720x462.jpg 720w, https:\/\/jundiai.sp.gov.br\/noticias\/wp-content\/uploads\/sites\/32\/2016\/06\/PANORAMICA_8_G-300x192.jpg 300w, https:\/\/jundiai.sp.gov.br\/noticias\/wp-content\/uploads\/sites\/32\/2016\/06\/PANORAMICA_8_G-768x492.jpg 768w, https:\/\/jundiai.sp.gov.br\/noticias\/wp-content\/uploads\/sites\/32\/2016\/06\/PANORAMICA_8_G.jpg 1240w\" sizes=\"auto, (max-width: 720px) 100vw, 720px\" \/><\/a><p id=\"caption-attachment-179761\" class=\"wp-caption-text\">A cidade aparece como um dos 41 munic\u00edpios paulistas respons\u00e1veis pela maioria dos turistas no Estado de S\u00e3o Paulo<\/p><\/div>\n<p>No total, s\u00e3o agora apenas 222 munic\u00edpios paulistas que substituem os 645 munic\u00edpios participantes da vers\u00e3o anterior do mapa. Dentro da metodologia de classifica\u00e7\u00e3o essas 41 cidades contempladas nas categorias A e B (e parcialmente nas 65 cidades da categoria C) re\u00fanem 95% dos empregos formais em meios de hospedagem 87% dos estabelecimentos formais de meios de hospedagem, 93% do fluxo dom\u00e9stico e t\u00eam fluxo internacional. J\u00e1 os munic\u00edpios das categorias D e E integram as regi\u00f5es com caracter\u00edsticas de apoio \u00e0s cidades geradoras de fluxo tur\u00edstico, como no fornecimento de m\u00e3o-de-obra e insumos necess\u00e1rios.<\/p>\n<p>Com um patamar de 450 mil visitantes anuais (base 2014), a municipalidade vem implementando medidas como as rotas tur\u00edsticas, o Plano Municipal de Turismo, a revaloriza\u00e7\u00e3o de festas tradicionais e da Festa da Uva, o programa de valoriza\u00e7\u00e3o do artesanato criativo Jundia\u00ed Feito \u00e0 M\u00e3o, a participa\u00e7\u00e3o no Circuito das Frutas e outras, Pela import\u00e2ncia do turismo rural nesse setor da economia, sua equipe t\u00e9cnica passou a integrar a Secretaria Municipal de Agricultura, Abastecimento e Turismo.<\/p>\n<p>Em nota, o minist\u00e9rio destaca que o Tribunal de Contas da Uni\u00e3o e o Senado Federal reconhecem o novo Mapa do Turismo Brasileiro como um instrumento de gest\u00e3o para orientar a gest\u00e3o no desenvolvimento de pol\u00edticas p\u00fablicas regionalizadas e descentralizadas. \u201cA atualiza\u00e7\u00e3o constante do documento se torna, portanto, fundamental para que esse instrumento seja eficaz e respeite os princ\u00edpios de efici\u00eancia da administra\u00e7\u00e3o p\u00fablica\u201d, destaca.<\/p>\n<p>Em escala regional, <strong>Jundia\u00ed integra o Circuito das Frutas<\/strong> (ao lado de Atibaia, Louveira Vinhedo, Itatiba, Morungaba, Itupeva, Indaiatuba, Jarinu e Valinhos).<\/p>\n<p>Em termos de planejamento regional, desenvolvido pela Secretaria de Turismo do Estado, \u00e9 apontado na regi\u00e3o tur\u00edsticas chamada Bem Viver, que inclui tamb\u00e9m \u00c1guas de Lindoia, Americana, Bom Jesus dos Perd\u00f5es, Bragan\u00e7a Paulista, Campinas, Capivari, Hortol\u00e2ndia, Jaguari\u00fana, Joan\u00f3polis, Limeira, Monte Alegre do Sul, Nazar\u00e9 Paulista, Pedreira, Pinhalzinho, Piracaia, Santa B\u00e1rbara d\u00b4Oeste, Serra Negra e Socorro. Esta regi\u00e3o tur\u00edstica \u00e9 composta pelos Circuitos das \u00c1guas, Entre Serras e \u00c1guas, das Frutas e Ci\u00eancia e Tecnologia.<\/p>\n<p>\u201cCom um mapa mais enxuto e que retrata de forma mais fiel a oferta tur\u00edstica brasileira, poderemos focar nossos esfor\u00e7os e otimizar nossos resultados, afirmou o ministro interino do Turismo, Alberto Alves.<\/p>\n<p>&nbsp;<\/p>\n<p><em><strong>Jos\u00e9 Arnaldo de Oliveira<\/strong><\/em><br \/>\n<em><strong> Fotos: fot\u00f3grafos &#8211; PMJ<\/strong><\/em><\/p>\n","protected":false},"excerpt":{"rendered":"<p>O munic\u00edpio vem implementando medidas como as rotas tur\u00edsticas, a revaloriza\u00e7\u00e3o de festas tradicionais, o programa de valoriza\u00e7\u00e3o do artesanato criativo<\/p>\n","protected":false},"author":11,"featured_media":166952,"comment_status":"closed","ping_status":"closed","sticky":false,"template":"","format":"standard","meta":{"footnotes":""},"categories":[2],"tags":[41],"ods":[],"class_list":["post-184267","post","type-post","status-publish","format-standard","has-post-thumbnail","hentry","category-noticias","tag-agricultura-abastecimento-e-turismo"],"_links":{"self":[{"href":"https:\/\/jundiai.sp.gov.br\/noticias\/wp-json\/wp\/v2\/posts\/184267","targetHints":{"allow":["GET"]}}],"collection":[{"href":"https:\/\/jundiai.sp.gov.br\/noticias\/wp-json\/wp\/v2\/posts"}],"about":[{"href":"https:\/\/jundiai.sp.gov.br\/noticias\/wp-json\/wp\/v2\/types\/post"}],"author":[{"embeddable":true,"href":"https:\/\/jundiai.sp.gov.br\/noticias\/wp-json\/wp\/v2\/users\/11"}],"replies":[{"embeddable":true,"href":"https:\/\/jundiai.sp.gov.br\/noticias\/wp-json\/wp\/v2\/comments?post=184267"}],"version-history":[{"count":4,"href":"https:\/\/jundiai.sp.gov.br\/noticias\/wp-json\/wp\/v2\/posts\/184267\/revisions"}],"predecessor-version":[{"id":184304,"href":"https:\/\/jundiai.sp.gov.br\/noticias\/wp-json\/wp\/v2\/posts\/184267\/revisions\/184304"}],"wp:featuredmedia":[{"embeddable":true,"href":"https:\/\/jundiai.sp.gov.br\/noticias\/wp-json\/wp\/v2\/media\/166952"}],"wp:attachment":[{"href":"https:\/\/jundiai.sp.gov.br\/noticias\/wp-json\/wp\/v2\/media?parent=184267"}],"wp:term":[{"taxonomy":"category","embeddable":true,"href":"https:\/\/jundiai.sp.gov.br\/noticias\/wp-json\/wp\/v2\/categories?post=184267"},{"taxonomy":"post_tag","embeddable":true,"href":"https:\/\/jundiai.sp.gov.br\/noticias\/wp-json\/wp\/v2\/tags?post=184267"},{"taxonomy":"ods","embeddable":true,"href":"https:\/\/jundiai.sp.gov.br\/noticias\/wp-json\/wp\/v2\/ods?post=184267"}],"curies":[{"name":"wp","href":"https:\/\/api.w.org\/{rel}","templated":true}]}}