{"id":184275,"date":"2016-07-25T18:37:24","date_gmt":"2016-07-25T21:37:24","guid":{"rendered":"https:\/\/jundiai.sp.gov.br\/noticias\/?p=184275"},"modified":"2016-07-25T18:37:48","modified_gmt":"2016-07-25T21:37:48","slug":"jundiai-vira-rolo-compressor-do-futsal-e-tritura-conchas","status":"publish","type":"post","link":"https:\/\/jundiai.sp.gov.br\/noticias\/2016\/07\/25\/jundiai-vira-rolo-compressor-do-futsal-e-tritura-conchas\/","title":{"rendered":"Jogos Regionais: Jundia\u00ed vira \u2018rolo compressor\u2019 do futsal e tritura Conchas"},"content":{"rendered":"<p><strong>Jundia\u00ed segue avassaladora no futsal masculino dos Jogos Regionais de Avar\u00e9. Na rodada que fechou a fase classificat\u00f3ria, nesta ter\u00e7a-feira (25), os jundiaienses fizeram 5 a 1 em Conchas e garantiram a primeira coloca\u00e7\u00e3o do grupo. Nesta ter\u00e7a-feira (26) a equipe enfrenta Itu, segunda colocada da outra chave, pela semifinal da modalidade.<\/strong><\/p>\n<p>Na opini\u00e3o do t\u00e9cnico, Eduardo Mendes, Jundia\u00ed fez nesta segunda\u00a0(25), na quadra do Gin\u00e1sio Tico do Manolo, a <strong>melhor apresenta\u00e7\u00e3o nos Regionais. A defesa esteve compacta e o ataque manteve a alta m\u00e9dia de aproveitamento<\/strong>.<\/p>\n<p><a href=\"https:\/\/jundiai.sp.gov.br\/noticias\/tag\/jogos-regionais-avare-2016\/\">LEIA MAIS SOBRE OS JOGOS REGIONAIS DE AVAR\u00c9 2016<\/a><\/p>\n<div id=\"attachment_184278\" style=\"width: 410px\" class=\"wp-caption alignleft\"><a href=\"https:\/\/jundiai.sp.gov.br\/noticias\/wp-content\/uploads\/sites\/32\/2016\/07\/futsal-jund-santana-parnaiba-2.jpg\" rel=\"attachment wp-att-184278\"><img loading=\"lazy\" decoding=\"async\" aria-describedby=\"caption-attachment-184278\" class=\"size-large wp-image-184278\" src=\"https:\/\/jundiai.sp.gov.br\/noticias\/wp-content\/uploads\/sites\/32\/2016\/07\/futsal-jund-santana-parnaiba-2-720x448.jpg\" alt=\"Futsal masculino de Jundia\u00ed segue invicto ap\u00f3s goleada sobre Conchas\" width=\"400\" height=\"350\" \/><\/a><p id=\"caption-attachment-184278\" class=\"wp-caption-text\">Futsal masculino de Jundia\u00ed segue invicto ap\u00f3s goleada sobre Conchas<\/p><\/div>\n<p><strong>Jundia\u00ed fez tr\u00eas partidas at\u00e9 agora e marcou 20 gols<\/strong>, com <strong>m\u00e9dia de 6,67<\/strong> gols por partida. Por outro lado, a <strong>defesa sofreu apenas seis, m\u00e9dia de dois por partida, uma das melhores da competi\u00e7\u00e3o<\/strong>. Os resultados conquistados at\u00e9 agora foram: <strong>7 a 2 diante Santana de Parna\u00edba; 8 a 3 em S\u00e3o Roque, al\u00e9m dos 5 a 1 sobre Conchas nesta segunda-feira (25)<\/strong>.<\/p>\n<p>\u201cJogamos muito bem. Foi, com certeza, nossa <strong>melhor atua\u00e7\u00e3o desde que chegamos aqui a Avar\u00e9<\/strong>. O time soube como envolver o advers\u00e1rio e se manteve bem postado na defesa\u201d, comentou o t\u00e9cnico.<\/p>\n<p>A equipe jundiaiense<strong> iniciou a partida em cima do advers\u00e1rio e n\u00e3o demorou para abrir vantagem<\/strong>. O <strong>primeiro tempo<\/strong> terminou com <strong>4 a 0 no placar<\/strong>. Na fase final, a equipe administrou o resultado e aproveitou para poupar alguns de seus atletas para a semifinal desta ter\u00e7a-feira (26). <strong>A partida acabou em 5 a 1<\/strong>.<\/p>\n<p>\u201c<strong>Itu \u00e9 uma equipe fort\u00edssima<\/strong> e temos de tomar todos os cuidados. Como o jogo contra Conchas estava resolvido e n\u00f3s j\u00e1 t\u00ednhamos a vaga assegurada, optei por descansar alguns dos jogadores\u201d, disse o treinador.<\/p>\n<p><strong>Thalles foi o artilheiro do dia com dois gols. Leonardo, Kevin e Guilherme completaram o placar<\/strong>. Jundia\u00ed come\u00e7ou a partida com Cau\u00e3; Leonardo, Ot\u00e1vio, Thalles e Thiago. Depois entraram Matheus Gomes, Kevin, Guilherme, Matheus Gonzalez, Gustavo e o goleiro Valter.<\/p>\n<p><strong><em>Assessoria de Imprensa<br \/>\nFoto: Fot\u00f3grafos PMJ<\/em><\/strong><\/p>\n","protected":false},"excerpt":{"rendered":"<p>Jundia\u00ed segue avassaladora no futsal masculino dos Jogos Regionais de Avar\u00e9. Na rodada que fechou a fase classificat\u00f3ria, nesta ter\u00e7a-feira (25), os jundiaienses fizeram 5 a 1 em Conchas e garantiram a primeira coloca\u00e7\u00e3o do grupo. Nesta ter\u00e7a-feira (26) a equipe enfrenta Itu, segunda colocada da outra chave, pela semifinal da modalidade. Na opini\u00e3o do [&hellip;]<\/p>\n","protected":false},"author":14,"featured_media":0,"comment_status":"closed","ping_status":"closed","sticky":false,"template":"","format":"standard","meta":{"footnotes":""},"categories":[2],"tags":[35,113,412,610,907],"ods":[],"class_list":["post-184275","post","type-post","status-publish","format-standard","hentry","category-noticias","tag-esporte-e-lazer","tag-futsal","tag-futsal-masculino","tag-jogos-regionais","tag-jogos-regionais-avare-2016"],"_links":{"self":[{"href":"https:\/\/jundiai.sp.gov.br\/noticias\/wp-json\/wp\/v2\/posts\/184275","targetHints":{"allow":["GET"]}}],"collection":[{"href":"https:\/\/jundiai.sp.gov.br\/noticias\/wp-json\/wp\/v2\/posts"}],"about":[{"href":"https:\/\/jundiai.sp.gov.br\/noticias\/wp-json\/wp\/v2\/types\/post"}],"author":[{"embeddable":true,"href":"https:\/\/jundiai.sp.gov.br\/noticias\/wp-json\/wp\/v2\/users\/14"}],"replies":[{"embeddable":true,"href":"https:\/\/jundiai.sp.gov.br\/noticias\/wp-json\/wp\/v2\/comments?post=184275"}],"version-history":[{"count":3,"href":"https:\/\/jundiai.sp.gov.br\/noticias\/wp-json\/wp\/v2\/posts\/184275\/revisions"}],"predecessor-version":[{"id":184288,"href":"https:\/\/jundiai.sp.gov.br\/noticias\/wp-json\/wp\/v2\/posts\/184275\/revisions\/184288"}],"wp:attachment":[{"href":"https:\/\/jundiai.sp.gov.br\/noticias\/wp-json\/wp\/v2\/media?parent=184275"}],"wp:term":[{"taxonomy":"category","embeddable":true,"href":"https:\/\/jundiai.sp.gov.br\/noticias\/wp-json\/wp\/v2\/categories?post=184275"},{"taxonomy":"post_tag","embeddable":true,"href":"https:\/\/jundiai.sp.gov.br\/noticias\/wp-json\/wp\/v2\/tags?post=184275"},{"taxonomy":"ods","embeddable":true,"href":"https:\/\/jundiai.sp.gov.br\/noticias\/wp-json\/wp\/v2\/ods?post=184275"}],"curies":[{"name":"wp","href":"https:\/\/api.w.org\/{rel}","templated":true}]}}