{"id":184299,"date":"2016-07-25T18:49:03","date_gmt":"2016-07-25T21:49:03","guid":{"rendered":"https:\/\/jundiai.sp.gov.br\/noticias\/?p=184299"},"modified":"2016-07-25T18:49:20","modified_gmt":"2016-07-25T21:49:20","slug":"volei-e-bocha-vencem-e-avancam-para-semifinais","status":"publish","type":"post","link":"https:\/\/jundiai.sp.gov.br\/noticias\/2016\/07\/25\/volei-e-bocha-vencem-e-avancam-para-semifinais\/","title":{"rendered":"Jogos Regionais: v\u00f4lei e bocha vencem e avan\u00e7am para semifinais"},"content":{"rendered":"<p><strong>Os meninos do v\u00f4lei jundiaiense apostaram e ganharam no jogo desta segunda-feira (25) contra S\u00e3o Roque. A vit\u00f3ria esperada por 2 sets a 1 classificou a equipe em segundo lugar na chave, garantindo vaga na semifinal.<\/strong><\/p>\n<p><a href=\"https:\/\/jundiai.sp.gov.br\/noticias\/tag\/jogos-regionais-avare-2016\/\">LEIA MAIS SOBRE OS JOGOS REGIONAIS DE AVAR\u00c9 2016<\/a><\/p>\n<div id=\"attachment_184300\" style=\"width: 410px\" class=\"wp-caption alignright\"><a href=\"https:\/\/jundiai.sp.gov.br\/noticias\/wp-content\/uploads\/sites\/32\/2016\/07\/Volei.jpg\" rel=\"attachment wp-att-184300\"><img loading=\"lazy\" decoding=\"async\" aria-describedby=\"caption-attachment-184300\" class=\"size-large wp-image-184300\" src=\"https:\/\/jundiai.sp.gov.br\/noticias\/wp-content\/uploads\/sites\/32\/2016\/07\/Volei-720x438.jpg\" alt=\"Equipe masculina enfrenta Sorocaba na ter\u00e7a-feira\" width=\"400\" height=\"350\" \/><\/a><p id=\"caption-attachment-184300\" class=\"wp-caption-text\">Equipe masculina enfrenta Sorocaba na ter\u00e7a-feira<\/p><\/div>\n<p><strong>O primeiro set terminou 25 a 14 para o time de Jundia\u00ed e, no segundo, a diferen\u00e7a foi ainda maior: 25 a 6<\/strong>. O pr\u00f3ximo duelo \u00e9<strong> contra Sorocaba, nesta ter\u00e7a-feira (26)<\/strong>.<\/p>\n<p>\u201cAmanh\u00e3 o jogo \u00e9 de gente grande. Assistimos hoje \u00e0\u00a0disputa entre Sorocaba e Itapeva e vimos uma equipe muito forte, bem montada e que vai exigir muito dos nossos atletas. Nos reunimos para discutir o <strong>planejamento t\u00e1tico e vamos intensificar nosso ataque e principalmente nossa defesa<\/strong>\u201c, disse o t\u00e9cnico, Felipe Bonan\u00e7a.<\/p>\n<p><strong>Na cancha<\/strong><br \/>\n<strong>A bocha jundiaiense venceu Itapeva por 2 a 1 nesta segunda-feira (25)<\/strong>, com parciais de 18\/04, 16\/18 e 18\/02. O resultado j\u00e1 <strong>garante a vaga nas semifinais<\/strong> para mais uma equipe da terra da uva.<\/p>\n<p><strong><em>Assessoria de Imprensa<br \/>\nFoto: Fot\u00f3grafos PMJ<\/em><\/strong><\/p>\n","protected":false},"excerpt":{"rendered":"<p>Os meninos do v\u00f4lei jundiaiense apostaram e ganharam no jogo desta segunda-feira (25) contra S\u00e3o Roque. A vit\u00f3ria esperada por 2 sets a 1 classificou a equipe em segundo lugar na chave, garantindo vaga na semifinal. LEIA MAIS SOBRE OS JOGOS REGIONAIS DE AVAR\u00c9 2016 O primeiro set terminou 25 a 14 para o time [&hellip;]<\/p>\n","protected":false},"author":14,"featured_media":0,"comment_status":"closed","ping_status":"closed","sticky":false,"template":"","format":"standard","meta":{"footnotes":""},"categories":[2],"tags":[550,35,610,907,109,395],"ods":[],"class_list":["post-184299","post","type-post","status-publish","format-standard","hentry","category-noticias","tag-bocha","tag-esporte-e-lazer","tag-jogos-regionais","tag-jogos-regionais-avare-2016","tag-volei","tag-volei-masculino"],"_links":{"self":[{"href":"https:\/\/jundiai.sp.gov.br\/noticias\/wp-json\/wp\/v2\/posts\/184299","targetHints":{"allow":["GET"]}}],"collection":[{"href":"https:\/\/jundiai.sp.gov.br\/noticias\/wp-json\/wp\/v2\/posts"}],"about":[{"href":"https:\/\/jundiai.sp.gov.br\/noticias\/wp-json\/wp\/v2\/types\/post"}],"author":[{"embeddable":true,"href":"https:\/\/jundiai.sp.gov.br\/noticias\/wp-json\/wp\/v2\/users\/14"}],"replies":[{"embeddable":true,"href":"https:\/\/jundiai.sp.gov.br\/noticias\/wp-json\/wp\/v2\/comments?post=184299"}],"version-history":[{"count":3,"href":"https:\/\/jundiai.sp.gov.br\/noticias\/wp-json\/wp\/v2\/posts\/184299\/revisions"}],"predecessor-version":[{"id":184303,"href":"https:\/\/jundiai.sp.gov.br\/noticias\/wp-json\/wp\/v2\/posts\/184299\/revisions\/184303"}],"wp:attachment":[{"href":"https:\/\/jundiai.sp.gov.br\/noticias\/wp-json\/wp\/v2\/media?parent=184299"}],"wp:term":[{"taxonomy":"category","embeddable":true,"href":"https:\/\/jundiai.sp.gov.br\/noticias\/wp-json\/wp\/v2\/categories?post=184299"},{"taxonomy":"post_tag","embeddable":true,"href":"https:\/\/jundiai.sp.gov.br\/noticias\/wp-json\/wp\/v2\/tags?post=184299"},{"taxonomy":"ods","embeddable":true,"href":"https:\/\/jundiai.sp.gov.br\/noticias\/wp-json\/wp\/v2\/ods?post=184299"}],"curies":[{"name":"wp","href":"https:\/\/api.w.org\/{rel}","templated":true}]}}