{"id":184544,"date":"2016-07-27T17:39:39","date_gmt":"2016-07-27T20:39:39","guid":{"rendered":"https:\/\/jundiai.sp.gov.br\/noticias\/?p=184544"},"modified":"2016-07-27T17:39:39","modified_gmt":"2016-07-27T20:39:39","slug":"jogos-regionais-futebol-feminino-bate-na-trave-e-fica-com-a-prata","status":"publish","type":"post","link":"https:\/\/jundiai.sp.gov.br\/noticias\/2016\/07\/27\/jogos-regionais-futebol-feminino-bate-na-trave-e-fica-com-a-prata\/","title":{"rendered":"Jogos Regionais: futebol feminino bate na trave e fica com a prata"},"content":{"rendered":"<p><strong>O futebol feminino de Jundia\u00ed, que vinha com boa campanha nos 60\u00ba Jogos Regionais de Avar\u00e9, ficou com medalha de prata na final contra Itu, nesta quarta-feira (27). Apesar de abrir o placar, com gol de Carol, o time jundiaiense sofreu com erros de arbitragem e deixou escapar o ouro. A partida terminou com o placar de 2 a 1.<\/strong><\/p>\n<p><a href=\"https:\/\/jundiai.sp.gov.br\/noticias\/tag\/jogos-regionais-avare-2016\/\">LEIA MAIS SOBRE OS JOGOS REGIONAIS DE AVAR\u00c9 2016<\/a><\/p>\n<div id=\"attachment_184547\" style=\"width: 410px\" class=\"wp-caption alignleft\"><a href=\"https:\/\/jundiai.sp.gov.br\/noticias\/wp-content\/uploads\/sites\/32\/2016\/07\/FUTEBOLFEM.jpg\" rel=\"attachment wp-att-184547\"><img loading=\"lazy\" decoding=\"async\" aria-describedby=\"caption-attachment-184547\" class=\"size-large wp-image-184547\" src=\"https:\/\/jundiai.sp.gov.br\/noticias\/wp-content\/uploads\/sites\/32\/2016\/07\/FUTEBOLFEM-720x405.jpg\" alt=\"Futebol feminino perde de virada para a Itu e reclama de p\u00eanalti marcado para o advers\u00e1rio\" width=\"400\" height=\"350\" \/><\/a><p id=\"caption-attachment-184547\" class=\"wp-caption-text\">Futebol feminino perde de virada para a Itu e reclama de p\u00eanalti marcado para o advers\u00e1rio<\/p><\/div>\n<p>\u201cO jogo foi disputado, por\u00e9m, n\u00e3o conseguimos finalizar. Al\u00e9m disso, o <strong>juiz deu um p\u00eanalti duvidoso para Itu<\/strong>\u201d, comentou a t\u00e9cnica Tatisa Zonaro. O segundo gol de Itu veio em um contra-ataque.<\/p>\n<p>Para Tatisa, o <strong>resultado \u00e9 bom, mas o time lamenta por n\u00e3o trazer o ouro<\/strong>. \u201cChegar entre os primeiros \u00e9 muito bom, mas nosso objetivo era maior. Est\u00e1vamos mais preparadas que a outra equipe e t\u00ednhamos potencial para primeiro lugar.\u201d<\/p>\n<p>As meninas que defenderam o time s\u00e3o Ana, Evelyn, Larissa, Cl\u00edcia, Fl\u00e1via, Rafaela, Nat\u00e1lia, Carol, Laiane, Let\u00edcia e Priscila.<\/p>\n<p><strong><em>Assessoria de Imprensa<br \/>\nFoto: Fot\u00f3grafos PMJ<\/em><\/strong><\/p>\n","protected":false},"excerpt":{"rendered":"<p>O futebol feminino de Jundia\u00ed, que vinha com boa campanha nos 60\u00ba Jogos Regionais de Avar\u00e9, ficou com medalha de prata na final contra Itu, nesta quarta-feira (27). Apesar de abrir o placar, com gol de Carol, o time jundiaiense sofreu com erros de arbitragem e deixou escapar o ouro. A partida terminou com o [&hellip;]<\/p>\n","protected":false},"author":14,"featured_media":0,"comment_status":"closed","ping_status":"closed","sticky":false,"template":"","format":"standard","meta":{"footnotes":""},"categories":[2],"tags":[35,99,398,610,907],"ods":[],"class_list":["post-184544","post","type-post","status-publish","format-standard","hentry","category-noticias","tag-esporte-e-lazer","tag-futebol","tag-futebol-feminino","tag-jogos-regionais","tag-jogos-regionais-avare-2016"],"_links":{"self":[{"href":"https:\/\/jundiai.sp.gov.br\/noticias\/wp-json\/wp\/v2\/posts\/184544","targetHints":{"allow":["GET"]}}],"collection":[{"href":"https:\/\/jundiai.sp.gov.br\/noticias\/wp-json\/wp\/v2\/posts"}],"about":[{"href":"https:\/\/jundiai.sp.gov.br\/noticias\/wp-json\/wp\/v2\/types\/post"}],"author":[{"embeddable":true,"href":"https:\/\/jundiai.sp.gov.br\/noticias\/wp-json\/wp\/v2\/users\/14"}],"replies":[{"embeddable":true,"href":"https:\/\/jundiai.sp.gov.br\/noticias\/wp-json\/wp\/v2\/comments?post=184544"}],"version-history":[{"count":3,"href":"https:\/\/jundiai.sp.gov.br\/noticias\/wp-json\/wp\/v2\/posts\/184544\/revisions"}],"predecessor-version":[{"id":184552,"href":"https:\/\/jundiai.sp.gov.br\/noticias\/wp-json\/wp\/v2\/posts\/184544\/revisions\/184552"}],"wp:attachment":[{"href":"https:\/\/jundiai.sp.gov.br\/noticias\/wp-json\/wp\/v2\/media?parent=184544"}],"wp:term":[{"taxonomy":"category","embeddable":true,"href":"https:\/\/jundiai.sp.gov.br\/noticias\/wp-json\/wp\/v2\/categories?post=184544"},{"taxonomy":"post_tag","embeddable":true,"href":"https:\/\/jundiai.sp.gov.br\/noticias\/wp-json\/wp\/v2\/tags?post=184544"},{"taxonomy":"ods","embeddable":true,"href":"https:\/\/jundiai.sp.gov.br\/noticias\/wp-json\/wp\/v2\/ods?post=184544"}],"curies":[{"name":"wp","href":"https:\/\/api.w.org\/{rel}","templated":true}]}}