{"id":184619,"date":"2016-07-28T16:28:34","date_gmt":"2016-07-28T19:28:34","guid":{"rendered":"https:\/\/jundiai.sp.gov.br\/noticias\/?p=184619"},"modified":"2016-07-28T17:42:34","modified_gmt":"2016-07-28T20:42:34","slug":"instituto-federal-abre-inscricao-para-vagas-remanescentes","status":"publish","type":"post","link":"https:\/\/jundiai.sp.gov.br\/noticias\/2016\/07\/28\/instituto-federal-abre-inscricao-para-vagas-remanescentes\/","title":{"rendered":"Instituto Federal de Jundia\u00ed abre inscri\u00e7\u00e3o para vagas remanescentes"},"content":{"rendered":"<p><strong>O Instituto Federal de S\u00e3o Paulo (IFSP), campus avan\u00e7ado de Jundia\u00ed, realiza, entre os dias 28 de julho e 1\u00ba de agosto, inscri\u00e7\u00f5es para os interessados em concorrer a vagas remanescentes do curso de t\u00e9cnico em com\u00e9rcio. Os interessados devem ir at\u00e9 o campus, no Complexo Argos, das 15h \u00e0s 20h. O curso \u00e9 gratuito.<\/strong><\/p>\n<p><strong>Para se inscrever \u00e9 necess\u00e1rio apresentar original e c\u00f3pia dos seguintes documentos:<\/strong><\/p>\n<p><em>\u2013 RG;<\/em><\/p>\n<p><em>\u2013 CPF;<\/em><\/p>\n<p><em>\u2013 Comprovante de situa\u00e7\u00e3o cadastral do CPF;<\/em><\/p>\n<p><em>\u2013 Certid\u00e3o de nascimento ou casamento;<\/em><\/p>\n<p><em>\u2013 T\u00edtulo de eleitor;<\/em><\/p>\n<p><em>\u2013 Comprovante de vota\u00e7\u00e3o na \u00faltima elei\u00e7\u00e3o (1\u00ba e 2\u00ba turnos) ou Certid\u00e3o de Quita\u00e7\u00e3o Eleitoral;<\/em><\/p>\n<p><em>\u2013 Alistamento militar;<\/em><\/p>\n<p><em>\u2013 Comprovante de resid\u00eancia atualizado;<\/em><\/p>\n<p><em>\u2013 Certificado de conclus\u00e3o e hist\u00f3rico do Ensino M\u00e9dio;<\/em><\/p>\n<p><em>\u2013 Certificado de conclus\u00e3o e hist\u00f3rico do Ensino Fundamental;<\/em><\/p>\n<p><em>\u2013 Declara\u00e7\u00e3o de que est\u00e1 cursando o 2\u00ba ou 3\u00ba ano do Ensino M\u00e9dio;<\/em><\/p>\n<p><em>\u2013 Duas fotos 3X4.<\/em><\/p>\n<p>Podem se candidatar todas as pessoas que est\u00e3o cursando o 2\u00ba ou 3\u00ba ano do Ensino M\u00e9dio ou que j\u00e1 conclu\u00edram essa etapa de ensino.<\/p>\n<p>Ao todo, est\u00e3o dispon\u00edveis duas vagas. Havendo mais candidatos do que as vagas dispon\u00edveis, ser\u00e1 realizado sorteio aberto ao p\u00fablico no dia 1\u00ba de agosto, \u00e0s 20h30.<\/p>\n<p>O curso de t\u00e9cnico em com\u00e9rcio \u00e9 presencial, tem dura\u00e7\u00e3o de tr\u00eas semestres e \u00e9 ofertado no per\u00edodo noturno.<\/p>\n<p>O Complexo Argos fica na avenida Dr. Cavalcanti, 396, Vila Arens. Mais informa\u00e7\u00f5es podem ser obtidas pelo telefone (11) 2434-2099.<\/p>\n<p><em><strong>Assessoria de Imprensa<\/strong><\/em><\/p>\n","protected":false},"excerpt":{"rendered":"<p>O curso gratuito de t\u00e9cnico em com\u00e9rcio \u00e9 presencial, tem dura\u00e7\u00e3o de tr\u00eas semestres e \u00e9 ofertado no per\u00edodo noturno; confira os documentos necess\u00e1rios<\/p>\n","protected":false},"author":11,"featured_media":176713,"comment_status":"closed","ping_status":"closed","sticky":false,"template":"","format":"standard","meta":{"footnotes":""},"categories":[2],"tags":[419,430,6,354],"ods":[],"class_list":["post-184619","post","type-post","status-publish","format-standard","has-post-thumbnail","hentry","category-noticias","tag-complexo-argos","tag-cursos-gratuitos","tag-educacao","tag-instituto-federal"],"_links":{"self":[{"href":"https:\/\/jundiai.sp.gov.br\/noticias\/wp-json\/wp\/v2\/posts\/184619","targetHints":{"allow":["GET"]}}],"collection":[{"href":"https:\/\/jundiai.sp.gov.br\/noticias\/wp-json\/wp\/v2\/posts"}],"about":[{"href":"https:\/\/jundiai.sp.gov.br\/noticias\/wp-json\/wp\/v2\/types\/post"}],"author":[{"embeddable":true,"href":"https:\/\/jundiai.sp.gov.br\/noticias\/wp-json\/wp\/v2\/users\/11"}],"replies":[{"embeddable":true,"href":"https:\/\/jundiai.sp.gov.br\/noticias\/wp-json\/wp\/v2\/comments?post=184619"}],"version-history":[{"count":4,"href":"https:\/\/jundiai.sp.gov.br\/noticias\/wp-json\/wp\/v2\/posts\/184619\/revisions"}],"predecessor-version":[{"id":184680,"href":"https:\/\/jundiai.sp.gov.br\/noticias\/wp-json\/wp\/v2\/posts\/184619\/revisions\/184680"}],"wp:featuredmedia":[{"embeddable":true,"href":"https:\/\/jundiai.sp.gov.br\/noticias\/wp-json\/wp\/v2\/media\/176713"}],"wp:attachment":[{"href":"https:\/\/jundiai.sp.gov.br\/noticias\/wp-json\/wp\/v2\/media?parent=184619"}],"wp:term":[{"taxonomy":"category","embeddable":true,"href":"https:\/\/jundiai.sp.gov.br\/noticias\/wp-json\/wp\/v2\/categories?post=184619"},{"taxonomy":"post_tag","embeddable":true,"href":"https:\/\/jundiai.sp.gov.br\/noticias\/wp-json\/wp\/v2\/tags?post=184619"},{"taxonomy":"ods","embeddable":true,"href":"https:\/\/jundiai.sp.gov.br\/noticias\/wp-json\/wp\/v2\/ods?post=184619"}],"curies":[{"name":"wp","href":"https:\/\/api.w.org\/{rel}","templated":true}]}}