{"id":184767,"date":"2016-07-29T15:59:14","date_gmt":"2016-07-29T18:59:14","guid":{"rendered":"https:\/\/jundiai.sp.gov.br\/noticias\/?p=184767"},"modified":"2016-08-02T15:17:04","modified_gmt":"2016-08-02T18:17:04","slug":"5a-semana-do-bebe-tem-acoes-em-todos-os-bairros","status":"publish","type":"post","link":"https:\/\/jundiai.sp.gov.br\/noticias\/2016\/07\/29\/5a-semana-do-bebe-tem-acoes-em-todos-os-bairros\/","title":{"rendered":"5\u00aa Semana do Beb\u00ea tem a\u00e7\u00f5es em todos os bairros"},"content":{"rendered":"<p><strong>Uma das maiores mobiliza\u00e7\u00f5es da cidade come\u00e7a nesta segunda-feira (1\u00ba) com mais de 123 a\u00e7\u00f5es previstas para a 5\u00aa Semana Regional do Beb\u00ea e 2\u00aa Semana Municipal do Beb\u00ea. O evento movimenta creches e escolas p\u00fablicas e particulares, unidades de sa\u00fade, espa\u00e7os assistenciais e entidades culturais com o tema de \u201chumanidade acolhedora, futuro saud\u00e1vel\u201d, voltado para mulheres e homens que escolheram ser pais e tamb\u00e9m para t\u00e9cnicos ligados ao assunto.<\/strong><\/p>\n<p>As a\u00e7\u00f5es est\u00e3o espalhadas por <strong>Centro, Ponte S\u00e3o Jo\u00e3o, Vila Hortol\u00e2ndia, Eloy Chaves, Ivoturucaia, Rio Acima, Jardim Santa Gertrudes, Jardim Tamoio, Retiro, Col\u00f4nia, Jardim Tulipas, Agapeama, Novo Horizonte, Vila Maring\u00e1, Quinta das Videiras, Jardim S\u00e3o Camilo, Anhangaba\u00fa, Fazenda Grande, Vila Progresso, Jardim Tarum\u00e3, Vista Alegre, Caxambu, Vila Rui Barbosa, Morada das Vinhas, Vianelo, Jardim Paulista, Vila Esperan\u00e7a, Travi\u00fa, Parque Continental, Vila Rami, Jardim Bot\u00e2nico, Vila Ana, Jardim Guanabara, Pitangueiras, Jardim do Lago, Corrupira, Jardim Sarapiranga, Vila Comercial, Bela Vista, Parque Centen\u00e1rio, Vila Guarani, Jardim Esplanada, Vila Marlene, Jundia\u00ed-Mirim e Vila Esperan\u00e7a<\/strong>, entre outros.<\/p>\n<div id=\"attachment_184769\" style=\"width: 730px\" class=\"wp-caption aligncenter\"><a href=\"https:\/\/jundiai.sp.gov.br\/noticias\/wp-content\/uploads\/sites\/32\/2016\/07\/semana_bebe_D5g.jpg\" rel=\"attachment wp-att-184769\"><img loading=\"lazy\" decoding=\"async\" aria-describedby=\"caption-attachment-184769\" class=\"size-large wp-image-184769\" src=\"https:\/\/jundiai.sp.gov.br\/noticias\/wp-content\/uploads\/sites\/32\/2016\/07\/semana_bebe_D5g-720x522.jpg\" alt=\"Atividades envolvem gestantes, beb\u00eas ou seus pais e cuidadores e t\u00e9cnicos de servi\u00e7os relacionados\" width=\"720\" height=\"522\" srcset=\"https:\/\/jundiai.sp.gov.br\/noticias\/wp-content\/uploads\/sites\/32\/2016\/07\/semana_bebe_D5g-720x522.jpg 720w, https:\/\/jundiai.sp.gov.br\/noticias\/wp-content\/uploads\/sites\/32\/2016\/07\/semana_bebe_D5g-300x218.jpg 300w, https:\/\/jundiai.sp.gov.br\/noticias\/wp-content\/uploads\/sites\/32\/2016\/07\/semana_bebe_D5g-768x557.jpg 768w, https:\/\/jundiai.sp.gov.br\/noticias\/wp-content\/uploads\/sites\/32\/2016\/07\/semana_bebe_D5g.jpg 1240w\" sizes=\"auto, (max-width: 720px) 100vw, 720px\" \/><\/a><p id=\"caption-attachment-184769\" class=\"wp-caption-text\">Atividades envolvem gestantes, beb\u00eas ou seus pais e cuidadores e t\u00e9cnicos de servi\u00e7os relacionados<\/p><\/div>\n<p>A<strong> abertura do evento \u00e9\u00a0nesta segunda (1\u00ba), a partir das 19h, no <a href=\"http:\/\/cultura.jundiai.sp.gov.br\/evento\/teatro-polytheama\/\" target=\"_blank\">Teatro Polytheama<\/a>, incluindo a exibi\u00e7\u00e3o do filme \u201cO Come\u00e7o da Vida\u201d<\/strong>, que tem apoio do Fundo das Na\u00e7\u00f5es Unidas para a Inf\u00e2ncia (Unicef). A <strong>entrada \u00e9 gratuita e a reserva de lugares pode ser feita ao longo de todo o dia na bilheteria do teatro<\/strong>.<\/p>\n<p>A Prefeitura \u00e9 coorganizadora da semana com as Secretarias de Sa\u00fade, Educa\u00e7\u00e3o e de Assist\u00eancia e Desenvolvimento Social (Semads) e apoio de coordenadorias setoriais, ao lado da Secretaria Estadual de Sa\u00fade (DRS 7) e Funda\u00e7\u00e3o Maria Cec\u00edlia Souto Vidigal (Programa Primeir\u00edssima Inf\u00e2ncia). Tamb\u00e9m apoiam a semana entidades como <a href=\"http:\/\/www.sp.senac.br\/jsp\/default.jsp?newsID=a543.htm&amp;testeira=433&amp;unit=JUN&amp;sub=1\" target=\"_blank\">Senac Jundia\u00ed<\/a> e <a href=\"https:\/\/www.sescsp.org.br\/unidades\/741_JUNDIAI\/#\/content=programacao\" target=\"_blank\">Sesc Jundia\u00ed<\/a> e portais voltados para a inf\u00e2ncia como o <a href=\"http:\/\/www.contandoatedez.com.br\/\" target=\"_blank\">Contando At\u00e9 Dez<\/a>.<\/p>\n<p><strong>A programa\u00e7\u00e3o est\u00e1 sujeita a altera\u00e7\u00f5es e amplia\u00e7\u00f5es<\/strong><\/p>\n<p><a href=\"https:\/\/jundiai.sp.gov.br\/noticias\/2016\/07\/27\/semana-do-bebe-programacao-unidades-de-saude-ubs-e-usf-regional-1\/\">Confira a programa\u00e7\u00e3o da Regional 1 (Eloy Chaves, Fazenda Grande, Guanabara, Novo Horizonte, Retiro, Sarapiranga, Travi\u00fa e Tulipas<\/a><\/p>\n<p><a href=\"https:\/\/jundiai.sp.gov.br\/noticias\/2016\/07\/27\/semana-do-bebe-programacao-unidades-de-saude-ubs-e-usf-regional-2\/\">Confira a programa\u00e7\u00e3o da Regional 2 (Agapeama, Jardim do Lago, Comercial, Santa Gertrudes, Rami, Maring\u00e1, Pitangueiras Esplanada e Esperan\u00e7a<\/a><\/p>\n<p><a href=\"https:\/\/jundiai.sp.gov.br\/noticias\/2016\/07\/27\/semana-do-bebe-programacao-unidades-de-saude-ubs-e-usf-regional-3\/\">Confira a programa\u00e7\u00e3o da Regional 3 (vila Aparecida, Col\u00f4nia, Ivoturucaia, Jundia\u00ed Mirim, Rui Barbosa, Tamoio, S\u00e3o Camilo, Tarum\u00e3, Rio Acima e Caxambu<\/a><\/p>\n<p><a href=\"https:\/\/jundiai.sp.gov.br\/noticias\/2016\/07\/27\/semana-do-bebe-programacao-unidades-de-saude-ubs-e-usf-regional-4\/\">Confira a programa\u00e7\u00e3o da Regional 4 (Corrupira, Morada das Vinhas, Centen\u00e1rio, vila Marlene, Anhangaba\u00fa, Hortol\u00e2ndia, Central, vila Ana e vila Rio Branco<\/a><\/p>\n<p><a href=\"https:\/\/jundiai.sp.gov.br\/noticias\/2016\/07\/27\/semana-do-bebe-programacao-unidades-de-saude-ubs-e-usf-emebs-de-0-a-3-anos\/\">Confira a programa\u00e7\u00e3o das Emebs<\/a><\/p>\n<p><a href=\"https:\/\/jundiai.sp.gov.br\/noticias\/2016\/07\/27\/semana-do-bebe-programacao-unidades-de-saude-ubs-e-usf-creches-e-entidades-privadas\/\">Confira a programa\u00e7\u00e3o das creches e entidades da rede privada<\/a><\/p>\n<p><a href=\"https:\/\/jundiai.sp.gov.br\/noticias\/2016\/07\/28\/semana-do-bebe-programacao-cras-ceu-das-artes-e-sesc\/\">Confira a programa\u00e7\u00e3o do Cras, Ceu das Artes, Sesc e Senac<\/a><\/p>\n<p><strong><em>Assessoria de Imprensa<br \/>\nFoto: Arquivo PMJ<\/em><\/strong><\/p>\n<p>&nbsp;<\/p>\n<p>&nbsp;<\/p>\n","protected":false},"excerpt":{"rendered":"<p>Abertura, para todos os interessados, vai ser no Polytheama, nesta segunda (1\u00ba), \u00e0s 19h; programa\u00e7\u00e3o segue at\u00e9 sexta (5)<\/p>\n","protected":false},"author":14,"featured_media":184772,"comment_status":"closed","ping_status":"closed","sticky":false,"template":"","format":"standard","meta":{"footnotes":""},"categories":[2],"tags":[914,174,87,6,3,73,720,909,252,267,98],"ods":[],"class_list":["post-184767","post","type-post","status-publish","format-standard","has-post-thumbnail","hentry","category-noticias","tag-5a-semana-regional-do-bebe","tag-coordenadoria-da-juventude","tag-coordenadoria-do-idoso","tag-educacao","tag-saude","tag-secretaria-de-assistencia-e-desenvolvimento-social-semads","tag-semana-do-bebe","tag-semana-do-bebe-2016","tag-senac","tag-sesc","tag-teatro-polytheama"],"_links":{"self":[{"href":"https:\/\/jundiai.sp.gov.br\/noticias\/wp-json\/wp\/v2\/posts\/184767","targetHints":{"allow":["GET"]}}],"collection":[{"href":"https:\/\/jundiai.sp.gov.br\/noticias\/wp-json\/wp\/v2\/posts"}],"about":[{"href":"https:\/\/jundiai.sp.gov.br\/noticias\/wp-json\/wp\/v2\/types\/post"}],"author":[{"embeddable":true,"href":"https:\/\/jundiai.sp.gov.br\/noticias\/wp-json\/wp\/v2\/users\/14"}],"replies":[{"embeddable":true,"href":"https:\/\/jundiai.sp.gov.br\/noticias\/wp-json\/wp\/v2\/comments?post=184767"}],"version-history":[{"count":10,"href":"https:\/\/jundiai.sp.gov.br\/noticias\/wp-json\/wp\/v2\/posts\/184767\/revisions"}],"predecessor-version":[{"id":184920,"href":"https:\/\/jundiai.sp.gov.br\/noticias\/wp-json\/wp\/v2\/posts\/184767\/revisions\/184920"}],"wp:featuredmedia":[{"embeddable":true,"href":"https:\/\/jundiai.sp.gov.br\/noticias\/wp-json\/wp\/v2\/media\/184772"}],"wp:attachment":[{"href":"https:\/\/jundiai.sp.gov.br\/noticias\/wp-json\/wp\/v2\/media?parent=184767"}],"wp:term":[{"taxonomy":"category","embeddable":true,"href":"https:\/\/jundiai.sp.gov.br\/noticias\/wp-json\/wp\/v2\/categories?post=184767"},{"taxonomy":"post_tag","embeddable":true,"href":"https:\/\/jundiai.sp.gov.br\/noticias\/wp-json\/wp\/v2\/tags?post=184767"},{"taxonomy":"ods","embeddable":true,"href":"https:\/\/jundiai.sp.gov.br\/noticias\/wp-json\/wp\/v2\/ods?post=184767"}],"curies":[{"name":"wp","href":"https:\/\/api.w.org\/{rel}","templated":true}]}}