{"id":184869,"date":"2016-08-01T16:29:13","date_gmt":"2016-08-01T19:29:13","guid":{"rendered":"https:\/\/jundiai.sp.gov.br\/noticias\/?p=184869"},"modified":"2016-08-04T16:25:48","modified_gmt":"2016-08-04T19:25:48","slug":"jundiai-feito-a-mao-promove-edicoes-especiais-de-agosto","status":"publish","type":"post","link":"https:\/\/jundiai.sp.gov.br\/noticias\/2016\/08\/01\/jundiai-feito-a-mao-promove-edicoes-especiais-de-agosto\/","title":{"rendered":"Programa Jundia\u00ed Feito \u00e0 M\u00e3o promove edi\u00e7\u00f5es especiais de agosto"},"content":{"rendered":"<p><strong>O artesanato aut\u00eantico e de qualidade dos artistas do programa Jundia\u00ed Feito \u00e0 M\u00e3o, da Secretaria de Agricultura, Abastecimento e Turismo, est\u00e1 de volta em agosto com diversas edi\u00e7\u00f5es especiais, realizadas tanto no Centro Hist\u00f3rico quanto no Pa\u00e7o Municipal.<\/strong><\/p>\n<p><strong>LEIA TAMB\u00c9M<\/strong><br \/>\n<a href=\"https:\/\/jundiai.sp.gov.br\/noticias\/2016\/07\/25\/jundiai-e-destaque-no-novo-mapa-turistico-do-estado-de-sao-paulo\/\">Jundia\u00ed \u00e9 destaque no novo Mapa Tur\u00edstico do Estado de S\u00e3o Paulo<\/a><\/p>\n<div id=\"attachment_184873\" style=\"width: 730px\" class=\"wp-caption aligncenter\"><a href=\"https:\/\/jundiai.sp.gov.br\/noticias\/wp-content\/uploads\/sites\/32\/2016\/08\/feira_artesanato_praca_forum_P25G-1.jpg\" rel=\"attachment wp-att-184873\"><img loading=\"lazy\" decoding=\"async\" aria-describedby=\"caption-attachment-184873\" class=\"size-full wp-image-184873\" src=\"https:\/\/jundiai.sp.gov.br\/noticias\/wp-content\/uploads\/sites\/32\/2016\/08\/feira_artesanato_praca_forum_P25G-1.jpg\" alt=\"Presen\u00e7a acontece em diversos eventos\" width=\"720\" height=\"513\" \/><\/a><p id=\"caption-attachment-184873\" class=\"wp-caption-text\">Presen\u00e7a acontece em diversos eventos<\/p><\/div>\n<p><strong>A feira permanente da pra\u00e7a Tib\u00farcio Estevam de Siqueira, ao lado do F\u00f3rum, vai ser de 1\u00ba a 5 e de 8 a 12 de agosto, sempre das 9h \u00e0s 17h. Mas, nesta sexta-feira (5), vai ganhar uma vers\u00e3o ampliada com a presen\u00e7a de novas barracas com o evento Especial Centro.<\/strong><\/p>\n<p>Tamb\u00e9m na sexta-feira (5) o projeto vai participar de mais uma edi\u00e7\u00e3o do projeto <strong>Sexta no Centro<\/strong>, no Largo da Matriz. Al\u00e9m do artesanato, estar\u00e3o presentes tamb\u00e9m barracas de gastronomia ligadas ao programa Varej\u00e3o Noturno e ainda a m\u00fasica organizada pela Secretaria da Cultura com as bandas Mais do Mesmo, com can\u00e7\u00f5es de Legi\u00e3o Urbana, e Rock Seixas, com can\u00e7\u00f5es de Raul. <strong>O evento vai das 18h \u00e0s 22h<\/strong>.<\/p>\n<p><strong>Em uma feira especial de Dia dos Pais, um grupo do Jundia\u00ed Feito \u00e0 M\u00e3o tamb\u00e9m vai estar presente no jardim interno do t\u00e9rreo do Pa\u00e7o Municipal, na regi\u00e3o do Jardim Bot\u00e2nico, de segunda (8) a sexta (12), das 8h \u00e0s 18h.<br \/>\n<\/strong><br \/>\nO programa tamb\u00e9m est\u00e1 presente com participantes nas edi\u00e7\u00f5es do <strong>Varej\u00e3o Noturno \u00e0s quartas-feiras (no Eloy Chaves) e \u00e0s quintas-feiras (na Argos), das 18h \u00e0s 22h, e em todos os s\u00e1bados de agosto em espa\u00e7o no Emp\u00f3rio da Ro\u00e7a (na Rota Tur\u00edstica da Uva, no Caxambu)<\/strong>.<\/p>\n<p><em><strong>Jos\u00e9 Arnaldo de Oliveira<br \/>\nFoto: Arquivo PMJ<\/strong><\/em><\/p>\n","protected":false},"excerpt":{"rendered":"<p>O artesanato aut\u00eantico e de qualidade dos artistas est\u00e1 de volta com diversas edi\u00e7\u00f5es especiais, realizadas no Centro  e Pa\u00e7o Municipal<\/p>\n","protected":false},"author":21,"featured_media":176773,"comment_status":"closed","ping_status":"closed","sticky":false,"template":"","format":"standard","meta":{"footnotes":""},"categories":[2],"tags":[41,29,293,138,294],"ods":[],"class_list":["post-184869","post","type-post","status-publish","format-standard","has-post-thumbnail","hentry","category-noticias","tag-agricultura-abastecimento-e-turismo","tag-cultura","tag-jundiai-feito-a-mao","tag-paco-municipal","tag-sexta-no-centro"],"_links":{"self":[{"href":"https:\/\/jundiai.sp.gov.br\/noticias\/wp-json\/wp\/v2\/posts\/184869","targetHints":{"allow":["GET"]}}],"collection":[{"href":"https:\/\/jundiai.sp.gov.br\/noticias\/wp-json\/wp\/v2\/posts"}],"about":[{"href":"https:\/\/jundiai.sp.gov.br\/noticias\/wp-json\/wp\/v2\/types\/post"}],"author":[{"embeddable":true,"href":"https:\/\/jundiai.sp.gov.br\/noticias\/wp-json\/wp\/v2\/users\/21"}],"replies":[{"embeddable":true,"href":"https:\/\/jundiai.sp.gov.br\/noticias\/wp-json\/wp\/v2\/comments?post=184869"}],"version-history":[{"count":6,"href":"https:\/\/jundiai.sp.gov.br\/noticias\/wp-json\/wp\/v2\/posts\/184869\/revisions"}],"predecessor-version":[{"id":185055,"href":"https:\/\/jundiai.sp.gov.br\/noticias\/wp-json\/wp\/v2\/posts\/184869\/revisions\/185055"}],"wp:featuredmedia":[{"embeddable":true,"href":"https:\/\/jundiai.sp.gov.br\/noticias\/wp-json\/wp\/v2\/media\/176773"}],"wp:attachment":[{"href":"https:\/\/jundiai.sp.gov.br\/noticias\/wp-json\/wp\/v2\/media?parent=184869"}],"wp:term":[{"taxonomy":"category","embeddable":true,"href":"https:\/\/jundiai.sp.gov.br\/noticias\/wp-json\/wp\/v2\/categories?post=184869"},{"taxonomy":"post_tag","embeddable":true,"href":"https:\/\/jundiai.sp.gov.br\/noticias\/wp-json\/wp\/v2\/tags?post=184869"},{"taxonomy":"ods","embeddable":true,"href":"https:\/\/jundiai.sp.gov.br\/noticias\/wp-json\/wp\/v2\/ods?post=184869"}],"curies":[{"name":"wp","href":"https:\/\/api.w.org\/{rel}","templated":true}]}}