{"id":185463,"date":"2016-08-11T16:37:06","date_gmt":"2016-08-11T19:37:06","guid":{"rendered":"https:\/\/jundiai.sp.gov.br\/noticias\/?p=185463"},"modified":"2016-08-12T14:51:39","modified_gmt":"2016-08-12T17:51:39","slug":"3a-semana-da-juventude-termina-no-sabado-13-com-festival-na-argos","status":"publish","type":"post","link":"https:\/\/jundiai.sp.gov.br\/noticias\/2016\/08\/11\/3a-semana-da-juventude-termina-no-sabado-13-com-festival-na-argos\/","title":{"rendered":"3\u00aa Semana da Juventude termina no s\u00e1bado (13) com Festival"},"content":{"rendered":"<p><strong>A 3\u00aa Semana da Juventude prossegue nesta sexta (12) e se encerra neste s\u00e1bado (13) com o Festival da Juventude. A programa\u00e7\u00e3o teve in\u00edcio nessa segunda-feira (8) e contou com v\u00e1rias atividades nas escolas de Jundia\u00ed.<\/strong><\/p>\n<p>O evento, marcado pela <strong>discuss\u00e3o de ideias e conscientiza\u00e7\u00e3o<\/strong>, recebe, nesta <strong>quinta-feira (11), \u00e0s 19h, uma roda de conversa com o tema \u201cLugar de mulher \u00e9 onde ela quiser\u201d, na Esplanada Monte Castelo, o Escad\u00e3o<\/strong>.<\/p>\n<div id=\"attachment_185464\" style=\"width: 410px\" class=\"wp-caption alignright\"><a href=\"https:\/\/jundiai.sp.gov.br\/noticias\/wp-content\/uploads\/sites\/32\/2016\/08\/WhatsApp-Image-2016-08-11-at-15.25.59.jpeg\"><img loading=\"lazy\" decoding=\"async\" aria-describedby=\"caption-attachment-185464\" class=\"size-large wp-image-185464\" src=\"https:\/\/jundiai.sp.gov.br\/noticias\/wp-content\/uploads\/sites\/32\/2016\/08\/WhatsApp-Image-2016-08-11-at-15.25.59-720x404.jpeg\" alt=\"Alunos acompanham atividade \u201cSomos todos diferentes\u201d\" width=\"400\" height=\"350\" \/><\/a><p id=\"caption-attachment-185464\" class=\"wp-caption-text\">Alunos acompanham atividade \u201cSomos todos diferentes\u201d<\/p><\/div>\n<p>A programa\u00e7\u00e3o de <strong>encerramento<\/strong>, no s\u00e1bado (13), vai ter in\u00edcio \u00e0s <strong>10h<\/strong>, no <strong>estacionamento do Complexo Argos<\/strong>, e conta com<strong> exposi\u00e7\u00e3o, interven\u00e7\u00e3o, m\u00fasica, sarau e apresenta\u00e7\u00e3o do livro \u201cA Rua do Castelo\u201d<\/strong>. <a href=\"https:\/\/jundiai.sp.gov.br\/noticias\/2016\/07\/29\/programacao-da-3a-semana-da-juventude\/\">Confira os hor\u00e1rios das atra\u00e7\u00f5es<\/a>.<\/p>\n<p>A iniciativa \u00e9 do Conselho Municipal de Juventude e conta com apoio da Coordenadoria da Juventude, do Centro de Testagem e Aconselhamento (CTA), da Secretaria de Sa\u00fade, Diretoria Regional de Ensino, Conselho Municipal da Crian\u00e7a e do Adolescente, Companhia Paulista de Artes, Maracatu Jundia\u00ed, Coletivo Cume, Ateli\u00ea Casar\u00e3o, ONG Aliados, Ocupa Colaborativa, Coletivo Coisarada, Quem Calou Petronilha?, Jornalistas Livres, Blog do Koch, Oa Comunica, Diret\u00f3rio Acad\u00eamico Fatec Jundia\u00ed e Coletivo Universit\u00e1rio UniAnchieta.<\/p>\n<p><strong><em>Assessoria de Imprensa<br \/>\nFoto: Fot\u00f3grafos PMJ<\/em><\/strong><\/p>\n","protected":false},"excerpt":{"rendered":"<p>Programa\u00e7\u00e3o segue nesta quinta-feira (11), \u00e0s 19h com discuss\u00e3o de ideias e conscientiza\u00e7\u00e3o, em roda de conversa na Esplanada Monte Castelo, o Escad\u00e3o<\/p>\n","protected":false},"author":14,"featured_media":185468,"comment_status":"closed","ping_status":"closed","sticky":false,"template":"","format":"standard","meta":{"footnotes":""},"categories":[2],"tags":[903,419,296,448,174,888,3,913],"ods":[],"class_list":["post-185463","post","type-post","status-publish","format-standard","has-post-thumbnail","hentry","category-noticias","tag-3a-semana-da-juventude","tag-complexo-argos","tag-conselho-da-juventude-comjuve","tag-conselho-dos-direitos-da-crianca-e-do-adolescente-cmdca","tag-coordenadoria-da-juventude","tag-escadao","tag-saude","tag-semana-da-juventude-2016"],"_links":{"self":[{"href":"https:\/\/jundiai.sp.gov.br\/noticias\/wp-json\/wp\/v2\/posts\/185463","targetHints":{"allow":["GET"]}}],"collection":[{"href":"https:\/\/jundiai.sp.gov.br\/noticias\/wp-json\/wp\/v2\/posts"}],"about":[{"href":"https:\/\/jundiai.sp.gov.br\/noticias\/wp-json\/wp\/v2\/types\/post"}],"author":[{"embeddable":true,"href":"https:\/\/jundiai.sp.gov.br\/noticias\/wp-json\/wp\/v2\/users\/14"}],"replies":[{"embeddable":true,"href":"https:\/\/jundiai.sp.gov.br\/noticias\/wp-json\/wp\/v2\/comments?post=185463"}],"version-history":[{"count":5,"href":"https:\/\/jundiai.sp.gov.br\/noticias\/wp-json\/wp\/v2\/posts\/185463\/revisions"}],"predecessor-version":[{"id":185564,"href":"https:\/\/jundiai.sp.gov.br\/noticias\/wp-json\/wp\/v2\/posts\/185463\/revisions\/185564"}],"wp:featuredmedia":[{"embeddable":true,"href":"https:\/\/jundiai.sp.gov.br\/noticias\/wp-json\/wp\/v2\/media\/185468"}],"wp:attachment":[{"href":"https:\/\/jundiai.sp.gov.br\/noticias\/wp-json\/wp\/v2\/media?parent=185463"}],"wp:term":[{"taxonomy":"category","embeddable":true,"href":"https:\/\/jundiai.sp.gov.br\/noticias\/wp-json\/wp\/v2\/categories?post=185463"},{"taxonomy":"post_tag","embeddable":true,"href":"https:\/\/jundiai.sp.gov.br\/noticias\/wp-json\/wp\/v2\/tags?post=185463"},{"taxonomy":"ods","embeddable":true,"href":"https:\/\/jundiai.sp.gov.br\/noticias\/wp-json\/wp\/v2\/ods?post=185463"}],"curies":[{"name":"wp","href":"https:\/\/api.w.org\/{rel}","templated":true}]}}