{"id":185673,"date":"2016-08-16T15:01:39","date_gmt":"2016-08-16T18:01:39","guid":{"rendered":"https:\/\/jundiai.sp.gov.br\/noticias\/?p=185673"},"modified":"2016-08-18T16:55:22","modified_gmt":"2016-08-18T19:55:22","slug":"agricultores-confirmam-participacao-no-desfile-no-sete-de-setembro","status":"publish","type":"post","link":"https:\/\/jundiai.sp.gov.br\/noticias\/2016\/08\/16\/agricultores-confirmam-participacao-no-desfile-no-sete-de-setembro\/","title":{"rendered":"Agricultores confirmam participa\u00e7\u00e3o no desfile de Sete de Setembro"},"content":{"rendered":"<p><strong>Com grande receptividade de p\u00fablico na edi\u00e7\u00e3o anterior, a presen\u00e7a dos agricultores no desfile c\u00edvico do Dia da Independ\u00eancia do Brasil ser\u00e1 repetida no dia 7 de setembro, em Jundia\u00ed. \u201c\u00c9 um setor que vem se fortalecendo cada vez mais em Jundia\u00ed, mesmo com todo o avan\u00e7o tecnol\u00f3gico da sociedade. Al\u00e9m disso, une tradi\u00e7\u00f5es com inova\u00e7\u00f5es, como o turismo, novas t\u00e9cnicas e pesquisas e tamb\u00e9m a presen\u00e7a viva em processos, como o resgate da Festa da Uva ou o debate do Plano Diretor Participativo, sempre ao lado de outros setores da comunidade\u201d, afirma a secret\u00e1ria de Agricultura, Abastecimento e Turismo, Val\u00e9ria Silveira de Oliveira.<\/strong><\/p>\n<p><strong>LEIA TAMB\u00c9M<\/strong><br \/>\n<a href=\"https:\/\/jundiai.sp.gov.br\/noticias\/2016\/08\/12\/inscricoes-para-o-desfile-da-patria-se-encerram-na-proxima-sexta-feira-19\/\">Inscri\u00e7\u00f5es do desfile da P\u00e1tria se encerram nesta sexta (19)<\/a><\/p>\n<div id=\"attachment_185679\" style=\"width: 730px\" class=\"wp-caption aligncenter\"><a href=\"https:\/\/jundiai.sp.gov.br\/noticias\/wp-content\/uploads\/sites\/32\/2016\/08\/DPF4861_G.jpg\"><img loading=\"lazy\" decoding=\"async\" aria-describedby=\"caption-attachment-185679\" class=\"size-large wp-image-185679\" src=\"https:\/\/jundiai.sp.gov.br\/noticias\/wp-content\/uploads\/sites\/32\/2016\/08\/DPF4861_G-720x467.jpg\" alt=\"Painel de frutas e hortali\u00e7as refor\u00e7a valores\" width=\"720\" height=\"467\" srcset=\"https:\/\/jundiai.sp.gov.br\/noticias\/wp-content\/uploads\/sites\/32\/2016\/08\/DPF4861_G-720x467.jpg 720w, https:\/\/jundiai.sp.gov.br\/noticias\/wp-content\/uploads\/sites\/32\/2016\/08\/DPF4861_G-300x195.jpg 300w, https:\/\/jundiai.sp.gov.br\/noticias\/wp-content\/uploads\/sites\/32\/2016\/08\/DPF4861_G-768x499.jpg 768w, https:\/\/jundiai.sp.gov.br\/noticias\/wp-content\/uploads\/sites\/32\/2016\/08\/DPF4861_G.jpg 1240w\" sizes=\"auto, (max-width: 720px) 100vw, 720px\" \/><\/a><p id=\"caption-attachment-185679\" class=\"wp-caption-text\">Painel de frutas e hortali\u00e7as refor\u00e7a valores<\/p><\/div>\n<p>Al\u00e9m do <strong>desfile de tratores<\/strong>, a participa\u00e7\u00e3o vai incluir a passagem de <strong>pain\u00e9is com os diversos tipos de frutas e hortali\u00e7as cultivadas em Jundia\u00ed e que depois do evento s\u00e3o doados para entidades sociais em parceria com o Fundo Social de Solidariedade (Funss)<\/strong>.<\/p>\n<div id=\"attachment_185683\" style=\"width: 410px\" class=\"wp-caption alignright\"><a href=\"https:\/\/jundiai.sp.gov.br\/noticias\/wp-content\/uploads\/sites\/32\/2016\/08\/DPF4871_g.jpg\"><img loading=\"lazy\" decoding=\"async\" aria-describedby=\"caption-attachment-185683\" class=\"size-large wp-image-185683\" src=\"https:\/\/jundiai.sp.gov.br\/noticias\/wp-content\/uploads\/sites\/32\/2016\/08\/DPF4871_g-720x454.jpg\" alt=\"Presen\u00e7a agr\u00edcola passou a marcar desfile\" width=\"400\" height=\"350\" \/><\/a><p id=\"caption-attachment-185683\" class=\"wp-caption-text\">Presen\u00e7a agr\u00edcola passou a marcar desfile<\/p><\/div>\n<p>A presen\u00e7a desses produtos agr\u00edcolas in natura visa divulgar para todos os participantes dessa data c\u00edvica, na avenida Prefeito Luiz Latorre, a <strong>import\u00e2ncia dos produtores rurais na vida da cidade<\/strong> com a frase <strong>\u201cVoc\u00ea j\u00e1 se alimentou hoje? Agrade\u00e7a ao agricultor\u201d<\/strong>, como uma forma de conscientiza\u00e7\u00e3o sobre a import\u00e2ncia desse segmento e de sua hist\u00f3ria na cidade conhecida nacionalmente como Terra da Uva.<\/p>\n<p><strong>O prazo para escolas, entidades, associa\u00e7\u00f5es e agremia\u00e7\u00f5es segue <a href=\"https:\/\/jundiai.sp.gov.br\/noticias\/2016\/08\/12\/inscricoes-para-o-desfile-da-patria-se-encerram-na-proxima-sexta-feira-19\/\">at\u00e9 esta sexta-feira (19)<\/a>, na Casa da Cultura<\/strong>. Mas no caso dos <strong>tratores<\/strong> da \u00e1rea agr\u00edcola as ades\u00f5es s\u00e3o feitas diretamente no setor de agroneg\u00f3cio da pasta, pelo telefone <strong>(11) 4589-8872<\/strong>.<\/p>\n<p><strong><em>Jos\u00e9 Arnaldo de Oliveira<br \/>\nFotos: Arquivo PMJ<\/em><\/strong><\/p>\n","protected":false},"excerpt":{"rendered":"<p>Propriet\u00e1rios de tratores agr\u00edcolas interessados em participar devem fazer inscri\u00e7\u00e3o pelo telefone da Secretaria de Agricultura, Abastecimento e Turismo<\/p>\n","protected":false},"author":14,"featured_media":185690,"comment_status":"closed","ping_status":"closed","sticky":false,"template":"","format":"standard","meta":{"footnotes":""},"categories":[2],"tags":[41,416,908],"ods":[],"class_list":["post-185673","post","type-post","status-publish","format-standard","has-post-thumbnail","hentry","category-noticias","tag-agricultura-abastecimento-e-turismo","tag-fundo-social-de-solidariedade-funss","tag-semana-da-patria-2016"],"_links":{"self":[{"href":"https:\/\/jundiai.sp.gov.br\/noticias\/wp-json\/wp\/v2\/posts\/185673","targetHints":{"allow":["GET"]}}],"collection":[{"href":"https:\/\/jundiai.sp.gov.br\/noticias\/wp-json\/wp\/v2\/posts"}],"about":[{"href":"https:\/\/jundiai.sp.gov.br\/noticias\/wp-json\/wp\/v2\/types\/post"}],"author":[{"embeddable":true,"href":"https:\/\/jundiai.sp.gov.br\/noticias\/wp-json\/wp\/v2\/users\/14"}],"replies":[{"embeddable":true,"href":"https:\/\/jundiai.sp.gov.br\/noticias\/wp-json\/wp\/v2\/comments?post=185673"}],"version-history":[{"count":8,"href":"https:\/\/jundiai.sp.gov.br\/noticias\/wp-json\/wp\/v2\/posts\/185673\/revisions"}],"predecessor-version":[{"id":185745,"href":"https:\/\/jundiai.sp.gov.br\/noticias\/wp-json\/wp\/v2\/posts\/185673\/revisions\/185745"}],"wp:featuredmedia":[{"embeddable":true,"href":"https:\/\/jundiai.sp.gov.br\/noticias\/wp-json\/wp\/v2\/media\/185690"}],"wp:attachment":[{"href":"https:\/\/jundiai.sp.gov.br\/noticias\/wp-json\/wp\/v2\/media?parent=185673"}],"wp:term":[{"taxonomy":"category","embeddable":true,"href":"https:\/\/jundiai.sp.gov.br\/noticias\/wp-json\/wp\/v2\/categories?post=185673"},{"taxonomy":"post_tag","embeddable":true,"href":"https:\/\/jundiai.sp.gov.br\/noticias\/wp-json\/wp\/v2\/tags?post=185673"},{"taxonomy":"ods","embeddable":true,"href":"https:\/\/jundiai.sp.gov.br\/noticias\/wp-json\/wp\/v2\/ods?post=185673"}],"curies":[{"name":"wp","href":"https:\/\/api.w.org\/{rel}","templated":true}]}}