{"id":185760,"date":"2016-08-17T15:56:01","date_gmt":"2016-08-17T18:56:01","guid":{"rendered":"https:\/\/jundiai.sp.gov.br\/noticias\/?p=185760"},"modified":"2016-08-17T15:56:38","modified_gmt":"2016-08-17T18:56:38","slug":"estacao-juventude-oferece-livros-para-emprestimo","status":"publish","type":"post","link":"https:\/\/jundiai.sp.gov.br\/noticias\/2016\/08\/17\/estacao-juventude-oferece-livros-para-emprestimo\/","title":{"rendered":"Esta\u00e7\u00e3o Juventude oferece livros para empr\u00e9stimo"},"content":{"rendered":"<div id=\"attachment_185762\" style=\"width: 340px\" class=\"wp-caption alignright\"><a href=\"https:\/\/jundiai.sp.gov.br\/noticias\/wp-content\/uploads\/sites\/32\/2016\/08\/WhatsApp-Image-2016-08-17-at-14.48.16.jpeg\"><img loading=\"lazy\" decoding=\"async\" aria-describedby=\"caption-attachment-185762\" class=\"size-full wp-image-185762\" src=\"https:\/\/jundiai.sp.gov.br\/noticias\/wp-content\/uploads\/sites\/32\/2016\/08\/WhatsApp-Image-2016-08-17-at-14.48.16.jpeg\" alt=\"Mais de 80 livros foram recebidos\" width=\"330\" height=\"370\" \/><\/a><p id=\"caption-attachment-185762\" class=\"wp-caption-text\">Mais de 80 livros foram recebidos<\/p><\/div>\n<p><strong>Mais de 80 livros did\u00e1ticos de diversos assuntos est\u00e3o \u00e0 disposi\u00e7\u00e3o dos jundiaienses na Biblioteca Comunit\u00e1ria do Esta\u00e7\u00e3o Juventude. A doa\u00e7\u00e3o dos\u00a0exemplares\u00a0foi feita\u00a0nesta quarta-feira (17), pela Ordem DeMolay.<br \/>\n<\/strong><\/p>\n<p><strong>LEIA TAMB\u00c9M<\/strong><br \/>\n<a href=\"https:\/\/jundiai.sp.gov.br\/noticias\/2016\/08\/16\/feira-da-amizade-tem-programacao-definida-para-1o-final-de-semana\/\">\u2018Feira da Amizade\u2019: confira a programa\u00e7\u00e3o<\/a><br \/>\n<a href=\"https:\/\/jundiai.sp.gov.br\/noticias\/2016\/08\/12\/cultura-prorroga-inscricoes-para-trabalhos-ao-4o-simposio-do-patrimonio\/\">Simp\u00f3sio do Patrim\u00f4nio: inscri\u00e7\u00f5es prorrogadas<\/a><\/p>\n<p>Para o interessado conseguir o empr\u00e9stimo, <strong>basta ir ao\u00a0Esta\u00e7\u00e3o Juventude (EJ)\u00a0e\u00a0escolher os livros<\/strong>.\u00a0O prazo\u00a0de devolu\u00e7\u00e3o vai ser definido no local.\u00a0Os interessados podem tamb\u00e9m utilizar o espa\u00e7o para estudar.<\/p>\n<p>O Esta\u00e7\u00e3o Juventude\u00a0fica na Avenida Uni\u00e3o dos Ferrovi\u00e1rios, 600, Complexo Fepasa, e est\u00e1 aberto de segunda a sexta-feira, <strong>sempre das 8h \u00e0s 18h<\/strong>. Para mais informa\u00e7\u00f5es, ligue: 4587-1000 ou 4582-5523.<\/p>\n<p><em><strong>Assessoria de Imprensa<br \/>\nFoto: Fot\u00f3grafos PMJ<\/strong><\/em><\/p>\n","protected":false},"excerpt":{"rendered":"<p>Mais de 80 livros did\u00e1ticos de diversos assuntos est\u00e3o \u00e0 disposi\u00e7\u00e3o dos jundiaienses na Biblioteca Comunit\u00e1ria do Esta\u00e7\u00e3o Juventude. A doa\u00e7\u00e3o dos\u00a0exemplares\u00a0foi feita\u00a0nesta quarta-feira (17), pela Ordem DeMolay. LEIA TAMB\u00c9M \u2018Feira da Amizade\u2019: confira a programa\u00e7\u00e3o Simp\u00f3sio do Patrim\u00f4nio: inscri\u00e7\u00f5es prorrogadas Para o interessado conseguir o empr\u00e9stimo, basta ir ao\u00a0Esta\u00e7\u00e3o Juventude (EJ)\u00a0e\u00a0escolher os livros.\u00a0O prazo\u00a0de [&hellip;]<\/p>\n","protected":false},"author":21,"featured_media":0,"comment_status":"closed","ping_status":"closed","sticky":false,"template":"","format":"standard","meta":{"footnotes":""},"categories":[2],"tags":[174,621],"ods":[],"class_list":["post-185760","post","type-post","status-publish","format-standard","hentry","category-noticias","tag-coordenadoria-da-juventude","tag-estacao-juventude"],"_links":{"self":[{"href":"https:\/\/jundiai.sp.gov.br\/noticias\/wp-json\/wp\/v2\/posts\/185760","targetHints":{"allow":["GET"]}}],"collection":[{"href":"https:\/\/jundiai.sp.gov.br\/noticias\/wp-json\/wp\/v2\/posts"}],"about":[{"href":"https:\/\/jundiai.sp.gov.br\/noticias\/wp-json\/wp\/v2\/types\/post"}],"author":[{"embeddable":true,"href":"https:\/\/jundiai.sp.gov.br\/noticias\/wp-json\/wp\/v2\/users\/21"}],"replies":[{"embeddable":true,"href":"https:\/\/jundiai.sp.gov.br\/noticias\/wp-json\/wp\/v2\/comments?post=185760"}],"version-history":[{"count":10,"href":"https:\/\/jundiai.sp.gov.br\/noticias\/wp-json\/wp\/v2\/posts\/185760\/revisions"}],"predecessor-version":[{"id":188706,"href":"https:\/\/jundiai.sp.gov.br\/noticias\/wp-json\/wp\/v2\/posts\/185760\/revisions\/188706"}],"wp:attachment":[{"href":"https:\/\/jundiai.sp.gov.br\/noticias\/wp-json\/wp\/v2\/media?parent=185760"}],"wp:term":[{"taxonomy":"category","embeddable":true,"href":"https:\/\/jundiai.sp.gov.br\/noticias\/wp-json\/wp\/v2\/categories?post=185760"},{"taxonomy":"post_tag","embeddable":true,"href":"https:\/\/jundiai.sp.gov.br\/noticias\/wp-json\/wp\/v2\/tags?post=185760"},{"taxonomy":"ods","embeddable":true,"href":"https:\/\/jundiai.sp.gov.br\/noticias\/wp-json\/wp\/v2\/ods?post=185760"}],"curies":[{"name":"wp","href":"https:\/\/api.w.org\/{rel}","templated":true}]}}