{"id":185788,"date":"2016-08-17T16:47:03","date_gmt":"2016-08-17T19:47:03","guid":{"rendered":"https:\/\/jundiai.sp.gov.br\/noticias\/?p=185788"},"modified":"2016-08-17T17:50:29","modified_gmt":"2016-08-17T20:50:29","slug":"pesquisa-cientifica-reforca-ajuste-ambiental-do-plano-diretor","status":"publish","type":"post","link":"https:\/\/jundiai.sp.gov.br\/noticias\/2016\/08\/17\/pesquisa-cientifica-reforca-ajuste-ambiental-do-plano-diretor\/","title":{"rendered":"Pesquisa cient\u00edfica refor\u00e7a ajuste ambiental do Plano Diretor"},"content":{"rendered":"<p><strong>A chamada \u201cpress\u00e3o antr\u00f3pica\u201d interfere diretamente na presen\u00e7a de mam\u00edferos frug\u00edvoros ou carn\u00edvoros e em suas fun\u00e7\u00f5es na din\u00e2mica da biodiversidade. A pesquisa in\u00e9dita, orientada pela Universidade Estadual de Campinas (Unicamp) e pela Universidade Estadual de S\u00e3o Paulo (USP), no Brasil, com a coopera\u00e7\u00e3o da United States Geological Survey (USGS), nos Estados Unidos.<\/strong><\/p>\n<p><strong>LEIA TAMB\u00c9M<\/strong><br \/>\n<a href=\"https:\/\/jundiai.sp.gov.br\/noticias\/2016\/08\/17\/serra-do-japi-integra-exposicao-fotografica-na-estacao-barra-funda\/\">Serra do Japi integra exposi\u00e7\u00e3o fotogr\u00e1fica na esta\u00e7\u00e3o Barra Funda<\/a><br \/>\n<a href=\"https:\/\/jundiai.sp.gov.br\/noticias\/2016\/08\/16\/conferencia-da-cidade-divulga-seu-regimento-interno\/\">Confer\u00eancia da Cidade divulga seu regimento interno pela comiss\u00e3o preparat\u00f3ria<\/a><\/p>\n<p><strong>A pesquisa usou como campo de trabalho a <a href=\"http:\/\/serradojapi.jundiai.sp.gov.br\/institucional\/\" target=\"_blank\">Serra do Japi<\/a>, mas refor\u00e7a a l\u00f3gica de crescimento controlado das zonas periurbanas criadas pelo Plano Diretor Participativo na lei 8.683, nas bordas da pr\u00f3pria Macrozona de Prote\u00e7\u00e3o da Serra do Japi e Serra dos Cristais, assim como tamb\u00e9m da Macrozona de Prote\u00e7\u00e3o Ambiental, H\u00eddrica e de Desenvolvimento Rural no outro lado do \u201ccintur\u00e3o verde\u201d de Jundia\u00ed.<\/strong><\/p>\n<p>Em outras palavras, a pesquisa conduzida pela doutora em ecologia Mariana Nagy Baldy dos Reis mostra que fatores humanos (como densidade de estradas, qualidade de cobertura florestal ou dist\u00e2ncia de \u00e1reas mais restritivas) reduzem mais a presen\u00e7a de mam\u00edferos frug\u00edvoros como macacos, pacas, veados ou outros e mam\u00edferos carn\u00edvoros como jaguatiricas, gatos-do-mato ou outros do que fatores ambientais como declividade, altitude ou a densidade hidrol\u00f3gica.<\/p>\n<div id=\"attachment_185799\" style=\"width: 730px\" class=\"wp-caption aligncenter\"><a href=\"https:\/\/jundiai.sp.gov.br\/noticias\/wp-content\/uploads\/sites\/32\/2016\/08\/serra_do_japi2.jpg\"><img loading=\"lazy\" decoding=\"async\" aria-describedby=\"caption-attachment-185799\" class=\"size-full wp-image-185799\" src=\"https:\/\/jundiai.sp.gov.br\/noticias\/wp-content\/uploads\/sites\/32\/2016\/08\/serra_do_japi2.jpg\" alt=\"Serra do Japi volta a ser fonte de informa\u00e7\u00e3o para a comunidade\" width=\"720\" height=\"720\" \/><\/a><p id=\"caption-attachment-185799\" class=\"wp-caption-text\">Serra do Japi volta a ser fonte de informa\u00e7\u00e3o para a comunidade<\/p><\/div>\n<p>Tanto frug\u00edvoros quanto carn\u00edvoros, os mam\u00edferos s\u00e3o considerados \u201cchaves\u201d no papel ecol\u00f3gico de dispersar sementes dos frutos (frugivoros) e regular a popula\u00e7\u00e3o de suas presas (carn\u00edvoros)<\/p>\n<p><strong>Escolhida nessa coopera\u00e7\u00e3o nacional e internacional por ser uma das \u00faltimas \u00e1reas cont\u00ednuas de mata atl\u00e2nticas no Estado de S\u00e3o Paulo, a Serra do Japi abrange trechos em quatro munic\u00edpios.<\/strong><\/p>\n<p>Mas apenas em Jundia\u00ed conta desde uma Reserva Biol\u00f3gica Municipal (Rebio) com formato mais restrito de uso, at\u00e9 o territ\u00f3rio inteiro da cidade reconhecido como \u00c1rea de Prote\u00e7\u00e3o Ambiental (APA), de formato mais aberto.<\/p>\n<p><strong>Da Rebio \u00e0 APA<\/strong><br \/>\nA pesquisa indica que antes desses indicadores n\u00e3o havia clareza sobre como as diferentes regras de manejo das \u00e1reas protegidas podiam influenciar a ocupa\u00e7\u00e3o e uso do habitat das esp\u00e9cies estudadas.<\/p>\n<p>\u201cNa Serra do Japi existe a Rebio, que \u00e9 o local mais restritivo ao homem. H\u00e1 tamb\u00e9m o entorno com \u00e1reas de amortecimento e a \u00e1rea natural tombada. Portanto, s<strong>\u00e3o tr\u00eas graus de prote\u00e7\u00e3o na serra<\/strong>, indo do mais protegido para o menos protegido. Quanto mais o sistema de prote\u00e7\u00e3o for restritivo \u00e0 presen\u00e7a humana, maior a variedade de esp\u00e9cies, e consequentemente, de grupos funcionais de mam\u00edferos\u201d, afirmou Mariana em entrevista ao <a href=\"http:\/\/www.unicamp.br\/unicamp\/ju\/664\/acao-humana-afeta-mamiferos-do-japi\">Jornal da Unicamp.<\/a><\/p>\n<p>O trabalho avan\u00e7ado de ecologia, que durou v\u00e1rios anos foi apoiado pela Coordena\u00e7\u00e3o de Aperfei\u00e7oamento de Pessoal de N\u00edvel Superior (Capes) e pela Funda\u00e7\u00e3o de Amparo \u00e0 Pesquisa do Estado de S\u00e3o Paulo (Fapesp), as duas maiores ag\u00eancias de fomento cient\u00edfico do pa\u00eds.<\/p>\n<p>Como no processo de an\u00e1lise de Jundia\u00ed no <a href=\"http:\/\/planodiretor.jundiai.sp.gov.br\/lei-86832016\/\">Plano Diretor da lei 8.683<\/a>, que abrange o munic\u00edpio inteiro (que \u00e9 uma APA), esse trabalho cient\u00edfico tamb\u00e9m observa o paradoxo da localiza\u00e7\u00e3o geogr\u00e1fica da serra e da cidade dentro de um poss\u00edvel corredor de fauna junto com as matas preservadas das serranias do litoral e do complexo Cantareira-Mantiqueira. Mas ao mesmo tempo dentro das press\u00f5es de crescimento imobili\u00e1rio, descarte de lixo ou atividades de ca\u00e7a ou pesca provocadas pela localiza\u00e7\u00e3o no eixo S\u00e3o Paulo-Jundia\u00ed-Campinas.<\/p>\n<div id=\"attachment_185795\" style=\"width: 730px\" class=\"wp-caption aligncenter\"><a href=\"https:\/\/jundiai.sp.gov.br\/noticias\/wp-content\/uploads\/sites\/32\/2016\/08\/Gerais-de-Jundiai_5.jpg\"><img loading=\"lazy\" decoding=\"async\" aria-describedby=\"caption-attachment-185795\" class=\"size-full wp-image-185795\" src=\"https:\/\/jundiai.sp.gov.br\/noticias\/wp-content\/uploads\/sites\/32\/2016\/08\/Gerais-de-Jundiai_5.jpg\" alt=\"Pesquisa ecol\u00f3gica refor\u00e7a necessidade de equil\u00edbrio do territ\u00f3rio\" width=\"720\" height=\"513\" \/><\/a><p id=\"caption-attachment-185795\" class=\"wp-caption-text\">Pesquisa ecol\u00f3gica refor\u00e7a necessidade de equil\u00edbrio do territ\u00f3rio<\/p><\/div>\n<p><strong>Conserva\u00e7\u00e3o<\/strong><br \/>\nAl\u00e9m das \u00e1reas da <a href=\"https:\/\/jundiai.sp.gov.br\/noticias\/2016\/07\/26\/reserva-biologica-municipal-da-serra-do-japi-amplia-desapropriacoes\/\">Rebio<\/a>, da \u00e1rea tombada e das zonas de amortecimento do territ\u00f3rio de gest\u00e3o (que segue orientado pela lei 417), a Serra do Japi recebeu com a lei 8.683 uma faixa de entorno de zonas periurbanas 1 e 2, com bairros de ocupa\u00e7\u00e3o urbana de casas sem pr\u00e9dios altos. O mesmo ocorreu com o entorno da macrozona rural e de mananciais.<\/p>\n<p>\u201cCom essa legisla\u00e7\u00e3o, o territ\u00f3rio de Jundia\u00ed voltou a ficar mais pr\u00f3ximo da vis\u00e3o de APA de que estava se distanciando em mudan\u00e7as anteriores do plano\u201d, afirma a secret\u00e1ria de Planejamento e Meio Ambiente, Daniela da C\u00e2mara Sutti.<\/p>\n<p><strong>Al\u00e9m disso, foram mapeados 928 fragmentos naturais e 1,4 mil nascentes de \u00e1gua no munic\u00edpio para ampliar os cuidados com o meio ambiente, parte da qualidade de vida da cidade e de seus moradores.<br \/>\n<\/strong><br \/>\nTudo sem perder \u00e1reas industriais (que na verdade aumentaram de 8% para 9% do territ\u00f3rio total do munic\u00edpio) e o pr\u00f3prio crescimento da cidade, agora mais organizado com prote\u00e7\u00e3o \u00e0 qualidade de vida dos bairros e com est\u00edmulo ao uso de milhares de \u00e1reas e im\u00f3veis vazios dentro das \u00e1reas urbanas j\u00e1 consolidadas com sistemas de infraestrutura (transporte, eletricidade, \u00e1gua, esgoto, escolas e outros) e servi\u00e7os.<\/p>\n<p>No caso da pesquisa espec\u00edfica em ecologia dessa coopera\u00e7\u00e3o internacional o foco est\u00e1 na \u00e1rea ambiental de refer\u00eancia desse territ\u00f3rio, mas refor\u00e7a a continuidade desses estudos e debates sobre todo o munic\u00edpio.<\/p>\n<p>Para o trabalho realizado ao longo de v\u00e1rios anos a pesquisadora foi orientada pela professora Eleonore Zulnara Freire Sets, do Departamento de Biologia Animal do <a href=\"http:\/\/www.ib.unicamp.br\/\">Instituto de Biologia da Unicamp<\/a>, com coorienta\u00e7\u00e3o de Adriano Garcia Chiarello, da <a href=\"http:\/\/www.ffclrp.usp.br\/departamentos\/biologia\/#inicio\">USP &#8211; campus de Ribeir\u00e3o Preto<\/a>, e colabora\u00e7\u00e3o de Milton C\u00e9sar Ribeiro, da Universidade Estadual Paulista (<a href=\"http:\/\/ib.rc.unesp.br\/#!\/departamentos\/ecologia\/leec\/\">Unesp \u2013 \u00a0campus de Rio Claro<\/a>).<\/p>\n<p>J\u00e1 a parte desenvolvida no exterior teve orienta\u00e7\u00e3o de James Nichols no <a href=\"https:\/\/www.pwrc.usgs.gov\/\"><strong>Patuxent Wildlife Research Center<\/strong><\/a>, \u00f3rg\u00e3o vinculado ao USGS nos Estados Unidos.<\/p>\n<p><em><strong>Jos\u00e9 Arnaldo de Oliveira<br \/>\nFoto: Arquivo PMJ<\/strong><\/em><\/p>\n","protected":false},"excerpt":{"rendered":"<p>A chamada \u201cpress\u00e3o antr\u00f3pica\u201d interfere diretamente na presen\u00e7a de mam\u00edferos frug\u00edvoros ou carn\u00edvoros e em suas fun\u00e7\u00f5es na din\u00e2mica da biodiversidade. A pesquisa in\u00e9dita, orientada pela Universidade Estadual de Campinas (Unicamp) e pela Universidade Estadual de S\u00e3o Paulo (USP), no Brasil, com a coopera\u00e7\u00e3o da United States Geological Survey (USGS), nos Estados Unidos. LEIA TAMB\u00c9M [&hellip;]<\/p>\n","protected":false},"author":21,"featured_media":0,"comment_status":"closed","ping_status":"closed","sticky":false,"template":"","format":"standard","meta":{"footnotes":""},"categories":[2],"tags":[32,559,323],"ods":[],"class_list":["post-185788","post","type-post","status-publish","format-standard","hentry","category-noticias","tag-planejamento-e-meio-ambiente","tag-plano-diretor-participativo","tag-serra-do-japi"],"_links":{"self":[{"href":"https:\/\/jundiai.sp.gov.br\/noticias\/wp-json\/wp\/v2\/posts\/185788","targetHints":{"allow":["GET"]}}],"collection":[{"href":"https:\/\/jundiai.sp.gov.br\/noticias\/wp-json\/wp\/v2\/posts"}],"about":[{"href":"https:\/\/jundiai.sp.gov.br\/noticias\/wp-json\/wp\/v2\/types\/post"}],"author":[{"embeddable":true,"href":"https:\/\/jundiai.sp.gov.br\/noticias\/wp-json\/wp\/v2\/users\/21"}],"replies":[{"embeddable":true,"href":"https:\/\/jundiai.sp.gov.br\/noticias\/wp-json\/wp\/v2\/comments?post=185788"}],"version-history":[{"count":8,"href":"https:\/\/jundiai.sp.gov.br\/noticias\/wp-json\/wp\/v2\/posts\/185788\/revisions"}],"predecessor-version":[{"id":185810,"href":"https:\/\/jundiai.sp.gov.br\/noticias\/wp-json\/wp\/v2\/posts\/185788\/revisions\/185810"}],"wp:attachment":[{"href":"https:\/\/jundiai.sp.gov.br\/noticias\/wp-json\/wp\/v2\/media?parent=185788"}],"wp:term":[{"taxonomy":"category","embeddable":true,"href":"https:\/\/jundiai.sp.gov.br\/noticias\/wp-json\/wp\/v2\/categories?post=185788"},{"taxonomy":"post_tag","embeddable":true,"href":"https:\/\/jundiai.sp.gov.br\/noticias\/wp-json\/wp\/v2\/tags?post=185788"},{"taxonomy":"ods","embeddable":true,"href":"https:\/\/jundiai.sp.gov.br\/noticias\/wp-json\/wp\/v2\/ods?post=185788"}],"curies":[{"name":"wp","href":"https:\/\/api.w.org\/{rel}","templated":true}]}}