{"id":186048,"date":"2016-08-23T16:17:45","date_gmt":"2016-08-23T19:17:45","guid":{"rendered":"https:\/\/jundiai.sp.gov.br\/noticias\/?p=186048"},"modified":"2016-08-24T18:14:18","modified_gmt":"2016-08-24T21:14:18","slug":"4o-simposio-do-patrimonio-comeca-nesta-quarta-feira-24","status":"publish","type":"post","link":"https:\/\/jundiai.sp.gov.br\/noticias\/2016\/08\/23\/4o-simposio-do-patrimonio-comeca-nesta-quarta-feira-24\/","title":{"rendered":"4\u00ba Simp\u00f3sio do Patrim\u00f4nio come\u00e7a nesta quarta-feira (24)"},"content":{"rendered":"<p><strong>A Diretoria de Patrim\u00f4nio Hist\u00f3rico e Cultural dividiu em dois dias as apresenta\u00e7\u00f5es para os trabalhos do 4\u00ba Simp\u00f3sio do Patrim\u00f4nio devido ao grande n\u00famero de inscri\u00e7\u00f5es, 27 no total. A medida foi adotada para que os expositores possam ter tempo suficiente no enriquecimento da discuss\u00e3o.<\/strong><\/p>\n<p><strong>LEIA TAMB\u00c9M<\/strong><br \/>\n<a href=\"https:\/\/jundiai.sp.gov.br\/noticias\/2016\/08\/22\/inscricoes-para-projeto-oficinas-culturais-2016-vao-ate-a-terca-feira-30\/\">Inscri\u00e7\u00f5es para \u2018Projeto Oficinas Culturais 2016\u2019 v\u00e3o at\u00e9 a ter\u00e7a-feira (30)<\/a><br \/>\n<a href=\"https:\/\/jundiai.sp.gov.br\/noticias\/2016\/08\/23\/ceu-das-artes-e-esportes-tem-workshop-infantil-de-danca-nesta-quinta-25\/\">CEU das Artes e Esportes tem workshop infantil de dan\u00e7a nesta quinta (25)<\/a><br \/>\n<a href=\"https:\/\/jundiai.sp.gov.br\/noticias\/2016\/08\/23\/orquestra-jazz-sinfonica-se-apresenta-no-teatro-polytheama-neste-sabado-27\/\">Orquestra Jazz Sinf\u00f4nica se apresenta no Teatro Polytheama neste s\u00e1bado (27)<\/a><\/p>\n<div id=\"attachment_186057\" style=\"width: 730px\" class=\"wp-caption aligncenter\"><a href=\"https:\/\/jundiai.sp.gov.br\/noticias\/wp-content\/uploads\/sites\/32\/2016\/08\/Fepasa_01.jpg\"><img loading=\"lazy\" decoding=\"async\" aria-describedby=\"caption-attachment-186057\" class=\"size-full wp-image-186057\" src=\"https:\/\/jundiai.sp.gov.br\/noticias\/wp-content\/uploads\/sites\/32\/2016\/08\/Fepasa_01.jpg\" alt=\"Programa\u00e7\u00e3o inicia nesta quarta-feira (24), \u00e0s 8h, no Complexo Fepasa\" width=\"720\" height=\"513\" \/><\/a><p id=\"caption-attachment-186057\" class=\"wp-caption-text\">Programa\u00e7\u00e3o inicia nesta quarta-feira (24), \u00e0s 8h, no Complexo Fepasa<\/p><\/div>\n<p><strong>Metade dos trabalhos v\u00e3o ser apresentados na quarta-feira (24), das 15h \u00e0s 17h30, no mesmo hor\u00e1rio em que ocorre o minicurso \u201cConserva\u00e7\u00e3o e manejo de documentos\u201d. No entanto, a atividade vai ser no Centro de Mem\u00f3ria, enquanto os trabalhos s\u00e3o apresentados na Sala dos Rel\u00f3gios, tudo no Complexo Fepasa.<\/strong><\/p>\n<p><strong>O cronograma da quinta-feira (25) segue a mesma l\u00f3gica, com apresenta\u00e7\u00e3o do restante dos trabalhos, das 13h \u00e0s 17h, na Sala dos Rel\u00f3gios<\/strong>. \u201cFicamos bastante felizes com as respostas que vieram, pois s\u00e3o <strong>diversos temas que tratam do Patrim\u00f4nio Cultural<\/strong>, e sabemos que isso vai enriquecer em muito o debate\u201d, afirma o Diretor de Patrim\u00f4nio Hist\u00f3rico e Cultural, Donizetti Aparecido Pinto.<\/p>\n<p>As <strong>apresenta\u00e7\u00f5es v\u00e3o ser abertas para todos que quiserem assistir<\/strong> durante o 4\u00ba Simp\u00f3sio sobre Patrim\u00f4nio Hist\u00f3rico e Cultural (DPHC). Os interessados em antecipar o entendimento sobre os t\u00edtulos de trabalhos apresentados podem conferir os <a href=\"https:\/\/jundiai.sp.gov.br\/noticias\/2016\/08\/23\/trabalhos-do-4o-simposio\/\">resumos<\/a>.<\/p>\n<p><a href=\"http:\/\/goo.gl\/I1OwSc\">CONFIRA A PROGRAMA\u00c7\u00c3O COMPLETA<\/a><\/p>\n<p>O 4\u00ba Simp\u00f3sio do Patrim\u00f4nio Material e Imaterial de Jundia\u00ed vai ser no Complexo Fepasa, na avenida Uni\u00e3o dos Ferrovi\u00e1rios, n\u00ba 1760, Centro. A<strong> entrada \u00e9 gratuita.<\/strong><\/p>\n<p><em><strong>Assessoria de imprensa<br \/>\nFoto: Arquivo PMJ<br \/>\n<\/strong><br \/>\n<\/em><\/p>\n","protected":false},"excerpt":{"rendered":"<p>Festival Cultural na Ponte Torta nesta sexta-feira (26) encerra o evento. Confira a programa\u00e7\u00e3o completa!<\/p>\n","protected":false},"author":21,"featured_media":186053,"comment_status":"closed","ping_status":"closed","sticky":false,"template":"","format":"standard","meta":{"footnotes":""},"categories":[2],"tags":[901,29,449,800,682],"ods":[],"class_list":["post-186048","post","type-post","status-publish","format-standard","has-post-thumbnail","hentry","category-noticias","tag-4o-simposio-sobre-patrimonio-material-e-imaterial","tag-cultura","tag-espaco-expressa","tag-patrimonio-historico-e-cultural","tag-simposio-sobre-patrimonio-material-e-imaterial"],"_links":{"self":[{"href":"https:\/\/jundiai.sp.gov.br\/noticias\/wp-json\/wp\/v2\/posts\/186048","targetHints":{"allow":["GET"]}}],"collection":[{"href":"https:\/\/jundiai.sp.gov.br\/noticias\/wp-json\/wp\/v2\/posts"}],"about":[{"href":"https:\/\/jundiai.sp.gov.br\/noticias\/wp-json\/wp\/v2\/types\/post"}],"author":[{"embeddable":true,"href":"https:\/\/jundiai.sp.gov.br\/noticias\/wp-json\/wp\/v2\/users\/21"}],"replies":[{"embeddable":true,"href":"https:\/\/jundiai.sp.gov.br\/noticias\/wp-json\/wp\/v2\/comments?post=186048"}],"version-history":[{"count":15,"href":"https:\/\/jundiai.sp.gov.br\/noticias\/wp-json\/wp\/v2\/posts\/186048\/revisions"}],"predecessor-version":[{"id":186108,"href":"https:\/\/jundiai.sp.gov.br\/noticias\/wp-json\/wp\/v2\/posts\/186048\/revisions\/186108"}],"wp:featuredmedia":[{"embeddable":true,"href":"https:\/\/jundiai.sp.gov.br\/noticias\/wp-json\/wp\/v2\/media\/186053"}],"wp:attachment":[{"href":"https:\/\/jundiai.sp.gov.br\/noticias\/wp-json\/wp\/v2\/media?parent=186048"}],"wp:term":[{"taxonomy":"category","embeddable":true,"href":"https:\/\/jundiai.sp.gov.br\/noticias\/wp-json\/wp\/v2\/categories?post=186048"},{"taxonomy":"post_tag","embeddable":true,"href":"https:\/\/jundiai.sp.gov.br\/noticias\/wp-json\/wp\/v2\/tags?post=186048"},{"taxonomy":"ods","embeddable":true,"href":"https:\/\/jundiai.sp.gov.br\/noticias\/wp-json\/wp\/v2\/ods?post=186048"}],"curies":[{"name":"wp","href":"https:\/\/api.w.org\/{rel}","templated":true}]}}