{"id":186115,"date":"2016-08-24T17:00:29","date_gmt":"2016-08-24T20:00:29","guid":{"rendered":"https:\/\/jundiai.sp.gov.br\/noticias\/?p=186115"},"modified":"2020-11-03T17:46:04","modified_gmt":"2020-11-03T20:46:04","slug":"sao-definidos-detalhes-do-desfile-civico-de-7-de-setembro","status":"publish","type":"post","link":"https:\/\/jundiai.sp.gov.br\/noticias\/2016\/08\/24\/sao-definidos-detalhes-do-desfile-civico-de-7-de-setembro\/","title":{"rendered":"S\u00e3o definidos detalhes do Desfile de 7 de Setembro"},"content":{"rendered":"<p><strong>Para acertar os detalhes do Desfile C\u00edvico de 7 de Setembro, os grupos e entidades inscritos para a tradicional comemora\u00e7\u00e3o da Independ\u00eancia do Brasil se reuniram no <a href=\"http:\/\/cultura.jundiai.sp.gov.br\/espacos-culturais\/museu-historico-e-cultural-de-jundiai\/\" target=\"_blank\" rel=\"noopener noreferrer\">Museu Hist\u00f3rico e Cultural de Jundia\u00ed Solar do Bar\u00e3o<\/a> nesta quarta-feira (24).<\/strong><\/p>\n<p>Foram confirmados<strong> 36 blocos no comboio<\/strong> formados por <strong>cerca 1800 participantes<\/strong> e p\u00fablico de pelo menos <strong>15 mil pessoas<\/strong>.<\/p>\n<p><strong>LEIA TAMB\u00c9M<\/strong><br \/>\n<a href=\"https:\/\/jundiai.sp.gov.br\/noticias\/2016\/08\/22\/programa-jundiai-feito-a-mao-inicia-nova-temporada-nesta-quarta-feira-24\/\">\u2018Jundia\u00ed Feito \u00e0 M\u00e3o\u2019 inicia nova temporada de eventos<\/a><\/p>\n<div id=\"attachment_186116\" style=\"width: 730px\" class=\"wp-caption aligncenter\"><a href=\"https:\/\/jundiai.sp.gov.br\/noticias\/wp-content\/uploads\/sites\/32\/2016\/08\/seguranca_7_setembro_D1.jpg\"><img loading=\"lazy\" decoding=\"async\" aria-describedby=\"caption-attachment-186116\" class=\"size-large wp-image-186116\" src=\"https:\/\/jundiai.sp.gov.br\/noticias\/wp-content\/uploads\/sites\/32\/2016\/08\/seguranca_7_setembro_D1-720x480.jpg\" alt=\"Organizadores discutem \u00faltimos detalhes do desfile de 7 de setembro\" width=\"720\" height=\"480\" srcset=\"https:\/\/jundiai.sp.gov.br\/noticias\/wp-content\/uploads\/sites\/32\/2016\/08\/seguranca_7_setembro_D1-720x480.jpg 720w, https:\/\/jundiai.sp.gov.br\/noticias\/wp-content\/uploads\/sites\/32\/2016\/08\/seguranca_7_setembro_D1-300x200.jpg 300w, https:\/\/jundiai.sp.gov.br\/noticias\/wp-content\/uploads\/sites\/32\/2016\/08\/seguranca_7_setembro_D1-768x512.jpg 768w, https:\/\/jundiai.sp.gov.br\/noticias\/wp-content\/uploads\/sites\/32\/2016\/08\/seguranca_7_setembro_D1.jpg 1240w\" sizes=\"auto, (max-width: 720px) 100vw, 720px\" \/><\/a><p id=\"caption-attachment-186116\" class=\"wp-caption-text\">Organizadores discutem \u00faltimos detalhes do desfile de 7 de setembro<\/p><\/div>\n<p>Soldados do <a href=\"http:\/\/www.12gac.eb.mil.br\/\" target=\"_blank\" rel=\"noopener noreferrer\"><strong>12\u00b0 Grupo de Artilharia de Campanha (GAC)<\/strong><\/a> do Ex\u00e9rcito Brasileiro <strong>abrem o desfile por volta das 8h30 na Av. Prefeito Lu\u00eds Latorre<\/strong>, logo ap\u00f3s a c<strong>erim\u00f4nia de hasteamento da bandeira e revista da tropa<\/strong>, prevista para as <strong>8h<\/strong>.<\/p>\n<p>Em seguida entram na avenida as <strong>for\u00e7as de seguran\u00e7a<\/strong>, entre elas Pol\u00edcia Militar, Rodovi\u00e1ria, Ambiental, Corpo de Bombeiros, Pol\u00edcia Civil e Guarda Municipal, Defesa Civil, <strong>grupos ligados \u00e0 sa\u00fade, os tradicionais clubes automotivos da cidade, escolas, grupo de escoteiros, integrantes da <a href=\"http:\/\/www.esef.br\/\" target=\"_blank\" rel=\"noopener noreferrer\">Escola Superior de Educa\u00e7\u00e3o F\u00edsica (Esef)<\/a>, esportistas, Sesi, produtores rurais, motociclistas de clubes de Jundia\u00ed<\/strong> fecham a apresenta\u00e7\u00e3o.<\/p>\n<p><strong>Alimenta\u00e7\u00e3o<\/strong><br \/>\nCom o sucesso do ano passado, as<strong> barracas de alimenta\u00e7\u00e3o<\/strong> fazem\u00a0novamente parte do evento. <strong>Dez barracas de gastronomia<\/strong> (com pasteis, caldo de cana, milho, salada de frutas, entre outros) v\u00e3o ser montadas na avenida. O grupo \u00e9 o mesmo que participa dos <strong>varej\u00f5es noturnos e do programa &#8220;Sexta no Centro&#8221;<\/strong>.<\/p>\n<div id=\"attachment_186118\" style=\"width: 410px\" class=\"wp-caption alignright\"><a href=\"https:\/\/jundiai.sp.gov.br\/noticias\/wp-content\/uploads\/sites\/32\/2016\/08\/seguranca_7_setembro_D7.jpg\"><img loading=\"lazy\" decoding=\"async\" aria-describedby=\"caption-attachment-186118\" class=\"size-large wp-image-186118\" src=\"https:\/\/jundiai.sp.gov.br\/noticias\/wp-content\/uploads\/sites\/32\/2016\/08\/seguranca_7_setembro_D7-720x452.jpg\" alt=\"For\u00e7as de seguran\u00e7a, escolas, clubes de carros e motociclistas s\u00e3o alguns dos blocos a se apresentar\" width=\"400\" height=\"350\" \/><\/a><p id=\"caption-attachment-186118\" class=\"wp-caption-text\">For\u00e7as de seguran\u00e7a, escolas, clubes de carros e motociclistas s\u00e3o alguns dos blocos a se apresentar<\/p><\/div>\n<p>No mesmo modelo os <strong>artes\u00e3os da cidade<\/strong> tamb\u00e9m v\u00e3o expor e vender seus trabalhos.<\/p>\n<p><strong>Semana da P\u00e1tria <\/strong><br \/>\nEm Jundia\u00ed n\u00e3o \u00e9 somente o dia da Independ\u00eancia do Brasil que ser\u00e1 comemorado. <strong>A Prefeitura tamb\u00e9m fez uma programa\u00e7\u00e3o para a Semana da P\u00e1tria, que tem in\u00edcio no dia 1\u00ba de setembro, \u00e0s 8h, com a Solenidade de Abertura, na Pra\u00e7a Governador Pedro de Toledo, com o acendimento do fogo simb\u00f3lico<\/strong>.<\/p>\n<p>\u201c\u00c9 importante mobilizarmos as <strong>escolas<\/strong>, assim como <strong>toda popula\u00e7\u00e3o<\/strong> para comemorar essa data t\u00e3o importante para nosso Pa\u00eds. N\u00e3o podemos deixar que as gera\u00e7\u00f5es futuras esque\u00e7am essa tradi\u00e7\u00e3o e n\u00e3o reconhe\u00e7am a import\u00e2ncia deste dia\u201d, disse o diretor de Fiscaliza\u00e7\u00e3o do Tr\u00e2nsito, Thiers Costa Marques Neto.<\/p>\n<p><strong>Confira a programa\u00e7\u00e3o completa da Semana da P\u00e1tria:<\/strong><\/p>\n<p><strong>Quinta-feira (1\u00ba), \u00e0s 8h<\/strong> \u2013 <em>Solenidade de Abertura da Semana da P\u00e1tria, na Pra\u00e7a Governador Pedro de Toledo<\/em>;<\/p>\n<p><strong>Sexta-feira (2), \u00e0s 8h<\/strong> \u2013 <em>Desfile da Independ\u00eancia do Vetor Oeste do Munic\u00edpio em parceria com a Funda\u00e7\u00e3o Cintra Gordinho, na avenida Carmine Todaro, Jardim Novo Horizonte<\/em>;<\/p>\n<p><strong>Segunda-feira (5), \u00e0s 8h<\/strong> \u2013 <em>Hasteamento da bandeira e execu\u00e7\u00e3o do Hino Nacional, na Emeb Luiz Biela de Souza, na rua Alice Guimar\u00e3es Pelegrini, 850, Jardim Santa Gertrudes<\/em>;<\/p>\n<p><strong>Ter\u00e7a-feira (6), \u00e0s 8h<\/strong> \u2013 <em>Hasteamento da bandeira e execu\u00e7\u00e3o do Hino Nacional, na Emeb Hermenegildo Martinelli, na avenida Jos\u00e9 Mezzalira, 400, Ivoturucaia<\/em>;<\/p>\n<p><strong>Quarta-feira (7), \u00e0s 8h<\/strong> \u2013 <em>Desfile da Independ\u00eancia do Brasil, na avenida Prefeito Luiz Latorre<\/em>.<\/p>\n<p><strong><em>Assessoria de Imprensa<br \/>\nFotos: Dorival Pinheiro Filho<\/em><\/strong><\/p>\n","protected":false},"excerpt":{"rendered":"<p>Centro, Novo Horizonte, Ivoturucaia, Santa Gertrudes e Luiz Latorre recebem programa\u00e7\u00e3o da Semana da P\u00e1tria<\/p>\n","protected":false},"author":14,"featured_media":184020,"comment_status":"closed","ping_status":"closed","sticky":false,"template":"","format":"standard","meta":{"footnotes":""},"categories":[2],"tags":[140,34,91,250,31,290,908,27,338],"ods":[],"class_list":["post-186115","post","type-post","status-publish","format-standard","has-post-thumbnail","hentry","category-noticias","tag-12o-grupo-de-artilharia-de-campanha-gac","tag-defesa-civil","tag-escola-superior-de-educacao-fisica-de-jundiai-esef","tag-gabinete-de-gestao-integrada-municipal-ggim","tag-guarda-municipal","tag-museu-historico-e-cultural-solar-do-barao","tag-semana-da-patria-2016","tag-transito","tag-transportes"],"_links":{"self":[{"href":"https:\/\/jundiai.sp.gov.br\/noticias\/wp-json\/wp\/v2\/posts\/186115","targetHints":{"allow":["GET"]}}],"collection":[{"href":"https:\/\/jundiai.sp.gov.br\/noticias\/wp-json\/wp\/v2\/posts"}],"about":[{"href":"https:\/\/jundiai.sp.gov.br\/noticias\/wp-json\/wp\/v2\/types\/post"}],"author":[{"embeddable":true,"href":"https:\/\/jundiai.sp.gov.br\/noticias\/wp-json\/wp\/v2\/users\/14"}],"replies":[{"embeddable":true,"href":"https:\/\/jundiai.sp.gov.br\/noticias\/wp-json\/wp\/v2\/comments?post=186115"}],"version-history":[{"count":10,"href":"https:\/\/jundiai.sp.gov.br\/noticias\/wp-json\/wp\/v2\/posts\/186115\/revisions"}],"predecessor-version":[{"id":257425,"href":"https:\/\/jundiai.sp.gov.br\/noticias\/wp-json\/wp\/v2\/posts\/186115\/revisions\/257425"}],"wp:featuredmedia":[{"embeddable":true,"href":"https:\/\/jundiai.sp.gov.br\/noticias\/wp-json\/wp\/v2\/media\/184020"}],"wp:attachment":[{"href":"https:\/\/jundiai.sp.gov.br\/noticias\/wp-json\/wp\/v2\/media?parent=186115"}],"wp:term":[{"taxonomy":"category","embeddable":true,"href":"https:\/\/jundiai.sp.gov.br\/noticias\/wp-json\/wp\/v2\/categories?post=186115"},{"taxonomy":"post_tag","embeddable":true,"href":"https:\/\/jundiai.sp.gov.br\/noticias\/wp-json\/wp\/v2\/tags?post=186115"},{"taxonomy":"ods","embeddable":true,"href":"https:\/\/jundiai.sp.gov.br\/noticias\/wp-json\/wp\/v2\/ods?post=186115"}],"curies":[{"name":"wp","href":"https:\/\/api.w.org\/{rel}","templated":true}]}}