{"id":186166,"date":"2016-08-25T14:37:42","date_gmt":"2016-08-25T17:37:42","guid":{"rendered":"https:\/\/jundiai.sp.gov.br\/noticias\/?p=186166"},"modified":"2016-08-25T14:37:42","modified_gmt":"2016-08-25T17:37:42","slug":"simposio-marca-lancamento-de-pesquisa-ferroviaria","status":"publish","type":"post","link":"https:\/\/jundiai.sp.gov.br\/noticias\/2016\/08\/25\/simposio-marca-lancamento-de-pesquisa-ferroviaria\/","title":{"rendered":"Simp\u00f3sio marca lan\u00e7amento de pesquisa ferrovi\u00e1ria"},"content":{"rendered":"<p><strong>Uma pesquisa de novos m\u00e9todos cient\u00edficos sobre a hist\u00f3ria t\u00e9cnica da Companhia Paulista de Estradas de Ferro (1868-1971) est\u00e1 no livro \u201cTecnologia e Cultura \u2013 Mem\u00f3ria Ferrovi\u00e1ria\u201d (Edi\u00e7\u00f5es Brasil, 2016), que trata da linha desenvolvida pela <a href=\"http:\/\/www.fatecjd.edu.br\/site\/\" target=\"_blank\">Faculdade de Tecnologia (Fatec) de Jundia\u00ed<\/a> em projeto capitaneado pela <a href=\"http:\/\/www.unesp.br\/\" target=\"_blank\">Universidade Estadual Paulista (Unesp)<\/a>.<\/strong><\/p>\n<p><strong>CONFIRA A <a href=\"https:\/\/jundiai.sp.gov.br\/noticias\/2016\/06\/23\/programacao-do-4o-simposio-sobre-patrimonio-material-e-imaterial\/\">PROGRAMA\u00c7\u00c3O<\/a> E O <a href=\"https:\/\/jundiai.sp.gov.br\/noticias\/2016\/08\/23\/trabalhos-do-4o-simposio\/\">RESUMO DOS TRABALHOS<\/a> DO SIMP\u00d3SIO<\/strong><\/p>\n<p>O lan\u00e7amento foi nesta <strong>quinta-feira (25), no 4\u00ba Simp\u00f3sio de Patrim\u00f4nio Material e Imaterial de Jundia\u00ed<\/strong>, organizado pela Diretoria de Patrim\u00f4nio Hist\u00f3rico, da Prefeitura, e pelo Conselho Municipal do Patrim\u00f4nio Art\u00edstico e Cultural (Compac).<\/p>\n<p><strong>LEIA TAMB\u00c9M<\/strong><br \/>\n<a href=\"https:\/\/jundiai.sp.gov.br\/noticias\/2016\/08\/24\/4o-simposio-do-patrimonio-continua-nesta-quinta-25-no-complexo-fepasa\/\">4\u00ba Simp\u00f3sio sobre Patrim\u00f4nio continua no Complexo Fepasa<\/a><br \/>\n<a href=\"https:\/\/jundiai.sp.gov.br\/noticias\/2016\/08\/23\/multiplas-temporalidades-revela-antiga-jundiai-no-sabado-27\/\">\u2018M\u00faltiplas Temporalidades\u2019 revela antiga Jundia\u00ed no s\u00e1bado (27)<\/a><br \/>\n<a href=\"https:\/\/jundiai.sp.gov.br\/noticias\/2016\/08\/23\/ceu-das-artes-e-esportes-tem-workshop-infantil-de-danca-nesta-quinta-25\/\">CEU das Artes e Esportes tem workshop infantil de dan\u00e7a nesta quinta (25)<\/a><br \/>\n<a href=\"https:\/\/jundiai.sp.gov.br\/noticias\/2016\/08\/23\/orquestra-jazz-sinfonica-se-apresenta-no-teatro-polytheama-neste-sabado-27\/\">Orquestra Jazz Sinf\u00f4nica se apresenta no Teatro Polytheama neste s\u00e1bado (27)<\/a><\/p>\n<div id=\"attachment_186167\" style=\"width: 340px\" class=\"wp-caption alignright\"><a href=\"https:\/\/jundiai.sp.gov.br\/noticias\/wp-content\/uploads\/sites\/32\/2016\/08\/livro_G.jpg\"><img loading=\"lazy\" decoding=\"async\" aria-describedby=\"caption-attachment-186167\" class=\"size-large wp-image-186167\" src=\"https:\/\/jundiai.sp.gov.br\/noticias\/wp-content\/uploads\/sites\/32\/2016\/08\/livro_G-703x960.jpg\" alt=\"Capa do livro &quot;Tecnologia, Cultura \u2013 Mem\u00f3ria Ferrovi\u00e1ria&quot;\" width=\"330\" height=\"370\" \/><\/a><p id=\"caption-attachment-186167\" class=\"wp-caption-text\">Capa do livro &#8220;Tecnologia e Cultura \u2013 Mem\u00f3ria Ferrovi\u00e1ria&#8221;<\/p><\/div>\n<p>O livro registra uma <strong>ampla abordagem da pesquisa<\/strong>, apoiada pela <a href=\"http:\/\/www.fapesp.br\/\" target=\"_blank\">Funda\u00e7\u00e3o de Amparo \u00e0 Pesquisa do Estado de S\u00e3o Paulo (Fapesp)<\/a>.<\/p>\n<p>S\u00e3o tr\u00eas partes principais. Na primeira, chamada <strong>Pesquisa, tecnologia e patrim\u00f4nio<\/strong>, \u00e9 tratada a apropria\u00e7\u00e3o social do patrim\u00f4nio tombado do Complexo Fepasa entre 1999 e 2012, o trabalho do tecn\u00f3logo da preserva\u00e7\u00e3o de bens patrimoniais, a import\u00e2ncia do acervo da Companhia Paulista para estudos sobre a hist\u00f3ria da educa\u00e7\u00e3o profissional e a informatiza\u00e7\u00e3o do patrim\u00f4nio ferrovi\u00e1rio paulista.<\/p>\n<p>Na segunda, est\u00e3o <strong>Passagens e velocidades<\/strong>, colocando as locomotivas no contexto maior da acelera\u00e7\u00e3o da vida e dos fluxos e \u201ctempos de forma\u00e7\u00e3o\u201d sobre os surpreendentes conhecimentos da era da mec\u00e2nica surgidos e desenvolvidos no local que praticamente criou o modelo de ensino do Senai.<\/p>\n<p>A terceira parte envolve os trabalhos desenvolvidos como inicia\u00e7\u00e3o cient\u00edfica qualificada (ICT) sobre as <strong>Fun\u00e7\u00f5es e espa\u00e7os de trabalho pelos relat\u00f3rios de 1869 a 1872<\/strong>, um estudo terminol\u00f3gico para um \u201cgloss\u00e1rio ingl\u00eas-portugu\u00eas\u201d, um estudo no \u00e1lbum comemorativo da companhia sobre \u201ctrabalho, lazer e eventos de 1868 a 1918\u201d, um curioso estudo de \u201cdi\u00e1rios de trabalho de uma equipe de pesquisa\u201d e, finalmente, a \u201caplicabilidade do scrum (m\u00e9todo de planejamento) em pesquisa\u201d.<\/p>\n<p>Presente ao lan\u00e7amento, um dos entrevistados da se\u00e7\u00e3o de hist\u00f3ria oral aplicada do livro, o ex-chefe de se\u00e7\u00e3o Carlos Roberto Tonielo, de 67 anos, lembrou que<strong> muitos dos ferrovi\u00e1rios dispensados em 1999, quando a estatal Fepasa foi vendida para a empresa Ferroban, permaneceram no complexo voluntariamente at\u00e9 2001<\/strong>.<\/p>\n<p><strong>CONFIRA A <a href=\"https:\/\/jundiai.sp.gov.br\/noticias\/2016\/06\/23\/programacao-do-4o-simposio-sobre-patrimonio-material-e-imaterial\/\">PROGRAMA\u00c7\u00c3O<\/a> E O <a href=\"https:\/\/jundiai.sp.gov.br\/noticias\/2016\/08\/23\/trabalhos-do-4o-simposio\/\">RESUMO DOS TRABALHOS<\/a> DO SIMP\u00d3SIO<\/strong><\/p>\n<p>\u201cTivemos muitas a\u00e7\u00f5es de trazer a comunidade, inclusive reunirmos os <strong>rel\u00f3gios espalhados para formarmos esta hoje conhecida Sala dos Rel\u00f3gios<\/strong>\u201d, afirmou sobre o movimento coletivo que naquele ano alcan\u00e7ou a municipaliza\u00e7\u00e3o parcial do complexo.<\/p>\n<p>O livro foi organizado pelos professores doutores L\u00edvia Maria Louzada Brand\u00e3o e Sueli Soares dos Santos Batista e pelo professor mestre Carlos Eduardo Schuster, da Fatec Jundia\u00ed. A coordena\u00e7\u00e3o geral do projeto \u00e9 de Eduardo Romero Pereira, da Unesp.<\/p>\n<p><strong><em>Jos\u00e9 Arnaldo de Oliveira<\/em><\/strong><\/p>\n","protected":false},"excerpt":{"rendered":"<p>Uma pesquisa de novos m\u00e9todos cient\u00edficos sobre a hist\u00f3ria t\u00e9cnica da Companhia Paulista de Estradas de Ferro (1868-1971) est\u00e1 no livro \u201cTecnologia e Cultura \u2013 Mem\u00f3ria Ferrovi\u00e1ria\u201d (Edi\u00e7\u00f5es Brasil, 2016), que trata da linha desenvolvida pela Faculdade de Tecnologia (Fatec) de Jundia\u00ed em projeto capitaneado pela Universidade Estadual Paulista (Unesp). CONFIRA A PROGRAMA\u00c7\u00c3O E O [&hellip;]<\/p>\n","protected":false},"author":14,"featured_media":0,"comment_status":"closed","ping_status":"closed","sticky":false,"template":"","format":"standard","meta":{"footnotes":""},"categories":[2],"tags":[901,256,29,449,800,682],"ods":[],"class_list":["post-186166","post","type-post","status-publish","format-standard","hentry","category-noticias","tag-4o-simposio-sobre-patrimonio-material-e-imaterial","tag-conselho-do-patrimonio-cultural-compac","tag-cultura","tag-espaco-expressa","tag-patrimonio-historico-e-cultural","tag-simposio-sobre-patrimonio-material-e-imaterial"],"_links":{"self":[{"href":"https:\/\/jundiai.sp.gov.br\/noticias\/wp-json\/wp\/v2\/posts\/186166","targetHints":{"allow":["GET"]}}],"collection":[{"href":"https:\/\/jundiai.sp.gov.br\/noticias\/wp-json\/wp\/v2\/posts"}],"about":[{"href":"https:\/\/jundiai.sp.gov.br\/noticias\/wp-json\/wp\/v2\/types\/post"}],"author":[{"embeddable":true,"href":"https:\/\/jundiai.sp.gov.br\/noticias\/wp-json\/wp\/v2\/users\/14"}],"replies":[{"embeddable":true,"href":"https:\/\/jundiai.sp.gov.br\/noticias\/wp-json\/wp\/v2\/comments?post=186166"}],"version-history":[{"count":8,"href":"https:\/\/jundiai.sp.gov.br\/noticias\/wp-json\/wp\/v2\/posts\/186166\/revisions"}],"predecessor-version":[{"id":186183,"href":"https:\/\/jundiai.sp.gov.br\/noticias\/wp-json\/wp\/v2\/posts\/186166\/revisions\/186183"}],"wp:attachment":[{"href":"https:\/\/jundiai.sp.gov.br\/noticias\/wp-json\/wp\/v2\/media?parent=186166"}],"wp:term":[{"taxonomy":"category","embeddable":true,"href":"https:\/\/jundiai.sp.gov.br\/noticias\/wp-json\/wp\/v2\/categories?post=186166"},{"taxonomy":"post_tag","embeddable":true,"href":"https:\/\/jundiai.sp.gov.br\/noticias\/wp-json\/wp\/v2\/tags?post=186166"},{"taxonomy":"ods","embeddable":true,"href":"https:\/\/jundiai.sp.gov.br\/noticias\/wp-json\/wp\/v2\/ods?post=186166"}],"curies":[{"name":"wp","href":"https:\/\/api.w.org\/{rel}","templated":true}]}}