{"id":186542,"date":"2016-09-01T16:43:50","date_gmt":"2016-09-01T19:43:50","guid":{"rendered":"https:\/\/jundiai.sp.gov.br\/noticias\/?p=186542"},"modified":"2020-11-06T09:08:32","modified_gmt":"2020-11-06T12:08:32","slug":"feira-da-amizade-2016-explora-tematica-musical-para-decoracao","status":"publish","type":"post","link":"https:\/\/jundiai.sp.gov.br\/noticias\/2016\/09\/01\/feira-da-amizade-2016-explora-tematica-musical-para-decoracao\/","title":{"rendered":"Feira da Amizade 2016 explora tem\u00e1tica musical para decora\u00e7\u00e3o"},"content":{"rendered":"<p><strong>A Feira da Amizade 2016 traz como tema de sua decora\u00e7\u00e3o, a \u201cM\u00fasica\u201d. Com o in\u00edcio da festa marcado para a sexta-feira (2), a partir das 18h, os participantes v\u00e3o contar com os pavilh\u00f5es recheados de cores e imagens de personagens conhecidos da m\u00fasica nacional e internacional, al\u00e9m de refer\u00eancias aos principais eventos do meio musical.<\/strong><\/p>\n<p><strong>MAIS FEIRA DA AMIZADE<\/strong><br \/>\n<a href=\"https:\/\/jundiai.sp.gov.br\/noticias\/2016\/08\/30\/feira-da-amizade-contempla-mpb-entre-as-atracoes-culturais\/\">MPB est\u00e1 entre as atra\u00e7\u00f5es culturais<\/a><br \/>\n<a href=\"https:\/\/jundiai.sp.gov.br\/noticias\/2016\/08\/16\/de-volta-para-o-futuro-e-atracao-na-feira-da-amizade\/\">\u2018De volta para o futuro\u2019 \u00e9 atra\u00e7\u00e3o na Feira<\/a><br \/>\n<a href=\"https:\/\/jundiai.sp.gov.br\/noticias\/2016\/09\/01\/feira-da-amizade-2016-vai-ter-atracoes-para-toda-a-familia\/\">Evento vai ter programa\u00e7\u00e3o para toda a fam\u00edlia<\/a><\/p>\n<div id=\"attachment_186548\" style=\"width: 730px\" class=\"wp-caption aligncenter\"><a href=\"https:\/\/jundiai.sp.gov.br\/noticias\/wp-content\/uploads\/sites\/32\/2016\/09\/the-beatles.jpg\"><img loading=\"lazy\" decoding=\"async\" aria-describedby=\"caption-attachment-186548\" class=\"size-full wp-image-186548\" src=\"https:\/\/jundiai.sp.gov.br\/noticias\/wp-content\/uploads\/sites\/32\/2016\/09\/the-beatles.jpg\" alt=\"F\u00e3s de Beatles v\u00e3o poder se caracterizar como os m\u00fasicos para fotos\" width=\"720\" height=\"513\" \/><\/a><p id=\"caption-attachment-186548\" class=\"wp-caption-text\">F\u00e3s de Beatles v\u00e3o poder se caracterizar como os m\u00fasicos para fotos<\/p><\/div>\n<p>No pavilh\u00e3o 1 foi montado um palco falso com os \u00edcones brit\u00e2nicos <strong>Beatles<\/strong> em MDF, com os rostos vazados, para proporcionar ao p\u00fablico a oportunidade de uma foto caracterizada como os m\u00fasicos, com o uso das perucas estilizadas em corte de cabelo \u201ctigelinha\u201d.<\/p>\n<p>As rampas de acesso facilitado tamb\u00e9m entram na brincadeira e se transformam na partitura da m\u00fasica \u201cCan\u00e7\u00e3o da Am\u00e9rica\u201d, de Milton Nascimento. A ideia homenageia o tema da Feira que adere ao verso mais conhecido da can\u00e7\u00e3o \u201cAmigo \u00e9 coisa para se guardar\u201d, como frase de efeito.<\/p>\n<p><strong>Ainda nas rampas, diversos artistas conhecidos da m\u00fasica internacional v\u00e3o estar dispostos em MDF para o registro de fotografias pelo p\u00fablico. Fazem parte da lista Michael Jackson, Katy Perry, Justin Bieber e o rei do rock Elvis Presley.<\/strong><\/p>\n<p>Para o pavilh\u00e3o principal foi preparada uma <strong>decora\u00e7\u00e3o que relembra a d\u00e9cada de 80<\/strong>, com discos de vinil e fitas cassetes espalhados pelas paredes. Foram reproduzidas capas de \u00e1lbuns famosos da \u00e9poca para suscitarem o clima dos tempos das discotecas.<\/p>\n<div id=\"attachment_186549\" style=\"width: 730px\" class=\"wp-caption aligncenter\"><a href=\"https:\/\/jundiai.sp.gov.br\/noticias\/wp-content\/uploads\/sites\/32\/2016\/09\/Feira-amizade-de-volta-para-o-futuro-1.jpg\"><img loading=\"lazy\" decoding=\"async\" aria-describedby=\"caption-attachment-186549\" class=\"size-full wp-image-186549\" src=\"https:\/\/jundiai.sp.gov.br\/noticias\/wp-content\/uploads\/sites\/32\/2016\/09\/Feira-amizade-de-volta-para-o-futuro-1.jpg\" alt=\"Ala anos 80 \u00e9 preparada no pavilh\u00e3o principal\" width=\"720\" height=\"513\" \/><\/a><p id=\"caption-attachment-186549\" class=\"wp-caption-text\">Ala anos 80 \u00e9 preparada no pavilh\u00e3o principal<\/p><\/div>\n<p>Tamb\u00e9m, para completar a tem\u00e1tica, uma r\u00e9plica do carro m\u00e1quina do tempo conhecido pelo longametragem \u201cDe volta para o futuro\u201d vai estar disposta no pavilh\u00e3o principal, junto a um ator vestido de personagem Dr.\u00a0Emmett Brown.<\/p>\n<p>O palco Coreto 1 vai ser uma <strong>releitura em homenagem a um dos eventos da m\u00fasica mais lembrado e ovacionado no mundo, o Woodstock<\/strong>. Um s\u00edmbolo de \u201cPaz &amp; Amor\u201d foi todo preparado em flores para decorar o ambiente, al\u00e9m de lycras com pintura \u00e0 m\u00e3o tie-dye e decora\u00e7\u00e3o de andorinhas, que se estendem do topo do palco at\u00e9 o ch\u00e3o como raios de sol.<\/p>\n<p><strong>Mais<\/strong><br \/>\nA festa promovida pelo\u00a0Fundo Social de Solidariedade (Funss), no Parque Comendador Ant\u00f4nio Carbonari, tem objetivo <strong>beneficente voltado \u00e0s institui\u00e7\u00f5es de caridade de Jundia\u00ed<\/strong>. O tamb\u00e9m conhecido como Parque da Uva fica na avenida Jundia\u00ed, s\/n\u00ba, Anhangaba\u00fa. <strong>A entrada \u00e9 gratuita<\/strong>.<\/p>\n<p><em><strong>Assessoria de imprensa<br \/>\nFoto: Reprodu\u00e7\u00e3o e Paulo Gr\u00e9gio<\/strong><\/em><\/p>\n","protected":false},"excerpt":{"rendered":"<p>Participantes v\u00e3o contar com pavilh\u00f5es recheados de cores e imagens de personagens conhecidos da m\u00fasica, al\u00e9m de r\u00e9plica do carro m\u00e1quina do tempo<\/p>\n","protected":false},"author":21,"featured_media":186556,"comment_status":"closed","ping_status":"closed","sticky":false,"template":"","format":"standard","meta":{"footnotes":""},"categories":[2],"tags":[344,891,416,276],"ods":[],"class_list":["post-186542","post","type-post","status-publish","format-standard","has-post-thumbnail","hentry","category-noticias","tag-feira-da-amizade","tag-feira-da-amizade-2016","tag-fundo-social-de-solidariedade-funss","tag-parque-da-uva"],"_links":{"self":[{"href":"https:\/\/jundiai.sp.gov.br\/noticias\/wp-json\/wp\/v2\/posts\/186542","targetHints":{"allow":["GET"]}}],"collection":[{"href":"https:\/\/jundiai.sp.gov.br\/noticias\/wp-json\/wp\/v2\/posts"}],"about":[{"href":"https:\/\/jundiai.sp.gov.br\/noticias\/wp-json\/wp\/v2\/types\/post"}],"author":[{"embeddable":true,"href":"https:\/\/jundiai.sp.gov.br\/noticias\/wp-json\/wp\/v2\/users\/21"}],"replies":[{"embeddable":true,"href":"https:\/\/jundiai.sp.gov.br\/noticias\/wp-json\/wp\/v2\/comments?post=186542"}],"version-history":[{"count":7,"href":"https:\/\/jundiai.sp.gov.br\/noticias\/wp-json\/wp\/v2\/posts\/186542\/revisions"}],"predecessor-version":[{"id":257977,"href":"https:\/\/jundiai.sp.gov.br\/noticias\/wp-json\/wp\/v2\/posts\/186542\/revisions\/257977"}],"wp:featuredmedia":[{"embeddable":true,"href":"https:\/\/jundiai.sp.gov.br\/noticias\/wp-json\/wp\/v2\/media\/186556"}],"wp:attachment":[{"href":"https:\/\/jundiai.sp.gov.br\/noticias\/wp-json\/wp\/v2\/media?parent=186542"}],"wp:term":[{"taxonomy":"category","embeddable":true,"href":"https:\/\/jundiai.sp.gov.br\/noticias\/wp-json\/wp\/v2\/categories?post=186542"},{"taxonomy":"post_tag","embeddable":true,"href":"https:\/\/jundiai.sp.gov.br\/noticias\/wp-json\/wp\/v2\/tags?post=186542"},{"taxonomy":"ods","embeddable":true,"href":"https:\/\/jundiai.sp.gov.br\/noticias\/wp-json\/wp\/v2\/ods?post=186542"}],"curies":[{"name":"wp","href":"https:\/\/api.w.org\/{rel}","templated":true}]}}