{"id":186664,"date":"2016-09-02T16:28:36","date_gmt":"2016-09-02T19:28:36","guid":{"rendered":"https:\/\/jundiai.sp.gov.br\/noticias\/?p=186664"},"modified":"2020-02-10T10:31:28","modified_gmt":"2020-02-10T12:31:28","slug":"museu-historico-e-cultural-de-jundiai-tem-duas-novas-exposicoes-neste-mes","status":"publish","type":"post","link":"https:\/\/jundiai.sp.gov.br\/noticias\/2016\/09\/02\/museu-historico-e-cultural-de-jundiai-tem-duas-novas-exposicoes-neste-mes\/","title":{"rendered":"Museu Hist\u00f3rico e Cultural tem duas novas exposi\u00e7\u00f5es neste m\u00eas"},"content":{"rendered":"<div id=\"attachment_186665\" style=\"width: 340px\" class=\"wp-caption alignright\"><a href=\"https:\/\/jundiai.sp.gov.br\/noticias\/wp-content\/uploads\/sites\/32\/2016\/09\/Besti\u00e1rio-n1.jpg\"><img loading=\"lazy\" decoding=\"async\" aria-describedby=\"caption-attachment-186665\" class=\"size-full wp-image-186665\" src=\"https:\/\/jundiai.sp.gov.br\/noticias\/wp-content\/uploads\/sites\/32\/2016\/09\/Besti\u00e1rio-n1.jpg\" alt=\"A obra \u201cBesti\u00e1rio\u201d faz parte do primeiro trabalho \u201cDo Sil\u00eancio e das Coisas\u201d\" width=\"330\" height=\"370\" \/><\/a><p id=\"caption-attachment-186665\" class=\"wp-caption-text\">A obra \u201cBesti\u00e1rio\u201d faz parte do primeiro trabalho \u201cDo Sil\u00eancio e das Coisas\u201d<\/p><\/div>\n<p><strong>Com duas novas exposi\u00e7\u00f5es divididas entre a <a href=\"http:\/\/cultura.jundiai.sp.gov.br\/espacos-culturais\/pinacoteca-diogenes-duarte-paes\/\" target=\"_blank\" rel=\"noopener noreferrer\">Pinacoteca Di\u00f3genes Duarte Paes<\/a> e o <a href=\"http:\/\/cultura.jundiai.sp.gov.br\/espacos-culturais\/museu-historico-e-cultural-de-jundiai\/\" target=\"_blank\" rel=\"noopener noreferrer\">Museu Solar do Bar\u00e3o<\/a>, a institui\u00e7\u00e3o Museu Hist\u00f3rico e Cultural de Jundia\u00ed renova seu acervo de curta dura\u00e7\u00e3o para setembro.<\/strong><\/p>\n<p>A <strong>Pinacoteca<\/strong> recebe o rico acervo de obras da <strong>artista pl\u00e1stica Helo\u00edsa Sandoval Gregori a partir deste s\u00e1bado (3), com abertura \u00e0s 9h<\/strong>. As pe\u00e7as v\u00e3o ser doadas posteriormente para dom\u00ednio do museu. O material prov\u00e9m de diversos trabalhos que percorreram mostras e demais eventos durante os \u00faltimos anos. As s\u00e9ries expostas s\u00e3o <strong>\u201cDo Sil\u00eancio e das Coisas\u201d, \u201cMat\u00e9ria e Poesia\u201d e \u201cAqua\u201d<\/strong>.<\/p>\n<p>Tamb\u00e9m, o <strong>Museu Solar do Bar\u00e3o<\/strong> conta com a <strong>exposi\u00e7\u00e3o fotogr\u00e1fica \u201cLost Places\u201d, a partir da ter\u00e7a-feira (6), \u00e0s 10h<\/strong>. As imagens retratam a <strong>beleza de lugares esquecidos e abandonados<\/strong>.<\/p>\n<p>O projeto teve in\u00edcio em 2015 pela\u00a0fot\u00f3grafa Karen Fontes, mas ao longo de sua execu\u00e7\u00e3o ganhou parceiros. Nesta exposi\u00e7\u00e3o, Karen e o fot\u00f3grafo Fernando Lopes\u00a0mostram\u00a0<strong>como transformar em arte o que est\u00e1 abandonado e esquecido<\/strong>.<\/p>\n<p>\u201cO conjunto de obras apresenta n\u00e3o s\u00f3 a <strong>arquitetura dos lugares<\/strong>, mas tamb\u00e9m as<strong> marcas do tempo e como a natureza reage ao abandono e se encarrega de retomar seu espa\u00e7o<\/strong>\u201d, comenta Karen.<\/p>\n<p><strong>Mais <\/strong><br \/>\nAs duas novas exposi\u00e7\u00f5es t\u00eam previs\u00e3o de <strong>t\u00e9rmino na primeira semana de outubro<\/strong>.<strong> A Pinacoteca Di\u00f3genes Duarte Paes e o Museu Solar do Bar\u00e3o ficam na rua Bar\u00e3o de Jundia\u00ed, n\u00bas 109 e 762, respectivamente, Centro<\/strong>. Os equipamentos p\u00fablicos culturais funcionam <strong>de ter\u00e7a \u00e0 sexta-feira, das 10h \u00e0s 17h, e aos s\u00e1bados, das 9h \u00e0s 13h. A entrada \u00e9 gratuita<\/strong>.<\/p>\n<div id=\"attachment_186667\" style=\"width: 970px\" class=\"wp-caption aligncenter\"><a href=\"https:\/\/jundiai.sp.gov.br\/noticias\/wp-content\/uploads\/sites\/32\/2016\/09\/Lost-Places.jpg\"><img loading=\"lazy\" decoding=\"async\" aria-describedby=\"caption-attachment-186667\" class=\"size-full wp-image-186667\" src=\"https:\/\/jundiai.sp.gov.br\/noticias\/wp-content\/uploads\/sites\/32\/2016\/09\/Lost-Places.jpg\" alt=\"Imagens retratam lugares abandonados com refor\u00e7o da beleza est\u00e9tica pelo olhar da artista Karen \" width=\"960\" height=\"720\" srcset=\"https:\/\/jundiai.sp.gov.br\/noticias\/wp-content\/uploads\/sites\/32\/2016\/09\/Lost-Places.jpg 960w, https:\/\/jundiai.sp.gov.br\/noticias\/wp-content\/uploads\/sites\/32\/2016\/09\/Lost-Places-300x225.jpg 300w, https:\/\/jundiai.sp.gov.br\/noticias\/wp-content\/uploads\/sites\/32\/2016\/09\/Lost-Places-768x576.jpg 768w, https:\/\/jundiai.sp.gov.br\/noticias\/wp-content\/uploads\/sites\/32\/2016\/09\/Lost-Places-720x540.jpg 720w\" sizes=\"auto, (max-width: 960px) 100vw, 960px\" \/><\/a><p id=\"caption-attachment-186667\" class=\"wp-caption-text\">Imagens retratam lugares abandonados com refor\u00e7o da beleza est\u00e9tica pelo olhar da artista Karen<\/p><\/div>\n<p><strong><em>Assessoria de Imprensa<br \/>\nFotos: Divulga\u00e7\u00e3o<\/em><\/strong><\/p>\n","protected":false},"excerpt":{"rendered":"<p>Com duas novas exposi\u00e7\u00f5es divididas entre a Pinacoteca Di\u00f3genes Duarte Paes e o Museu Solar do Bar\u00e3o, a institui\u00e7\u00e3o Museu Hist\u00f3rico e Cultural de Jundia\u00ed renova seu acervo de curta dura\u00e7\u00e3o para setembro. A Pinacoteca recebe o rico acervo de obras da artista pl\u00e1stica Helo\u00edsa Sandoval Gregori a partir deste s\u00e1bado (3), com abertura \u00e0s [&hellip;]<\/p>\n","protected":false},"author":14,"featured_media":0,"comment_status":"closed","ping_status":"closed","sticky":false,"template":"","format":"standard","meta":{"footnotes":""},"categories":[2],"tags":[29,794,290,370],"ods":[],"class_list":["post-186664","post","type-post","status-publish","format-standard","hentry","category-noticias","tag-cultura","tag-fotografia","tag-museu-historico-e-cultural-solar-do-barao","tag-pinacoteca-municipal-diogenes-duarte-paes"],"_links":{"self":[{"href":"https:\/\/jundiai.sp.gov.br\/noticias\/wp-json\/wp\/v2\/posts\/186664","targetHints":{"allow":["GET"]}}],"collection":[{"href":"https:\/\/jundiai.sp.gov.br\/noticias\/wp-json\/wp\/v2\/posts"}],"about":[{"href":"https:\/\/jundiai.sp.gov.br\/noticias\/wp-json\/wp\/v2\/types\/post"}],"author":[{"embeddable":true,"href":"https:\/\/jundiai.sp.gov.br\/noticias\/wp-json\/wp\/v2\/users\/14"}],"replies":[{"embeddable":true,"href":"https:\/\/jundiai.sp.gov.br\/noticias\/wp-json\/wp\/v2\/comments?post=186664"}],"version-history":[{"count":10,"href":"https:\/\/jundiai.sp.gov.br\/noticias\/wp-json\/wp\/v2\/posts\/186664\/revisions"}],"predecessor-version":[{"id":244582,"href":"https:\/\/jundiai.sp.gov.br\/noticias\/wp-json\/wp\/v2\/posts\/186664\/revisions\/244582"}],"wp:attachment":[{"href":"https:\/\/jundiai.sp.gov.br\/noticias\/wp-json\/wp\/v2\/media?parent=186664"}],"wp:term":[{"taxonomy":"category","embeddable":true,"href":"https:\/\/jundiai.sp.gov.br\/noticias\/wp-json\/wp\/v2\/categories?post=186664"},{"taxonomy":"post_tag","embeddable":true,"href":"https:\/\/jundiai.sp.gov.br\/noticias\/wp-json\/wp\/v2\/tags?post=186664"},{"taxonomy":"ods","embeddable":true,"href":"https:\/\/jundiai.sp.gov.br\/noticias\/wp-json\/wp\/v2\/ods?post=186664"}],"curies":[{"name":"wp","href":"https:\/\/api.w.org\/{rel}","templated":true}]}}