{"id":186708,"date":"2016-09-02T17:33:41","date_gmt":"2016-09-02T20:33:41","guid":{"rendered":"https:\/\/jundiai.sp.gov.br\/noticias\/?p=186708"},"modified":"2016-09-02T17:33:41","modified_gmt":"2016-09-02T20:33:41","slug":"plano-prepara-diagnostico-da-mata-atlantica-para-comunidade","status":"publish","type":"post","link":"https:\/\/jundiai.sp.gov.br\/noticias\/2016\/09\/02\/plano-prepara-diagnostico-da-mata-atlantica-para-comunidade\/","title":{"rendered":"Plano prepara diagn\u00f3stico da mata atl\u00e2ntica para comunidade"},"content":{"rendered":"<p><strong>O\u00a0grupo t\u00e9cnico (GT) do Plano Municipal de Mata Atl\u00e2ntica e Cerrado, um dos programas exigidos pela <a href=\"https:\/\/jundiai.sp.gov.br\/planejamento-e-meio-ambiente\/plano-diretor-e-zoneamento\/\">lei 8.683<\/a> (que foi resultante do <a href=\"http:\/\/planodiretor.jundiai.sp.gov.br\/\">Plano Diretor Participativo<\/a>), prepara o diagn\u00f3stico que ser\u00e1 compartihado com a comunidade neste semestre.<\/strong><\/p>\n<p><strong>O GT \u00e9 formado por t\u00e9cnicos da Secretaria de Planejamento e Meio Ambiente, da Secretaria de Agricultura, Abastecimento e Turismo, da Secretaria de Servi\u00e7os P\u00fablicos (Jardim Bot\u00e2nico e Unidam), da Secretaria de Comunica\u00e7\u00e3o Social, da DAE e da Funda\u00e7\u00e3o Serra do Japi, devendo incorporar ainda outros setores.<\/strong><\/p>\n<p><strong>LEIA TAMB\u00c9M<\/strong><br \/>\n<a href=\"https:\/\/jundiai.sp.gov.br\/noticias\/2016\/08\/31\/sorteio-vai-definir-contemplados-do-residencial-safira-no-domingo-4\/\" target=\"_blank\"><strong>Sorteio define contemplados do \u2018Safira\u2019 neste domingo (4)<\/strong><\/a><br \/>\n<a href=\"https:\/\/jundiai.sp.gov.br\/noticias\/2016\/09\/02\/confira-os-bairros-onde-a-unidade-movel-do-procon-vai-atender-em-setembro\/\" target=\"_blank\"><strong>Confira os bairros onde a unidade m\u00f3vel do Procon vai atender em setembro<\/strong><\/a><\/p>\n<div id=\"attachment_186709\" style=\"width: 730px\" class=\"wp-caption aligncenter\"><a href=\"https:\/\/jundiai.sp.gov.br\/noticias\/wp-content\/uploads\/sites\/32\/2016\/09\/Reuniao_sobre_mata_atlantica_P-18G.jpg\"><img loading=\"lazy\" decoding=\"async\" aria-describedby=\"caption-attachment-186709\" class=\"size-large wp-image-186709\" src=\"https:\/\/jundiai.sp.gov.br\/noticias\/wp-content\/uploads\/sites\/32\/2016\/09\/Reuniao_sobre_mata_atlantica_P-18G-720x436.jpg\" alt=\"Reuni\u00e3o t\u00e9cnica do grupo de trabalho\" width=\"720\" height=\"436\" srcset=\"https:\/\/jundiai.sp.gov.br\/noticias\/wp-content\/uploads\/sites\/32\/2016\/09\/Reuniao_sobre_mata_atlantica_P-18G-720x436.jpg 720w, https:\/\/jundiai.sp.gov.br\/noticias\/wp-content\/uploads\/sites\/32\/2016\/09\/Reuniao_sobre_mata_atlantica_P-18G-300x182.jpg 300w, https:\/\/jundiai.sp.gov.br\/noticias\/wp-content\/uploads\/sites\/32\/2016\/09\/Reuniao_sobre_mata_atlantica_P-18G-768x465.jpg 768w, https:\/\/jundiai.sp.gov.br\/noticias\/wp-content\/uploads\/sites\/32\/2016\/09\/Reuniao_sobre_mata_atlantica_P-18G.jpg 1240w\" sizes=\"auto, (max-width: 720px) 100vw, 720px\" \/><\/a><p id=\"caption-attachment-186709\" class=\"wp-caption-text\">Reuni\u00e3o t\u00e9cnica do grupo de trabalho<\/p><\/div>\n<p>Entre os pontos principais de trabalho figuram a reuni\u00e3o de dados, a integra\u00e7\u00e3o de plataformas em Quantum GIS, a harmoniza\u00e7\u00e3o de planos setoriais e a sistematiza\u00e7\u00e3o final.<\/p>\n<p>Jundia\u00ed, al\u00e9m de seus 400 mil habitantes, concentra uma das maiores variedades de <a href=\"http:\/\/planodiretor.jundiai.sp.gov.br\/2016\/08\/pesquisa-cientifica-reforca-ajuste-ambiental-do-plano-diretor\/\">diversidade biol\u00f3gica<\/a>\u00a0de animais e plantas do Estado de S\u00e3o Paulo e \u00e9 destaque no cen\u00e1rio nacional. Por esse motivo, o munic\u00edpio inteiro \u00e9 definido em lei estadual como APA (\u00c1rea de Prote\u00e7\u00e3o Ambiental) e abriga unidades de conserva\u00e7\u00e3o inseridas no sistema nacional (SNUC), como a Reserva Biol\u00f3gica Municipal da Serra do Japi.<\/p>\n<p><strong>Metodologia <\/strong><br \/>\nO ponto 1.1 do m\u00e9todo, definido pelo Minist\u00e9rio do Meio Ambiente, \u00e9 formado por t\u00f3picos da caracteriza\u00e7\u00e3o ambiental do munic\u00edpio e envolve a sobreposi\u00e7\u00e3o total de \u00e1reas verdes, incluindo \u00e1reas averbadas de loteamentos ou regulariza\u00e7\u00f5es e mais os levantamentos parciais do Cadastro Ambiental Rural, podendo incluir s\u00edtios arqueol\u00f3gicos existentes.<\/p>\n<p>No ponto 1.2, o m\u00e9todo est\u00e1 voltado para o meio f\u00edsico e forma a parte mais longa do trabalho. Mas os in\u00e9ditos levantamentos de 1,4 mil nascentes de \u00e1gua (que ampliou de cinco para sete as bacias h\u00eddricas principais) e de 928 fragmentos naturais de mata atl\u00e2ntica e cerrado feitos no processo do Plano Diretor est\u00e3o entre os pontos fortes, alguns ainda em conclus\u00e3o de AutoCAD para posterior transfer\u00eancia de plataforma.<\/p>\n<div id=\"attachment_186710\" style=\"width: 379px\" class=\"wp-caption alignright\"><a href=\"https:\/\/jundiai.sp.gov.br\/noticias\/wp-content\/uploads\/sites\/32\/2016\/09\/circuito_base_mirante_serra_japi_39.jpg\"><img loading=\"lazy\" decoding=\"async\" aria-describedby=\"caption-attachment-186710\" class=\" wp-image-186710\" src=\"https:\/\/jundiai.sp.gov.br\/noticias\/wp-content\/uploads\/sites\/32\/2016\/09\/circuito_base_mirante_serra_japi_39-300x183.jpg\" alt=\"Plano \u00e9 programa previsto no Plano Diretor\" width=\"369\" height=\"225\" srcset=\"https:\/\/jundiai.sp.gov.br\/noticias\/wp-content\/uploads\/sites\/32\/2016\/09\/circuito_base_mirante_serra_japi_39-300x183.jpg 300w, https:\/\/jundiai.sp.gov.br\/noticias\/wp-content\/uploads\/sites\/32\/2016\/09\/circuito_base_mirante_serra_japi_39-768x468.jpg 768w, https:\/\/jundiai.sp.gov.br\/noticias\/wp-content\/uploads\/sites\/32\/2016\/09\/circuito_base_mirante_serra_japi_39-720x439.jpg 720w, https:\/\/jundiai.sp.gov.br\/noticias\/wp-content\/uploads\/sites\/32\/2016\/09\/circuito_base_mirante_serra_japi_39.jpg 1240w\" sizes=\"auto, (max-width: 369px) 100vw, 369px\" \/><\/a><p id=\"caption-attachment-186710\" class=\"wp-caption-text\">Plano \u00e9 programa previsto no Plano Diretor<\/p><\/div>\n<p>Um dos levantamentos espec\u00edficos, de \u00e1rvores nativas relevantes, tem apoio no programa de coleta de sementes. Mas pode receber um complemento de \u00e1rvores socialmente relevantes nos bairros (mesmo ex\u00f3ticas) no conceito de zeladoria junto com a comunidade. Est\u00e1 claro no grupo de trabalho a principal fisionomia vegetacional original de Jundia\u00ed como floresta estacional (que varia de acordo com a esta\u00e7\u00e3o) e semidecidual (que perde parte das folhas no inverno). Por suas caracter\u00edsticas de solo e clima, \u00e9 diferente da floresta ombr\u00f3fila como na regi\u00e3o amaz\u00f4nica ou litor\u00e2nea.<\/p>\n<p>Depois do ponto 1,3, que envolve as estat\u00edsticas econ\u00f4micas e as an\u00e1lises de cadeias produtivas sustent\u00e1veis presentes na lei 8.683, o ponto 1.4 trabalha na avalia\u00e7\u00e3o de planos incluindo o pr\u00f3prio Plano Diretor como refer\u00eancia da gest\u00e3o territorial e tamb\u00e9m outros de seus programas como o Plano Municipal de Saneamento B\u00e1sico, que exige especificamente a integra\u00e7\u00e3o de planos setoriais de recursos s\u00f3lidos, arboriza\u00e7\u00e3o urbana e de \u00e1gua e esgotos em diversos est\u00e1gios de detalhamento. Tamb\u00e9m inclui dados de redu\u00e7\u00e3o de \u00e1reas de risco e de amplia\u00e7\u00e3o da educa\u00e7\u00e3o ambiental escolar ou n\u00e3o-formal.<\/p>\n<p>O ponto 1.5 tem o levantamento da legisla\u00e7\u00e3o vigente, com um sistema intersetorial de a\u00e7\u00f5es em muitos setores da rede ambiental da Prefeitura de Jundia\u00ed, compiladas no trabalho do Programa Munic\u00edpio Verde e Azul (PMVA) que tem como facilitador desse processo estrat\u00e9gico a Secretaria de Planejamento e Meio Ambiente \u00a0\u201c \u201cTemos que buscar um munic\u00edpio sustent\u00e1vel onde seus concidad\u00e3os se sintam parte da natureza e n\u00e3o acima dela, mantendo sua sobreviv\u00eancia para as gera\u00e7\u00f5es futuras\u201d, observa o diretor Marcelo Pilon.<\/p>\n<p><strong>Novos passos<\/strong><br \/>\nEsses trabalhos de levantamentos e integra\u00e7\u00e3o s\u00e3o necess\u00e1rios para o diagn\u00f3stico geral virar o ponto de partida para a parte 2 (vis\u00e3o de futuro) e a parte 3 (plano de a\u00e7\u00e3o).<\/p>\n<p>\u201cEstamos com essa discuss\u00e3o bem adiantada porque essa coopera\u00e7\u00e3o de t\u00e9cnicos e das secretarias j\u00e1 esteve presente ao longo do processo do Plano Diretor. Mas agora \u00e9 um avan\u00e7o tamb\u00e9m para a base comum de gest\u00e3o e planejamento exigida pela lei 8.683 com todos os planos setoriais\u201d, comenta a secret\u00e1ria Daniela da Camara Sutti.<\/p>\n<p><em><strong>Jos\u00e9 Arnaldo de Oliveira<\/strong><\/em><br \/>\n<em><strong> Fotos: Paulo Gr\u00e9gio \/ arquivo &#8211; PMJ<\/strong><\/em><\/p>\n","protected":false},"excerpt":{"rendered":"<p>O\u00a0grupo t\u00e9cnico (GT) do Plano Municipal de Mata Atl\u00e2ntica e Cerrado, um dos programas exigidos pela lei 8.683 (que foi resultante do Plano Diretor Participativo), prepara o diagn\u00f3stico que ser\u00e1 compartihado com a comunidade neste semestre. O GT \u00e9 formado por t\u00e9cnicos da Secretaria de Planejamento e Meio Ambiente, da Secretaria de Agricultura, Abastecimento e [&hellip;]<\/p>\n","protected":false},"author":11,"featured_media":0,"comment_status":"closed","ping_status":"closed","sticky":false,"template":"","format":"standard","meta":{"footnotes":""},"categories":[2],"tags":[32,559],"ods":[],"class_list":["post-186708","post","type-post","status-publish","format-standard","hentry","category-noticias","tag-planejamento-e-meio-ambiente","tag-plano-diretor-participativo"],"_links":{"self":[{"href":"https:\/\/jundiai.sp.gov.br\/noticias\/wp-json\/wp\/v2\/posts\/186708","targetHints":{"allow":["GET"]}}],"collection":[{"href":"https:\/\/jundiai.sp.gov.br\/noticias\/wp-json\/wp\/v2\/posts"}],"about":[{"href":"https:\/\/jundiai.sp.gov.br\/noticias\/wp-json\/wp\/v2\/types\/post"}],"author":[{"embeddable":true,"href":"https:\/\/jundiai.sp.gov.br\/noticias\/wp-json\/wp\/v2\/users\/11"}],"replies":[{"embeddable":true,"href":"https:\/\/jundiai.sp.gov.br\/noticias\/wp-json\/wp\/v2\/comments?post=186708"}],"version-history":[{"count":2,"href":"https:\/\/jundiai.sp.gov.br\/noticias\/wp-json\/wp\/v2\/posts\/186708\/revisions"}],"predecessor-version":[{"id":186712,"href":"https:\/\/jundiai.sp.gov.br\/noticias\/wp-json\/wp\/v2\/posts\/186708\/revisions\/186712"}],"wp:attachment":[{"href":"https:\/\/jundiai.sp.gov.br\/noticias\/wp-json\/wp\/v2\/media?parent=186708"}],"wp:term":[{"taxonomy":"category","embeddable":true,"href":"https:\/\/jundiai.sp.gov.br\/noticias\/wp-json\/wp\/v2\/categories?post=186708"},{"taxonomy":"post_tag","embeddable":true,"href":"https:\/\/jundiai.sp.gov.br\/noticias\/wp-json\/wp\/v2\/tags?post=186708"},{"taxonomy":"ods","embeddable":true,"href":"https:\/\/jundiai.sp.gov.br\/noticias\/wp-json\/wp\/v2\/ods?post=186708"}],"curies":[{"name":"wp","href":"https:\/\/api.w.org\/{rel}","templated":true}]}}