{"id":186935,"date":"2016-09-06T18:22:20","date_gmt":"2016-09-06T21:22:20","guid":{"rendered":"https:\/\/jundiai.sp.gov.br\/noticias\/?p=186935"},"modified":"2016-09-13T12:06:47","modified_gmt":"2016-09-13T15:06:47","slug":"19a-semana-do-idoso-amplia-programacao","status":"publish","type":"post","link":"https:\/\/jundiai.sp.gov.br\/noticias\/2016\/09\/06\/19a-semana-do-idoso-amplia-programacao\/","title":{"rendered":"19\u00aa edi\u00e7\u00e3o da Semana do Idoso amplia programa\u00e7\u00e3o pela cidade"},"content":{"rendered":"<p><strong>A 19\u00aa Semana do Idoso acontece de quinta (15) a sexta-feira (23), tendo como tema a Conviv\u00eancia Familiar e Comunit\u00e1ria. Entre as novidades deste ano est\u00e3o uma atividade de reflex\u00e3o sobre o tema dos idosos com jovens no <a href=\"http:\/\/estacaojuventude.jundiai.sp.gov.br\/\" target=\"_blank\">Esta\u00e7\u00e3o Juventude<\/a>.<\/strong><\/p>\n<p><a href=\"https:\/\/jundiai.sp.gov.br\/noticias\/2016\/09\/01\/programacao-previa-da-19a-semana-do-idoso\/\">CONFIRA A PROGRAMA\u00c7\u00c3O<\/a><\/p>\n<p>Tamb\u00e9m ocorre um <strong>est\u00edmulo volunt\u00e1rio<\/strong> para que netos, filhos ou amigos de idosos postem pequenos v\u00eddeos de entrevistas gravadas no celular nas redes sociais usando a <strong>hashtag #revelandohistorias<\/strong>.<\/p>\n<p>A programa\u00e7\u00e3o da 19\u00aa Semana do Idoso est\u00e1 sendo constru\u00edda ao longo dos pr\u00f3ximos dias e vai ocorrer em <strong>unidades de sa\u00fade, escolas p\u00fablicas, centros de assist\u00eancia social e espa\u00e7os culturais<\/strong>, com apoio de articula\u00e7\u00e3o na Prefeitura e da Coordenadoria do Idoso (contatos em <a href=\"mailto:coordidoso@jundiai.sp.gov.br\" target=\"_blank\">coordidoso@jundiai.sp.gov.br<\/a>) e parceria do <a href=\"http:\/\/comdipi.jundiai.sp.gov.br\/\" target=\"_blank\">Conselho Municipal dos Direitos da Pessoa Idosa (Comdipi)<\/a>.<\/p>\n<div id=\"attachment_186936\" style=\"width: 1250px\" class=\"wp-caption aligncenter\"><a href=\"https:\/\/jundiai.sp.gov.br\/noticias\/wp-content\/uploads\/sites\/32\/2016\/09\/SemanaIdoso_Crijun_A_42-1.jpg\"><img loading=\"lazy\" decoding=\"async\" aria-describedby=\"caption-attachment-186936\" class=\"size-full wp-image-186936\" src=\"https:\/\/jundiai.sp.gov.br\/noticias\/wp-content\/uploads\/sites\/32\/2016\/09\/SemanaIdoso_Crijun_A_42-1.jpg\" alt=\"Eventos fazem parte da programa\u00e7\u00e3o\" width=\"1240\" height=\"827\" srcset=\"https:\/\/jundiai.sp.gov.br\/noticias\/wp-content\/uploads\/sites\/32\/2016\/09\/SemanaIdoso_Crijun_A_42-1.jpg 1240w, https:\/\/jundiai.sp.gov.br\/noticias\/wp-content\/uploads\/sites\/32\/2016\/09\/SemanaIdoso_Crijun_A_42-1-300x200.jpg 300w, https:\/\/jundiai.sp.gov.br\/noticias\/wp-content\/uploads\/sites\/32\/2016\/09\/SemanaIdoso_Crijun_A_42-1-768x512.jpg 768w, https:\/\/jundiai.sp.gov.br\/noticias\/wp-content\/uploads\/sites\/32\/2016\/09\/SemanaIdoso_Crijun_A_42-1-720x480.jpg 720w\" sizes=\"auto, (max-width: 1240px) 100vw, 1240px\" \/><\/a><p id=\"caption-attachment-186936\" class=\"wp-caption-text\">Eventos fazem parte da programa\u00e7\u00e3o<\/p><\/div>\n<p><strong>UBS Eloy Chaves<\/strong><br \/>\nA Unidade B\u00e1sica de Sa\u00fade Eloy Chaves (UBS) prepara uma vasta programa\u00e7\u00e3o para a 19\u00ba edi\u00e7\u00e3o da Semana do Idoso com diversas atividades. Os participantes v\u00e3o ter \u00e0\u00a0disposi\u00e7\u00e3o <strong>palestras motivacionais e de reflex\u00e3o, artesanato, dan\u00e7a e demais atividades interativas<\/strong>.<\/p>\n<p>Para a <strong>segunda-feira (19), \u00e0s 8h<\/strong>, est\u00e1 planejada a palestra \u201cReflex\u00f5es sobre o envelhecer\u201d, ministrada pelo m\u00e9dico Marcelo Romano, na UBS Eloy Chaves, na Av. Carlos Veiga, n\u00ba180.<\/p>\n<p>Como atividade de recrea\u00e7\u00e3o, os <strong>alunos da Escola Estadual Albertina Fortarel prop\u00f5em o \u201cEncontro de Gera\u00e7\u00f5es\u201d, na ter\u00e7a-feira (20), a partir das 13h30<\/strong>, para uma roda de conversa\u00e7\u00e3o, na troca de ideias e experi\u00eancias. A E.E Albertina Fortarel fica na rua Dante Bellondi, n\u00ba 330, Eloy Chaves.<\/p>\n<p>Uma <strong>aula de manejo de medicamentos<\/strong> com a farmac\u00eautica \u00darsula Rossberg est\u00e1 marcada para a <strong>quarta-feira (21), \u00e0s 13h<\/strong>, tamb\u00e9m na UBS Eloy Chaves. Na ocasi\u00e3o, os participantes v\u00e3o poder confeccionar sua pr\u00f3pria caixa de medicamentos.<\/p>\n<p>Na manh\u00e3 da<strong> quinta-feira (22), o Parque Bot\u00e2nico Eloy Chaves<\/strong> reserva muita agita\u00e7\u00e3o \u00e0 programa\u00e7\u00e3o. Um <strong>caf\u00e9 da manh\u00e3 e caminhada est\u00e3o marcados para as 8h<\/strong>, com partida na entrada do Parque, que fica na avenida Benedito C. de Andrade, n\u00ba 1000.<\/p>\n<p>Em seguida, <strong>\u00e0s 9h, tamb\u00e9m no Bot\u00e2nico, aulas de Zumba e Combat<\/strong> aquecem os participantes para a tarde na UBS Eloy Chaves, com a palestra \u201cA vida \u00e9 a arte de saber envelhecer\u201d, junto \u00e0 apresenta\u00e7\u00e3o do coral da terceira idade da Universidade Anhanguera \u2013 Pit\u00e1goras, a partir das 13h.<\/p>\n<p><iframe loading=\"lazy\" class=\"alignright\" src=\"https:\/\/www.youtube.com\/embed\/gD5V4VmJAYw\" width=\"400\" height=\"315\" frameborder=\"0\" allowfullscreen=\"allowfullscreen\"><\/iframe><strong>No fim da programa\u00e7\u00e3o na sexta feira (23), uma \u201cRoda de Ch\u00e1\u201d<\/strong> encerra as conversa\u00e7\u00f5es, <strong>\u00e0s 9h<\/strong>, na Associa\u00e7\u00e3o Feliz Idade, na Av. Carlos Veiga, n\u00ba 450.\u00a0 A prele\u00e7\u00e3o para a manh\u00e3 fica a cargo da farmac\u00eautica Ana Cl\u00e1udia.\u00a0Tamb\u00e9m um <strong>baile no Sal\u00e3o Paroquial da Comunidade S\u00e3o Vicente de Paulo, \u00e0s 13h<\/strong>, coloca todos para dan\u00e7ar ao som de antigas baladas rom\u00e2nticas e sucessos da vanguarda. O sal\u00e3o\u00a0fica na rua Francisco Stucci, n\u00ba 65, Jardim das Tulipas.<\/p>\n<p><strong>USF Vila Ana<\/strong><br \/>\nNa unidade de sa\u00fade da fam\u00edlia da Vila Ana, a programa\u00e7\u00e3o vai contar na <strong>ter\u00e7a-feira (20) com um passeio a partir das 8h.<\/strong>\u00a0Na<strong> quarta-feira (21) est\u00e1 programada uma atividade de teatro \u00e0s 8h30 com o tema &#8220;Lar Seguro&#8221;<\/strong> organizada pelas agentes comunit\u00e1rias de sa\u00fade dentro do <strong>mutir\u00e3o de dextro\u00a0(teste de glicemia)\u00a0e press\u00e3o alta<\/strong>. J\u00e1 na <strong>quinta (22)<\/strong>, o grupo de idosos recebe participa\u00e7\u00e3o do <strong>baile da Cecco<\/strong> (veja na programa\u00e7\u00e3o principal) e na <strong>sexta-feira (23), a partir das 14h<\/strong>, conta com uma <strong>sess\u00e3o de cinema pipoca na pr\u00f3pria unidade com o filme &#8220;#somostodoscuidadores&#8221;<\/strong> com debate organizado pela equipe multidisciplinar do NASF (N\u00facleo de Apoio da Sa\u00fade da Fam\u00edlia).<\/p>\n<p><strong><em>Jos\u00e9 Arnaldo de Oliveira<br \/>\nFoto: Arquivo PMJ<\/em><\/strong><\/p>\n","protected":false},"excerpt":{"rendered":"<p>Eventos v\u00e3o de quinta (15) a sexta-feira (23), tendo como tema a Conviv\u00eancia Familiar e Comunit\u00e1ria, com eventos agendados em v\u00e1rios locais<\/p>\n","protected":false},"author":14,"featured_media":186594,"comment_status":"closed","ping_status":"closed","sticky":false,"template":"","format":"standard","meta":{"footnotes":""},"categories":[2],"tags":[917,374,87,630,621,3,779,920,665],"ods":[],"class_list":["post-186935","post","type-post","status-publish","format-standard","has-post-thumbnail","hentry","category-noticias","tag-19a-semana-do-idoso","tag-conselho-da-pessoa-idosa","tag-coordenadoria-do-idoso","tag-emeb","tag-estacao-juventude","tag-saude","tag-semana-do-idoso","tag-semana-do-idoso-2016","tag-unidade-basica-de-saude-ubs"],"_links":{"self":[{"href":"https:\/\/jundiai.sp.gov.br\/noticias\/wp-json\/wp\/v2\/posts\/186935","targetHints":{"allow":["GET"]}}],"collection":[{"href":"https:\/\/jundiai.sp.gov.br\/noticias\/wp-json\/wp\/v2\/posts"}],"about":[{"href":"https:\/\/jundiai.sp.gov.br\/noticias\/wp-json\/wp\/v2\/types\/post"}],"author":[{"embeddable":true,"href":"https:\/\/jundiai.sp.gov.br\/noticias\/wp-json\/wp\/v2\/users\/14"}],"replies":[{"embeddable":true,"href":"https:\/\/jundiai.sp.gov.br\/noticias\/wp-json\/wp\/v2\/comments?post=186935"}],"version-history":[{"count":11,"href":"https:\/\/jundiai.sp.gov.br\/noticias\/wp-json\/wp\/v2\/posts\/186935\/revisions"}],"predecessor-version":[{"id":187167,"href":"https:\/\/jundiai.sp.gov.br\/noticias\/wp-json\/wp\/v2\/posts\/186935\/revisions\/187167"}],"wp:featuredmedia":[{"embeddable":true,"href":"https:\/\/jundiai.sp.gov.br\/noticias\/wp-json\/wp\/v2\/media\/186594"}],"wp:attachment":[{"href":"https:\/\/jundiai.sp.gov.br\/noticias\/wp-json\/wp\/v2\/media?parent=186935"}],"wp:term":[{"taxonomy":"category","embeddable":true,"href":"https:\/\/jundiai.sp.gov.br\/noticias\/wp-json\/wp\/v2\/categories?post=186935"},{"taxonomy":"post_tag","embeddable":true,"href":"https:\/\/jundiai.sp.gov.br\/noticias\/wp-json\/wp\/v2\/tags?post=186935"},{"taxonomy":"ods","embeddable":true,"href":"https:\/\/jundiai.sp.gov.br\/noticias\/wp-json\/wp\/v2\/ods?post=186935"}],"curies":[{"name":"wp","href":"https:\/\/api.w.org\/{rel}","templated":true}]}}