{"id":187278,"date":"2016-09-13T15:51:18","date_gmt":"2016-09-13T18:51:18","guid":{"rendered":"https:\/\/jundiai.sp.gov.br\/noticias\/?p=187278"},"modified":"2016-09-13T15:58:37","modified_gmt":"2016-09-13T18:58:37","slug":"escritor-mia-couto-traz-literatura-de-mocambique-ao-polytheama","status":"publish","type":"post","link":"https:\/\/jundiai.sp.gov.br\/noticias\/2016\/09\/13\/escritor-mia-couto-traz-literatura-de-mocambique-ao-polytheama\/","title":{"rendered":"Escritor Mia Couto traz literatura de Mo\u00e7ambique ao Polytheama"},"content":{"rendered":"<p><strong>Um dos escritores mo\u00e7ambicanos mais respeitados da atualidade \u00e9 o convidado do \u201cEncontro com Mia Couto\u201d, na noite da sexta-feira (30), no <a href=\"http:\/\/cultura.jundiai.sp.gov.br\/evento\/teatro-polytheama\/\" target=\"_blank\">Teatro Polytheama<\/a>. Em comemora\u00e7\u00e3o ao Dia do Professor, a prioridade das reservas est\u00e1 voltada para educadores e gestores da rede municipal (que devem fazer inscri\u00e7\u00f5es pelo e-mail\u00a0<a href=\"mailto:magpereira@jundiai.sp.gov.br\" target=\"_blank\">magpereira@jundiai.sp.gov.br<\/a>).<\/strong><\/p>\n<p>A abertura de vagas remanescentes para interessados em geral ser\u00e1 analisada na semana anterior ao evento.<\/p>\n<p><strong>LEIA TAMB\u00c9M<\/strong><br \/>\n<a href=\"https:\/\/jundiai.sp.gov.br\/noticias\/2016\/09\/08\/educacao-de-jundiai-tem-nota-68-no-ideb\/\">Educa\u00e7\u00e3o de Jundia\u00ed tem nota 6,8 no \u2018Ideb\u2019<\/a><br \/>\n<a href=\"https:\/\/jundiai.sp.gov.br\/noticias\/2016\/09\/09\/inscricao-para-centro-de-linguas-comeca-nesta-segunda-12\/\">Centro de L\u00ednguas abre inscri\u00e7\u00f5es nesta segunda (12)<\/a><br \/>\n<a href=\"https:\/\/jundiai.sp.gov.br\/noticias\/2016\/09\/05\/educacao-abre-inscricao-para-creches-na-segunda-12\/\">Inscri\u00e7\u00f5es para as creches municipais v\u00e3o at\u00e9 a sexta-feira (30)<\/a><br \/>\n<a href=\"https:\/\/jundiai.sp.gov.br\/noticias\/2016\/09\/13\/educacao-ambiental-prepara-quinta-etapa-do-ciclo-de-formacao\/\">Educa\u00e7\u00e3o ambiental prepara quinta etapa do ciclo de forma\u00e7\u00e3o<\/a><\/p>\n<div id=\"attachment_187281\" style=\"width: 410px\" class=\"wp-caption alignleft\"><a href=\"https:\/\/jundiai.sp.gov.br\/noticias\/wp-content\/uploads\/sites\/32\/2016\/09\/Mia-Couto_2G.jpg\"><img loading=\"lazy\" decoding=\"async\" aria-describedby=\"caption-attachment-187281\" class=\"size-full wp-image-187281\" src=\"https:\/\/jundiai.sp.gov.br\/noticias\/wp-content\/uploads\/sites\/32\/2016\/09\/Mia-Couto_2G.jpg\" alt=\"Mia Couto \u00e9 o autor mo\u00e7ambicano mais traduzido no mundo\" width=\"400\" height=\"350\" \/><\/a><p id=\"caption-attachment-187281\" class=\"wp-caption-text\">Mia Couto \u00e9 o autor mo\u00e7ambicano mais traduzido no mundo<\/p><\/div>\n<p>Autor de\u00a0livros como \u201cTerra Son\u00e2mbula\u201d, apontado como um dos maiores livros africanos do s\u00e9culo 20, <strong>Mia Couto \u00e9 conhecido por descrever as ra\u00edzes do mundo, explorando a natureza humana na sua rela\u00e7\u00e3o umbilical com a terra<\/strong>. Al\u00e9m de ser o <strong>autor mo\u00e7ambicano mais traduzido e divulgado no exterior e um dos autores estrangeiros mais vendidos em Portugal<\/strong>, tem suas obras publicadas em <strong>24 pa\u00edses<\/strong>, inclusive com <strong>adapta\u00e7\u00f5es para teatro e cinema<\/strong>.<\/p>\n<p>Bi\u00f3logo e jornalista nascido em 1955 na cidade de Beira, em Mo\u00e7ambique, o escritor venceu o<strong> Pr\u00eamio Cam\u00f5es de 2013 e o Neustadt Prize, em 2014. \u00c9 membro correspondente da Academia Brasileira de Letras. E vai estar pela primeira vez em Jundia\u00ed.<\/strong><\/p>\n<p>Promovido pela Secretaria de Educa\u00e7\u00e3o, o evento integra o <strong>programa formativo do setor<\/strong> e, de acordo com o secret\u00e1rio Jos\u00e9 Renato Polli, foi definido durante a aquisi\u00e7\u00e3o de livros para as unidades escolares.<\/p>\n<p><strong><em>Roberta de S\u00e1<br \/>\nFoto: Reprodu\u00e7\u00e3o<\/em><\/strong><\/p>\n","protected":false},"excerpt":{"rendered":"<p>Um dos escritores mo\u00e7ambicanos mais respeitados da atualidade \u00e9 o convidado do \u201cEncontro com Mia Couto\u201d, na noite da sexta-feira (30), no Teatro Polytheama. Em comemora\u00e7\u00e3o ao Dia do Professor, a prioridade das reservas est\u00e1 voltada para educadores e gestores da rede municipal (que devem fazer inscri\u00e7\u00f5es pelo e-mail\u00a0magpereira@jundiai.sp.gov.br). A abertura de vagas remanescentes para [&hellip;]<\/p>\n","protected":false},"author":14,"featured_media":0,"comment_status":"closed","ping_status":"closed","sticky":false,"template":"","format":"standard","meta":{"footnotes":""},"categories":[2],"tags":[6,98],"ods":[],"class_list":["post-187278","post","type-post","status-publish","format-standard","hentry","category-noticias","tag-educacao","tag-teatro-polytheama"],"_links":{"self":[{"href":"https:\/\/jundiai.sp.gov.br\/noticias\/wp-json\/wp\/v2\/posts\/187278","targetHints":{"allow":["GET"]}}],"collection":[{"href":"https:\/\/jundiai.sp.gov.br\/noticias\/wp-json\/wp\/v2\/posts"}],"about":[{"href":"https:\/\/jundiai.sp.gov.br\/noticias\/wp-json\/wp\/v2\/types\/post"}],"author":[{"embeddable":true,"href":"https:\/\/jundiai.sp.gov.br\/noticias\/wp-json\/wp\/v2\/users\/14"}],"replies":[{"embeddable":true,"href":"https:\/\/jundiai.sp.gov.br\/noticias\/wp-json\/wp\/v2\/comments?post=187278"}],"version-history":[{"count":8,"href":"https:\/\/jundiai.sp.gov.br\/noticias\/wp-json\/wp\/v2\/posts\/187278\/revisions"}],"predecessor-version":[{"id":187293,"href":"https:\/\/jundiai.sp.gov.br\/noticias\/wp-json\/wp\/v2\/posts\/187278\/revisions\/187293"}],"wp:attachment":[{"href":"https:\/\/jundiai.sp.gov.br\/noticias\/wp-json\/wp\/v2\/media?parent=187278"}],"wp:term":[{"taxonomy":"category","embeddable":true,"href":"https:\/\/jundiai.sp.gov.br\/noticias\/wp-json\/wp\/v2\/categories?post=187278"},{"taxonomy":"post_tag","embeddable":true,"href":"https:\/\/jundiai.sp.gov.br\/noticias\/wp-json\/wp\/v2\/tags?post=187278"},{"taxonomy":"ods","embeddable":true,"href":"https:\/\/jundiai.sp.gov.br\/noticias\/wp-json\/wp\/v2\/ods?post=187278"}],"curies":[{"name":"wp","href":"https:\/\/api.w.org\/{rel}","templated":true}]}}