{"id":187795,"date":"2016-09-21T15:32:49","date_gmt":"2016-09-21T18:32:49","guid":{"rendered":"https:\/\/jundiai.sp.gov.br\/noticias\/?p=187795"},"modified":"2016-09-23T11:55:11","modified_gmt":"2016-09-23T14:55:11","slug":"conselho-do-patrimonio-convoca-audiencia-publica-para-discutir-tombamentos","status":"publish","type":"post","link":"https:\/\/jundiai.sp.gov.br\/noticias\/2016\/09\/21\/conselho-do-patrimonio-convoca-audiencia-publica-para-discutir-tombamentos\/","title":{"rendered":"Cultura convoca audi\u00eancia p\u00fablica para discutir tombamentos"},"content":{"rendered":"<p><strong>A <a href=\"http:\/\/cultura.jundiai.sp.gov.br\/\" target=\"_blank\">Secretaria de Cultura<\/a> convida interessados para audi\u00eancia p\u00fablica que vai discutir tr\u00eas processos administrativos de tombamento municipal \u2013 da Casa Rosa, do Gin\u00e1sio de Esportes Dr. Nicolino de Lucca (Bol\u00e3o) e do Complexo Argos, no dia 19 de outubro, a partir das 19h, na <a href=\"http:\/\/www.jundiai.sp.leg.br\/\" target=\"_blank\">C\u00e2mara Municipal<\/a>.<\/strong><\/p>\n<p><strong>A a\u00e7\u00e3o\u00a0cumpre com o cronograma estipulado pela Lei Complementar 443\/2007, que trata da pol\u00edtica de preserva\u00e7\u00e3o do patrim\u00f4nio hist\u00f3rico e cultural do munic\u00edpio<\/strong>. \u201cS\u00e3o tr\u00eas importantes bens que o conselho vai dar andamento no processo e ouvir a opini\u00e3o da sociedade civil\u201d, afirma o presidente do Compac, Antonio Carlos Cesar Bezerra.<br \/>\n<strong><br \/>\nLEIA TAMB\u00c9M<\/strong><br \/>\n<a href=\"https:\/\/jundiai.sp.gov.br\/noticias\/2016\/09\/22\/mostra-de-heloisa-sandoval-prolonga-temporada-na-pinacoteca\/\">Mostra de Helo\u00edsa Sandoval prolonga temporada na Pinacoteca<\/a><br \/>\n<a href=\"https:\/\/jundiai.sp.gov.br\/noticias\/2016\/09\/20\/mediacao-cultural-revela-a-verdadeira-historia-de-jundiai-no-sabado-24\/\">Media\u00e7\u00e3o cultural revela a hist\u00f3ria de Jundia\u00ed neste s\u00e1bado (24)<\/a><br \/>\n<a href=\"https:\/\/jundiai.sp.gov.br\/noticias\/2016\/09\/19\/estao-abertas-as-inscricoes-para-curso-de-historia-do-cinema-no-museu-solar-do-barao\/\">Est\u00e3o abertas as inscri\u00e7\u00f5es para curso de Hist\u00f3ria do Cinema no Solar<\/a><\/p>\n<div id=\"attachment_187797\" style=\"width: 730px\" class=\"wp-caption aligncenter\"><a href=\"https:\/\/jundiai.sp.gov.br\/noticias\/wp-content\/uploads\/sites\/32\/2016\/09\/casa_rosa_G.jpg\"><img loading=\"lazy\" decoding=\"async\" aria-describedby=\"caption-attachment-187797\" class=\"size-full wp-image-187797\" src=\"https:\/\/jundiai.sp.gov.br\/noticias\/wp-content\/uploads\/sites\/32\/2016\/09\/casa_rosa_G.jpg\" alt=\"O im\u00f3vel conhecido como \u201cCasa Rosa\u201d vai ser um dos pilares discutidos\" width=\"720\" height=\"513\" \/><\/a><p id=\"caption-attachment-187797\" class=\"wp-caption-text\">O im\u00f3vel conhecido como \u201cCasa Rosa\u201d vai ser um dos pilares discutidos<\/p><\/div>\n<p>A Casa Rosa foi motivo de mobiliza\u00e7\u00e3o social em prol do patrim\u00f4nio hist\u00f3rico em 2015. O Bol\u00e3o \u00e9 tido como o primeiro exemplar em casca de concreto armado no pa\u00eds, importante obra do arquiteto e ex-prefeito de Jundia\u00ed, Vasco Ant\u00f4nio Venchiarutti, que antecede a Oca no Parque do Ibirapuera e as c\u00fapulas no Congresso Nacional.<\/p>\n<p>O Complexo Argos destaca-se por marcar o in\u00edcio do ciclo de industrializa\u00e7\u00e3o de Jundia\u00ed e seu estilo &#8220;art d\u00e9co&#8221; torna essa importante obra arquitet\u00f4nica um exemplo das pe\u00e7as que ajudaram a construir a hist\u00f3ria da cidade.<\/p>\n<p><strong>O convite \u00e9 aberto \u00e0 toda comunidade<\/strong>.\u00a0A C\u00e2mara Municipal fica na rua Bar\u00e3o de Jundia\u00ed, 128, Centro.<\/p>\n<p><em><strong>Assessoria de imprensa<br \/>\nFoto: Arquivo PMJ<\/strong><\/em><\/p>\n","protected":false},"excerpt":{"rendered":"<p>V\u00e3o ser discutidos tr\u00eas processos administrativos de tombamento municipal \u2013 da Casa Rosa, do Gin\u00e1sio de Esportes Dr. Nicolino de Lucca e do Complexo Argos<\/p>\n","protected":false},"author":21,"featured_media":187801,"comment_status":"closed","ping_status":"closed","sticky":false,"template":"","format":"standard","meta":{"footnotes":""},"categories":[2],"tags":[110,428,419,256,29],"ods":[],"class_list":["post-187795","post","type-post","status-publish","format-standard","has-post-thumbnail","hentry","category-noticias","tag-bolao","tag-camara-municipal","tag-complexo-argos","tag-conselho-do-patrimonio-cultural-compac","tag-cultura"],"_links":{"self":[{"href":"https:\/\/jundiai.sp.gov.br\/noticias\/wp-json\/wp\/v2\/posts\/187795","targetHints":{"allow":["GET"]}}],"collection":[{"href":"https:\/\/jundiai.sp.gov.br\/noticias\/wp-json\/wp\/v2\/posts"}],"about":[{"href":"https:\/\/jundiai.sp.gov.br\/noticias\/wp-json\/wp\/v2\/types\/post"}],"author":[{"embeddable":true,"href":"https:\/\/jundiai.sp.gov.br\/noticias\/wp-json\/wp\/v2\/users\/21"}],"replies":[{"embeddable":true,"href":"https:\/\/jundiai.sp.gov.br\/noticias\/wp-json\/wp\/v2\/comments?post=187795"}],"version-history":[{"count":6,"href":"https:\/\/jundiai.sp.gov.br\/noticias\/wp-json\/wp\/v2\/posts\/187795\/revisions"}],"predecessor-version":[{"id":187928,"href":"https:\/\/jundiai.sp.gov.br\/noticias\/wp-json\/wp\/v2\/posts\/187795\/revisions\/187928"}],"wp:featuredmedia":[{"embeddable":true,"href":"https:\/\/jundiai.sp.gov.br\/noticias\/wp-json\/wp\/v2\/media\/187801"}],"wp:attachment":[{"href":"https:\/\/jundiai.sp.gov.br\/noticias\/wp-json\/wp\/v2\/media?parent=187795"}],"wp:term":[{"taxonomy":"category","embeddable":true,"href":"https:\/\/jundiai.sp.gov.br\/noticias\/wp-json\/wp\/v2\/categories?post=187795"},{"taxonomy":"post_tag","embeddable":true,"href":"https:\/\/jundiai.sp.gov.br\/noticias\/wp-json\/wp\/v2\/tags?post=187795"},{"taxonomy":"ods","embeddable":true,"href":"https:\/\/jundiai.sp.gov.br\/noticias\/wp-json\/wp\/v2\/ods?post=187795"}],"curies":[{"name":"wp","href":"https:\/\/api.w.org\/{rel}","templated":true}]}}