{"id":188069,"date":"2016-09-27T16:30:28","date_gmt":"2016-09-27T19:30:28","guid":{"rendered":"https:\/\/jundiai.sp.gov.br\/noticias\/?p=188069"},"modified":"2016-09-27T16:56:44","modified_gmt":"2016-09-27T19:56:44","slug":"rota-turistica-realiza-festa-da-primavera-nos-dias-8-e-9-de-outubro","status":"publish","type":"post","link":"https:\/\/jundiai.sp.gov.br\/noticias\/2016\/09\/27\/rota-turistica-realiza-festa-da-primavera-nos-dias-8-e-9-de-outubro\/","title":{"rendered":"Rota Tur\u00edstica realiza Festa da Primavera nos dias 8 e 9 de outubro"},"content":{"rendered":"<p><strong>A Rota Tur\u00edstica da Terra Nova, na regi\u00e3o de mesmo nome, tem no sab\u00e1do (8) e domingo (9) de outubro a Festa da Primavera. Trata-se de um evento integrado pelos diversos empreendimentos participantes dessa rota tur\u00edstica, uma das quatro em implementa\u00e7\u00e3o em Jundia\u00ed.<\/strong><\/p>\n<p><a href=\"http:\/\/turismo.jundiai.sp.gov.br\/\" target=\"_blank\">CONFIRA O SITE DO TURISMO<\/a><\/p>\n<p>O evento vai <strong>das 10h \u00e0s 17h<\/strong> nos dois dias, tendo como local de refer\u00eancia o <strong>Viveiro Terra Nova, no n\u00famero 4465 da antiga Estrada da Terra Nova (atual avenida Engenheiro Tasso Pinheiro)<\/strong>, mas abrangendo os demais pontos da rota.<\/p>\n<p><strong>LEIA TAMB\u00c9M<\/strong><br \/>\n<a href=\"https:\/\/jundiai.sp.gov.br\/noticias\/2016\/09\/14\/visitantes-do-expresso-turistico-passam-a-ter-mais-informacoes-sobre-a-cidade\/\">\u2018Expresso Tur\u00edstico\u2019 passa a ter informa\u00e7\u00f5es aos visitantes<\/a><br \/>\n<a href=\"https:\/\/jundiai.sp.gov.br\/noticias\/2016\/09\/06\/regioes-originarias-motivam-rota-da-cultura-italiana-no-traviu\/\">Regi\u00f5es origin\u00e1rias motivam identidade da Rota da Cultura Italiana<\/a><br \/>\n<a href=\"https:\/\/jundiai.sp.gov.br\/noticias\/2016\/08\/02\/portal-do-turismo-divulga-inventario-municipal-com-diversas-atracoes\/\">Portal do Turismo divulga invent\u00e1rio municipal com diversas atra\u00e7\u00f5es<\/a><br \/>\n<a href=\"https:\/\/jundiai.sp.gov.br\/noticias\/2016\/09\/27\/artesao-do-jundiai-feito-a-mao-promove-feira-do-dia-das-criancas\/\">Artes\u00e3o do \u2018Jundia\u00ed Feito \u00e0 M\u00e3o\u2019 promove feira do Dia das Crian\u00e7as no Pa\u00e7o Municipal<\/a><\/p>\n<div id=\"attachment_188071\" style=\"width: 410px\" class=\"wp-caption alignright\"><a href=\"https:\/\/jundiai.sp.gov.br\/noticias\/wp-content\/uploads\/sites\/32\/2016\/09\/Rota-turistica-Terra-Nova_1.jpg\"><img loading=\"lazy\" decoding=\"async\" aria-describedby=\"caption-attachment-188071\" class=\"size-full wp-image-188071\" src=\"https:\/\/jundiai.sp.gov.br\/noticias\/wp-content\/uploads\/sites\/32\/2016\/09\/Rota-turistica-Terra-Nova_1.jpg\" alt=\"Evento \u00e9 integrado pelos diversos empreendimentos participantes dessa rota tur\u00edstica\" width=\"400\" height=\"400\" srcset=\"https:\/\/jundiai.sp.gov.br\/noticias\/wp-content\/uploads\/sites\/32\/2016\/09\/Rota-turistica-Terra-Nova_1.jpg 1240w, https:\/\/jundiai.sp.gov.br\/noticias\/wp-content\/uploads\/sites\/32\/2016\/09\/Rota-turistica-Terra-Nova_1-100x100.jpg 100w, https:\/\/jundiai.sp.gov.br\/noticias\/wp-content\/uploads\/sites\/32\/2016\/09\/Rota-turistica-Terra-Nova_1-300x300.jpg 300w, https:\/\/jundiai.sp.gov.br\/noticias\/wp-content\/uploads\/sites\/32\/2016\/09\/Rota-turistica-Terra-Nova_1-768x768.jpg 768w, https:\/\/jundiai.sp.gov.br\/noticias\/wp-content\/uploads\/sites\/32\/2016\/09\/Rota-turistica-Terra-Nova_1-720x720.jpg 720w\" sizes=\"auto, (max-width: 400px) 100vw, 400px\" \/><\/a><p id=\"caption-attachment-188071\" class=\"wp-caption-text\">Evento \u00e9 integrado pelos diversos empreendimentos participantes dessa rota tur\u00edstica<\/p><\/div>\n<p>Entre as atividades est\u00e3o o <strong>caf\u00e9 rural no Bookaf\u00e9, o passeio de trenzinho, as trilhas monitoradas no meio ambiente, o passeio a cavalo ou charrete, a gastronomia local, a exposi\u00e7\u00e3o de produtos da rota, as oficinas de mudas, cozinha ou flores, a visita ao orquid\u00e1rio, a gincana infantil e tamb\u00e9m artistas do <a href=\"http:\/\/turismo.jundiai.sp.gov.br\/atrativos\/artesanato-jundiai-feito-a-mao\/\" target=\"_blank\">Jundia\u00ed Feito \u00e0 M\u00e3o<\/a><\/strong>.<\/p>\n<p>A <strong>capela do bairro<\/strong>, constru\u00edda na d\u00e9cada da 1930 por um morador como promessa pelo parto seguro de seu filho diante da ent\u00e3o dist\u00e2ncia da cidade com charrete, <strong>foi reformada e tamb\u00e9m \u00e9 uma atra\u00e7\u00e3o<\/strong> no caminho.<\/p>\n<p>Al\u00e9m da<strong> Rota Tur\u00edstica da Terra Nova<\/strong>, o munic\u00edpio tem atualmente a <strong><a href=\"https:\/\/jundiai.sp.gov.br\/noticias\/2016\/08\/11\/rotas-turisticas-de-jundiai-oferecem-atracoes-rurais-a-turistas-e-moradores\/\">Rota Tur\u00edstica da Uva, a Rota Tur\u00edstica da Cultura Italiana e a Rota Tur\u00edstica do Castanho<\/a><\/strong> em diversos est\u00e1gios de implementa\u00e7\u00e3o, que contam com apoio t\u00e9cnico de turism\u00f3logos da Secretaria de Agricultura, Abastecimento e Turismo em sua estrutura\u00e7\u00e3o de autonomia.<\/p>\n<p><strong><em>Jos\u00e9 Arnaldo de Oliveira<\/em><\/strong><\/p>\n","protected":false},"excerpt":{"rendered":"<p>A Rota Tur\u00edstica da Terra Nova, na regi\u00e3o de mesmo nome, tem no sab\u00e1do (8) e domingo (9) de outubro a Festa da Primavera. Trata-se de um evento integrado pelos diversos empreendimentos participantes dessa rota tur\u00edstica, uma das quatro em implementa\u00e7\u00e3o em Jundia\u00ed. CONFIRA O SITE DO TURISMO O evento vai das 10h \u00e0s 17h [&hellip;]<\/p>\n","protected":false},"author":14,"featured_media":0,"comment_status":"closed","ping_status":"closed","sticky":false,"template":"","format":"standard","meta":{"footnotes":""},"categories":[2],"tags":[41,921,293,741],"ods":[],"class_list":["post-188069","post","type-post","status-publish","format-standard","hentry","category-noticias","tag-agricultura-abastecimento-e-turismo","tag-artesanato","tag-jundiai-feito-a-mao","tag-rotas-turisticas"],"_links":{"self":[{"href":"https:\/\/jundiai.sp.gov.br\/noticias\/wp-json\/wp\/v2\/posts\/188069","targetHints":{"allow":["GET"]}}],"collection":[{"href":"https:\/\/jundiai.sp.gov.br\/noticias\/wp-json\/wp\/v2\/posts"}],"about":[{"href":"https:\/\/jundiai.sp.gov.br\/noticias\/wp-json\/wp\/v2\/types\/post"}],"author":[{"embeddable":true,"href":"https:\/\/jundiai.sp.gov.br\/noticias\/wp-json\/wp\/v2\/users\/14"}],"replies":[{"embeddable":true,"href":"https:\/\/jundiai.sp.gov.br\/noticias\/wp-json\/wp\/v2\/comments?post=188069"}],"version-history":[{"count":3,"href":"https:\/\/jundiai.sp.gov.br\/noticias\/wp-json\/wp\/v2\/posts\/188069\/revisions"}],"predecessor-version":[{"id":188086,"href":"https:\/\/jundiai.sp.gov.br\/noticias\/wp-json\/wp\/v2\/posts\/188069\/revisions\/188086"}],"wp:attachment":[{"href":"https:\/\/jundiai.sp.gov.br\/noticias\/wp-json\/wp\/v2\/media?parent=188069"}],"wp:term":[{"taxonomy":"category","embeddable":true,"href":"https:\/\/jundiai.sp.gov.br\/noticias\/wp-json\/wp\/v2\/categories?post=188069"},{"taxonomy":"post_tag","embeddable":true,"href":"https:\/\/jundiai.sp.gov.br\/noticias\/wp-json\/wp\/v2\/tags?post=188069"},{"taxonomy":"ods","embeddable":true,"href":"https:\/\/jundiai.sp.gov.br\/noticias\/wp-json\/wp\/v2\/ods?post=188069"}],"curies":[{"name":"wp","href":"https:\/\/api.w.org\/{rel}","templated":true}]}}