{"id":188329,"date":"2016-10-04T16:23:11","date_gmt":"2016-10-04T19:23:11","guid":{"rendered":"https:\/\/jundiai.sp.gov.br\/noticias\/?p=188329"},"modified":"2020-02-10T10:31:26","modified_gmt":"2020-02-10T12:31:26","slug":"solar-do-barao-revela-a-jundiai-que-ninguem-ve-na-mostra-fotografica-2016","status":"publish","type":"post","link":"https:\/\/jundiai.sp.gov.br\/noticias\/2016\/10\/04\/solar-do-barao-revela-a-jundiai-que-ninguem-ve-na-mostra-fotografica-2016\/","title":{"rendered":"Museu Solar do Bar\u00e3o revela a Jundia\u00ed que ningu\u00e9m v\u00ea na Mostra Fotogr\u00e1fica 2016"},"content":{"rendered":"<p><iframe loading=\"lazy\" class=\"alignright\" width=\"400\" height=\"315\" src=\"https:\/\/www.youtube.com\/embed\/HU2QQ6H3xY0\" frameborder=\"0\" allowfullscreen><\/iframe><strong>O Museu Hist\u00f3rico e Cultural Solar do Bar\u00e3o abre a Mostra Fotogr\u00e1fica 2016, nesta quarta-feira (5), a partir das 10h. O acervo re\u00fane fotografias de mais de 15 artistas com a tem\u00e1tica \u201cA Jundia\u00ed que ningu\u00e9m v\u00ea\u201d.<\/strong><\/p>\n<p><strong>A mostra se caracteriza como uma a\u00e7\u00e3o conjunta do Conselho Municipal de Pol\u00edticas Culturais e da Secretaria de Cultura, que escolheram 24 imagens dentre 125 fotografias analisadas pela comiss\u00e3o julgadora para comporem o espa\u00e7o expositivo at\u00e9 29 de outubro.<\/strong><\/p>\n<p>Al\u00e9m da abertura nesta quarta-feira (5), a exposi\u00e7\u00e3o conta no s\u00e1bado (8), a partir das 10h, com a presen\u00e7a dos fot\u00f3grafos para um di\u00e1logo com o p\u00fablico sobre suas respectivas fotografias, conceitos adotados e t\u00e9cnicas.<\/p>\n<p><strong>LEIA TAMB\u00c9M<\/strong><br \/>\n<a href=\"https:\/\/jundiai.sp.gov.br\/noticias\/2016\/10\/03\/feira-do-dia-da-crianca-confirma-criatividade-de-artesaos-locais\/\" target=\"_blank\" rel=\"noopener noreferrer\"><strong>Feira no Pa\u00e7o confirma criatividade de artes\u00e3os locais<\/strong><\/a><br \/>\n<a href=\"https:\/\/jundiai.sp.gov.br\/noticias\/2016\/10\/03\/programacao-do-outubro-rosa-no-hu-comeca-nesta-terca-feira-4\/\" target=\"_blank\" rel=\"noopener noreferrer\"><strong>Programa\u00e7\u00e3o do Outubro Rosa no HU come\u00e7a nesta ter\u00e7a (4)<\/strong><\/a><\/p>\n<div id=\"attachment_188333\" style=\"width: 730px\" class=\"wp-caption aligncenter\"><a href=\"https:\/\/jundiai.sp.gov.br\/noticias\/wp-content\/uploads\/sites\/32\/2016\/10\/julio-montheiro-2015-cidade-luz-centro-p\u00e7a-matriz.jpg\"><img loading=\"lazy\" decoding=\"async\" aria-describedby=\"caption-attachment-188333\" class=\"size-large wp-image-188333\" src=\"https:\/\/jundiai.sp.gov.br\/noticias\/wp-content\/uploads\/sites\/32\/2016\/10\/julio-montheiro-2015-cidade-luz-centro-p\u00e7a-matriz-720x480.jpg\" alt=\"\u201cCidade Luz\u201d \u00e9 a foto selecionada de Julio Montheiro\" width=\"720\" height=\"480\" srcset=\"https:\/\/jundiai.sp.gov.br\/noticias\/wp-content\/uploads\/sites\/32\/2016\/10\/julio-montheiro-2015-cidade-luz-centro-p\u00e7a-matriz-720x480.jpg 720w, https:\/\/jundiai.sp.gov.br\/noticias\/wp-content\/uploads\/sites\/32\/2016\/10\/julio-montheiro-2015-cidade-luz-centro-p\u00e7a-matriz-300x200.jpg 300w, https:\/\/jundiai.sp.gov.br\/noticias\/wp-content\/uploads\/sites\/32\/2016\/10\/julio-montheiro-2015-cidade-luz-centro-p\u00e7a-matriz-768x512.jpg 768w, https:\/\/jundiai.sp.gov.br\/noticias\/wp-content\/uploads\/sites\/32\/2016\/10\/julio-montheiro-2015-cidade-luz-centro-p\u00e7a-matriz.jpg 1280w\" sizes=\"auto, (max-width: 720px) 100vw, 720px\" \/><\/a><p id=\"caption-attachment-188333\" class=\"wp-caption-text\">\u201cCidade Luz\u201d \u00e9 a foto selecionada de Julio Montheiro<\/p><\/div>\n<p>Em sua 3\u00aa edi\u00e7\u00e3o, a mostra conta com os artistas Ana Luiza Secco, Ary Attab Filho, Beatriz Pastorini, Cido Pamplona, Daniela de Moraes , Gustavo Koch, Jo\u00e3o Paulo Santos Paz, Jonas Oliveira, J\u00falio Montheiro, Mariana Morishita, Mar\u00edlia Scarabello, Morales, Pedro Trevisan, Samuel Sala e Wesley Contesini.<\/p>\n<p><strong>O Solar do Bar\u00e3o fica na rua Bar\u00e3o de Jundia\u00ed, n\u00ba 762, com funcionamento de ter\u00e7a a sexta-feira, das 10h \u00e0s 17h, e aos s\u00e1bados e domingos, das 9h \u00e0s 13h. Mais informa\u00e7\u00f5es, telefone (11) 4521 \u2013 6259.<\/strong><\/p>\n<div id=\"attachment_188332\" style=\"width: 730px\" class=\"wp-caption aligncenter\"><a href=\"https:\/\/jundiai.sp.gov.br\/noticias\/wp-content\/uploads\/sites\/32\/2016\/10\/Gustavo-Koch-Glamour-Julho-2016.jpg\"><img loading=\"lazy\" decoding=\"async\" aria-describedby=\"caption-attachment-188332\" class=\"size-large wp-image-188332\" src=\"https:\/\/jundiai.sp.gov.br\/noticias\/wp-content\/uploads\/sites\/32\/2016\/10\/Gustavo-Koch-Glamour-Julho-2016-720x480.jpg\" alt=\"\u201cGlamour\u201d de Gustavo Koch\" width=\"720\" height=\"480\" srcset=\"https:\/\/jundiai.sp.gov.br\/noticias\/wp-content\/uploads\/sites\/32\/2016\/10\/Gustavo-Koch-Glamour-Julho-2016-720x480.jpg 720w, https:\/\/jundiai.sp.gov.br\/noticias\/wp-content\/uploads\/sites\/32\/2016\/10\/Gustavo-Koch-Glamour-Julho-2016-300x200.jpg 300w, https:\/\/jundiai.sp.gov.br\/noticias\/wp-content\/uploads\/sites\/32\/2016\/10\/Gustavo-Koch-Glamour-Julho-2016-768x512.jpg 768w, https:\/\/jundiai.sp.gov.br\/noticias\/wp-content\/uploads\/sites\/32\/2016\/10\/Gustavo-Koch-Glamour-Julho-2016.jpg 1280w\" sizes=\"auto, (max-width: 720px) 100vw, 720px\" \/><\/a><p id=\"caption-attachment-188332\" class=\"wp-caption-text\">\u201cGlamour\u201d de Gustavo Koch<\/p><\/div>\n<p><em><strong>Assessoria de imprensa<\/strong><\/em><br \/>\n<em><strong>Fotos: Divulga\u00e7\u00e3o<\/strong><\/em><\/p>\n","protected":false},"excerpt":{"rendered":"<p>Acervo re\u00fane fotografias de mais de 15 artistas, com funcionamento de ter\u00e7a a sexta-feira, das 10h \u00e0s 17h, e aos s\u00e1bados e domingos, das 9h \u00e0s 13h<\/p>\n","protected":false},"author":11,"featured_media":188338,"comment_status":"closed","ping_status":"closed","sticky":false,"template":"","format":"standard","meta":{"footnotes":""},"categories":[2],"tags":[29,290],"ods":[],"class_list":["post-188329","post","type-post","status-publish","format-standard","has-post-thumbnail","hentry","category-noticias","tag-cultura","tag-museu-historico-e-cultural-solar-do-barao"],"_links":{"self":[{"href":"https:\/\/jundiai.sp.gov.br\/noticias\/wp-json\/wp\/v2\/posts\/188329","targetHints":{"allow":["GET"]}}],"collection":[{"href":"https:\/\/jundiai.sp.gov.br\/noticias\/wp-json\/wp\/v2\/posts"}],"about":[{"href":"https:\/\/jundiai.sp.gov.br\/noticias\/wp-json\/wp\/v2\/types\/post"}],"author":[{"embeddable":true,"href":"https:\/\/jundiai.sp.gov.br\/noticias\/wp-json\/wp\/v2\/users\/11"}],"replies":[{"embeddable":true,"href":"https:\/\/jundiai.sp.gov.br\/noticias\/wp-json\/wp\/v2\/comments?post=188329"}],"version-history":[{"count":9,"href":"https:\/\/jundiai.sp.gov.br\/noticias\/wp-json\/wp\/v2\/posts\/188329\/revisions"}],"predecessor-version":[{"id":244577,"href":"https:\/\/jundiai.sp.gov.br\/noticias\/wp-json\/wp\/v2\/posts\/188329\/revisions\/244577"}],"wp:featuredmedia":[{"embeddable":true,"href":"https:\/\/jundiai.sp.gov.br\/noticias\/wp-json\/wp\/v2\/media\/188338"}],"wp:attachment":[{"href":"https:\/\/jundiai.sp.gov.br\/noticias\/wp-json\/wp\/v2\/media?parent=188329"}],"wp:term":[{"taxonomy":"category","embeddable":true,"href":"https:\/\/jundiai.sp.gov.br\/noticias\/wp-json\/wp\/v2\/categories?post=188329"},{"taxonomy":"post_tag","embeddable":true,"href":"https:\/\/jundiai.sp.gov.br\/noticias\/wp-json\/wp\/v2\/tags?post=188329"},{"taxonomy":"ods","embeddable":true,"href":"https:\/\/jundiai.sp.gov.br\/noticias\/wp-json\/wp\/v2\/ods?post=188329"}],"curies":[{"name":"wp","href":"https:\/\/api.w.org\/{rel}","templated":true}]}}