{"id":188331,"date":"2016-10-04T16:20:28","date_gmt":"2016-10-04T19:20:28","guid":{"rendered":"https:\/\/jundiai.sp.gov.br\/noticias\/?p=188331"},"modified":"2016-10-04T16:22:24","modified_gmt":"2016-10-04T19:22:24","slug":"oficina-de-elaboracao-de-curriculos-na-biblioteca-e-nesta-sexta-feira-7","status":"publish","type":"post","link":"https:\/\/jundiai.sp.gov.br\/noticias\/2016\/10\/04\/oficina-de-elaboracao-de-curriculos-na-biblioteca-e-nesta-sexta-feira-7\/","title":{"rendered":"Oficina de elabora\u00e7\u00e3o de curr\u00edculos na Biblioteca \u00e9 nesta sexta-feira (7)"},"content":{"rendered":"<p><strong>Uma oficina de elabora\u00e7\u00e3o de curr\u00edculos, voltada para maiores de 15 anos, est\u00e1 marcada\u00a0na <a href=\"http:\/\/biblioteca.jundiai.sp.gov.br\/\" target=\"_blank\">Biblioteca Municipal Professor Nelson Foot<\/a>, nesta sexta-feira (7), das 10h \u00e0s 12h. Ao todo, dez vagas foram disponibilizadas. Os interessados podem fazer inscri\u00e7\u00e3o no \u00f3rg\u00e3o, na avenida Dr. Cavalcanti, 396, Vila Arens (Complexo Argos). A vaga \u00e9 concedida por ordem de chegada.<\/strong><\/p>\n<p><strong>LEIA TAMB\u00c9M<\/strong><br \/>\n<a href=\"https:\/\/jundiai.sp.gov.br\/noticias\/2016\/10\/04\/parque-da-uva-recebe-premiacao-da-12a-olimpiada-de-redacao\/\">Premia\u00e7\u00e3o da Olimp\u00edada de Reda\u00e7\u00e3o \u00e9 nesta sexta (7)<\/a><br \/>\n<a href=\"https:\/\/jundiai.sp.gov.br\/noticias\/2016\/09\/30\/confira-a-programacao-da-biblioteca-para-o-mes-de-outubro\/\">Confira a programa\u00e7\u00e3o da Biblioteca Municipal para o m\u00eas de outubro<\/a><br \/>\n<a href=\"https:\/\/jundiai.sp.gov.br\/noticias\/2016\/10\/04\/fatec-promove-evento-de-empreendedorismo-nesta-quinta-feira-6\/\">Alunos da Fatec promovem evento de empreendedorismo nesta quinta-feira (6)<\/a><\/p>\n<div id=\"attachment_187711\" style=\"width: 1250px\" class=\"wp-caption aligncenter\"><a href=\"https:\/\/jundiai.sp.gov.br\/noticias\/wp-content\/uploads\/sites\/32\/2016\/09\/Biblioteca_dia-de-ler_P-127G.jpg\"><img loading=\"lazy\" decoding=\"async\" aria-describedby=\"caption-attachment-187711\" class=\"size-full wp-image-187711\" src=\"https:\/\/jundiai.sp.gov.br\/noticias\/wp-content\/uploads\/sites\/32\/2016\/09\/Biblioteca_dia-de-ler_P-127G.jpg\" alt=\"Programa\u00e7\u00e3o do m\u00eas conta ainda com palestras, oficinas, encontro de jogos, mostras, exposi\u00e7\u00f5es e workshop\" width=\"1240\" height=\"847\" srcset=\"https:\/\/jundiai.sp.gov.br\/noticias\/wp-content\/uploads\/sites\/32\/2016\/09\/Biblioteca_dia-de-ler_P-127G.jpg 1240w, https:\/\/jundiai.sp.gov.br\/noticias\/wp-content\/uploads\/sites\/32\/2016\/09\/Biblioteca_dia-de-ler_P-127G-300x205.jpg 300w, https:\/\/jundiai.sp.gov.br\/noticias\/wp-content\/uploads\/sites\/32\/2016\/09\/Biblioteca_dia-de-ler_P-127G-768x525.jpg 768w, https:\/\/jundiai.sp.gov.br\/noticias\/wp-content\/uploads\/sites\/32\/2016\/09\/Biblioteca_dia-de-ler_P-127G-720x492.jpg 720w\" sizes=\"auto, (max-width: 1240px) 100vw, 1240px\" \/><\/a><p id=\"caption-attachment-187711\" class=\"wp-caption-text\">Programa\u00e7\u00e3o do m\u00eas conta ainda com palestras, oficinas, encontro de jogos, mostras, exposi\u00e7\u00f5es e workshop<\/p><\/div>\n<p>A oficina integra o programa <strong>Recode<\/strong>, financiado pela <strong>Funda\u00e7\u00e3o Bill e Melinda Gates<\/strong> e dirigido pela <strong>Ong Comit\u00ea de Democratiza\u00e7\u00e3o da Inform\u00e1tica (CDI)<\/strong>. <strong>No pa\u00eds, 50 bibliotecas foram escolhidas para receber, cada uma, dez computadores<\/strong>, e os servidores passaram por uma <strong>forma\u00e7\u00e3o para ofertar cursos \u00e0 comunidade<\/strong>, com o objetivo de<strong> criar solu\u00e7\u00f5es pr\u00e1ticas para o dia a dia, utilizando a inform\u00e1tica. Desde abril, cinco oficinas j\u00e1 foram realizadas na Nelson Foot<\/strong>.<\/p>\n<p>\u201cDesta vez, a ideia \u00e9 mostrar <strong>como construir um bom curr\u00edculo<\/strong>. As pessoas, muitas vezes, incluem informa\u00e7\u00f5es que n\u00e3o s\u00e3o necess\u00e1rias. Tudo o que vai ser colocado tem que dialogar com o objetivo do candidato. Al\u00e9m de abordar essa quest\u00e3o, inclusive, construindo junto com o participante o curr\u00edculo, vamos falar sobre as <strong>entrevistas de emprego, destacando principalmente as perguntas mais frequentas e a import\u00e2ncia da pontualidade<\/strong>\u201d, informa a bibliotec\u00e1ria Michele Fontana Bueno.<\/p>\n<p><a href=\"https:\/\/jundiai.sp.gov.br\/noticias\/2016\/09\/30\/confira-a-programacao-da-biblioteca-para-o-mes-de-outubro\/\"><strong>Programa\u00e7\u00e3o<\/strong><\/a><br \/>\nAinda neste m\u00eas, ser\u00e3o feitas <strong>outras duas atividades<\/strong>. Nos <strong>dias 10, 11 e 13, das 13h30 \u00e0s 16h30<\/strong>, haver\u00e1 uma <strong>oficina para jovens de 14 anos<\/strong> que contar\u00e1 com <strong>palestras sobre profiss\u00f5es por \u00e1rea de conhecimento e op\u00e7\u00f5es para ingressar na faculdade<\/strong> (bolsas de estudo, financiamento estudantil e Enem),<strong> teste vocacional on line, v\u00eddeo sobre t\u00e9cnicas de reda\u00e7\u00e3o, produ\u00e7\u00e3o de reda\u00e7\u00e3o com corre\u00e7\u00e3o e devolutiva, al\u00e9m de mostrar ferramentas tecnol\u00f3gicas<\/strong> que podem auxiliar nos estudos. E,<strong> no dia 15, das 9h30 \u00e0s 12h, \u00e9 a vez de um workshop de m\u00eddias sociais para aspirantes a blogueiros<\/strong>.<\/p>\n<p>Para cada curso s\u00e3o ofertadas <strong>dez vagas<\/strong>. Mais informa\u00e7\u00f5es pelo <strong>telefone (11) 4527-2110<\/strong>.<\/p>\n<p><strong><em>Roberta de S\u00e1<\/em><\/strong><\/p>\n","protected":false},"excerpt":{"rendered":"<p>Uma oficina de elabora\u00e7\u00e3o de curr\u00edculos, voltada para maiores de 15 anos, est\u00e1 marcada\u00a0na Biblioteca Municipal Professor Nelson Foot, nesta sexta-feira (7), das 10h \u00e0s 12h. Ao todo, dez vagas foram disponibilizadas. Os interessados podem fazer inscri\u00e7\u00e3o no \u00f3rg\u00e3o, na avenida Dr. Cavalcanti, 396, Vila Arens (Complexo Argos). A vaga \u00e9 concedida por ordem de [&hellip;]<\/p>\n","protected":false},"author":14,"featured_media":0,"comment_status":"closed","ping_status":"closed","sticky":false,"template":"","format":"standard","meta":{"footnotes":""},"categories":[2],"tags":[505,419,430,6],"ods":[],"class_list":["post-188331","post","type-post","status-publish","format-standard","hentry","category-noticias","tag-biblioteca-municipal-professor-nelson-foot","tag-complexo-argos","tag-cursos-gratuitos","tag-educacao"],"_links":{"self":[{"href":"https:\/\/jundiai.sp.gov.br\/noticias\/wp-json\/wp\/v2\/posts\/188331","targetHints":{"allow":["GET"]}}],"collection":[{"href":"https:\/\/jundiai.sp.gov.br\/noticias\/wp-json\/wp\/v2\/posts"}],"about":[{"href":"https:\/\/jundiai.sp.gov.br\/noticias\/wp-json\/wp\/v2\/types\/post"}],"author":[{"embeddable":true,"href":"https:\/\/jundiai.sp.gov.br\/noticias\/wp-json\/wp\/v2\/users\/14"}],"replies":[{"embeddable":true,"href":"https:\/\/jundiai.sp.gov.br\/noticias\/wp-json\/wp\/v2\/comments?post=188331"}],"version-history":[{"count":4,"href":"https:\/\/jundiai.sp.gov.br\/noticias\/wp-json\/wp\/v2\/posts\/188331\/revisions"}],"predecessor-version":[{"id":188337,"href":"https:\/\/jundiai.sp.gov.br\/noticias\/wp-json\/wp\/v2\/posts\/188331\/revisions\/188337"}],"wp:attachment":[{"href":"https:\/\/jundiai.sp.gov.br\/noticias\/wp-json\/wp\/v2\/media?parent=188331"}],"wp:term":[{"taxonomy":"category","embeddable":true,"href":"https:\/\/jundiai.sp.gov.br\/noticias\/wp-json\/wp\/v2\/categories?post=188331"},{"taxonomy":"post_tag","embeddable":true,"href":"https:\/\/jundiai.sp.gov.br\/noticias\/wp-json\/wp\/v2\/tags?post=188331"},{"taxonomy":"ods","embeddable":true,"href":"https:\/\/jundiai.sp.gov.br\/noticias\/wp-json\/wp\/v2\/ods?post=188331"}],"curies":[{"name":"wp","href":"https:\/\/api.w.org\/{rel}","templated":true}]}}