{"id":188747,"date":"2016-10-14T15:19:30","date_gmt":"2016-10-14T18:19:30","guid":{"rendered":"https:\/\/jundiai.sp.gov.br\/noticias\/?p=188747"},"modified":"2016-11-04T11:23:55","modified_gmt":"2016-11-04T13:23:55","slug":"ceu-vista-alegre-esta-com-inscricoes-abertas-para-oficina-de-audiovisual","status":"publish","type":"post","link":"https:\/\/jundiai.sp.gov.br\/noticias\/2016\/10\/14\/ceu-vista-alegre-esta-com-inscricoes-abertas-para-oficina-de-audiovisual\/","title":{"rendered":"CEU Vista Alegre est\u00e1 com inscri\u00e7\u00f5es abertas para oficina de audiovisual"},"content":{"rendered":"<div id=\"attachment_188749\" style=\"width: 340px\" class=\"wp-caption alignright\"><a href=\"https:\/\/jundiai.sp.gov.br\/noticias\/wp-content\/uploads\/sites\/32\/2016\/10\/oficina_audiovisual.jpg\"><img loading=\"lazy\" decoding=\"async\" aria-describedby=\"caption-attachment-188749\" class=\"size-full wp-image-188749\" src=\"https:\/\/jundiai.sp.gov.br\/noticias\/wp-content\/uploads\/sites\/32\/2016\/10\/oficina_audiovisual.jpg\" alt=\"Oficina gratuita \u00e9 voltada ao p\u00fablico a partir de 12 anos\" width=\"330\" height=\"370\" \/><\/a><p id=\"caption-attachment-188749\" class=\"wp-caption-text\">Oficina gratuita \u00e9 voltada ao p\u00fablico a partir de 12 anos<\/p><\/div>\n<p><strong>Uma oficina gratuita de audiovisual com foco em midialivrismo e produ\u00e7\u00e3o de baixo custo vai ser oferecida no CEU das Artes Vista Alegre. Voltada para o p\u00fablico a partir de 12 anos, os interessados devem se inscrever no local, na rua Cabo Edvaldo Quirino Santana, Conjunto Habitacional Vista Alegre, das 8h \u00e0s 17h, ou enviando nome completo, idade e telefone para o e-mail <a href=\"mailto:salve.contato@gmail.com\">salve.contato@gmail.com<\/a>. Menores devem ir acompanhados de seus pais e a sele\u00e7\u00e3o vai ser feita por ordem de inscri\u00e7\u00f5es.<\/strong><\/p>\n<p><strong>LEIA TAMB\u00c9M<\/strong><br \/>\n<a href=\"https:\/\/jundiai.sp.gov.br\/noticias\/2016\/10\/13\/mostra-de-danca-2016-ocupa-o-palco-do-polytheama-neste-final-de-semana\/\">Mostra de Dan\u00e7a ocupa Polytheama<\/a><br \/>\n<a href=\"https:\/\/jundiai.sp.gov.br\/noticias\/2016\/10\/14\/biblioteca-professor-nelson-foot-tem-workshop-de-midias-sociais-neste-sabado-15\/\">Biblioteca tem workshop de m\u00eddias sociais<\/a><\/p>\n<p>A <strong>oficina ocorre durante a III Salve \u2013 Semana do Audiovisual Livre<\/strong>, em uma iniciativa da <a href=\"http:\/\/cultura.jundiai.sp.gov.br\/\" target=\"_blank\">Secretaria de Cultura<\/a> em parceria com o Cineclube Consci\u00eancia, que promove o evento. As aulas v\u00e3o ser ministradas pelo produtor audiovisual Matheus Jos\u00e9 Vieira da Produtora V\u00eddeo Burn de Ribeir\u00e3o Preto (SP), nos <strong>dias 5, 6 e 12 de novembro, das 13h30 \u00e0s 18h30, no CEU das Artes Vista Alegre<\/strong>.<\/p>\n<p>O conte\u00fado permite aos participantes identificar e dar visibilidade a uma pauta por meio do v\u00eddeo, imagens, ferramentas livres de edi\u00e7\u00e3o e plataformas de divulga\u00e7\u00e3o via WEB. Com base em conhecimentos pr\u00e1ticos sobre fotografia, filmagem e edi\u00e7\u00e3o de v\u00eddeo, a <strong>proposta \u00e9 comunicar a realidade da comunidade onde vivem. N\u00e3o \u00e9 necess\u00e1rio possuir equipamentos<\/strong>.<\/p>\n<p><em><strong>Assessoria de imprensa<br \/>\nFoto: Divulga\u00e7\u00e3o<\/strong><\/em><\/p>\n","protected":false},"excerpt":{"rendered":"<p>Interessados podem se inscrever no local, na rua Cabo Edvaldo Quirino Santana, Conjunto Habitacional Vista Alegre, das 8h \u00e0s 17h, ou por e-mail<\/p>\n","protected":false},"author":21,"featured_media":188755,"comment_status":"closed","ping_status":"closed","sticky":false,"template":"","format":"standard","meta":{"footnotes":""},"categories":[2],"tags":[894,29,430],"ods":[],"class_list":["post-188747","post","type-post","status-publish","format-standard","has-post-thumbnail","hentry","category-noticias","tag-ceu-das-artes-do-vista-alegre","tag-cultura","tag-cursos-gratuitos"],"_links":{"self":[{"href":"https:\/\/jundiai.sp.gov.br\/noticias\/wp-json\/wp\/v2\/posts\/188747","targetHints":{"allow":["GET"]}}],"collection":[{"href":"https:\/\/jundiai.sp.gov.br\/noticias\/wp-json\/wp\/v2\/posts"}],"about":[{"href":"https:\/\/jundiai.sp.gov.br\/noticias\/wp-json\/wp\/v2\/types\/post"}],"author":[{"embeddable":true,"href":"https:\/\/jundiai.sp.gov.br\/noticias\/wp-json\/wp\/v2\/users\/21"}],"replies":[{"embeddable":true,"href":"https:\/\/jundiai.sp.gov.br\/noticias\/wp-json\/wp\/v2\/comments?post=188747"}],"version-history":[{"count":8,"href":"https:\/\/jundiai.sp.gov.br\/noticias\/wp-json\/wp\/v2\/posts\/188747\/revisions"}],"predecessor-version":[{"id":188864,"href":"https:\/\/jundiai.sp.gov.br\/noticias\/wp-json\/wp\/v2\/posts\/188747\/revisions\/188864"}],"wp:featuredmedia":[{"embeddable":true,"href":"https:\/\/jundiai.sp.gov.br\/noticias\/wp-json\/wp\/v2\/media\/188755"}],"wp:attachment":[{"href":"https:\/\/jundiai.sp.gov.br\/noticias\/wp-json\/wp\/v2\/media?parent=188747"}],"wp:term":[{"taxonomy":"category","embeddable":true,"href":"https:\/\/jundiai.sp.gov.br\/noticias\/wp-json\/wp\/v2\/categories?post=188747"},{"taxonomy":"post_tag","embeddable":true,"href":"https:\/\/jundiai.sp.gov.br\/noticias\/wp-json\/wp\/v2\/tags?post=188747"},{"taxonomy":"ods","embeddable":true,"href":"https:\/\/jundiai.sp.gov.br\/noticias\/wp-json\/wp\/v2\/ods?post=188747"}],"curies":[{"name":"wp","href":"https:\/\/api.w.org\/{rel}","templated":true}]}}