{"id":189155,"date":"2016-10-25T14:54:21","date_gmt":"2016-10-25T16:54:21","guid":{"rendered":"https:\/\/jundiai.sp.gov.br\/noticias\/?p=189155"},"modified":"2016-11-04T11:23:46","modified_gmt":"2016-11-04T13:23:46","slug":"centro-esportivo-benedito-de-lima-passa-a-contar-com-sala-de-ginastica","status":"publish","type":"post","link":"https:\/\/jundiai.sp.gov.br\/noticias\/2016\/10\/25\/centro-esportivo-benedito-de-lima-passa-a-contar-com-sala-de-ginastica\/","title":{"rendered":"Centro Esportivo Benedito de Lima passa a contar com sala de gin\u00e1stica"},"content":{"rendered":"<p><strong>Os moradores da regi\u00e3o do Retiro j\u00e1 podem desfrutar da nova sala de gin\u00e1stica do Centro Esportivo Benedito de Lima. O equipamento foi entregue nesta ter\u00e7a-feira (25), com a presen\u00e7a do secret\u00e1rio de Esportes e Lazer, Jo\u00e3o Guilherme Maffia, e de alunas da inicia\u00e7\u00e3o da Gin\u00e1stica R\u00edtmica na cerim\u00f4nia.<\/strong><\/p>\n<p>A obra conta com uma<strong> \u00e1rea de 20 metros por 20 metros<\/strong> e <strong>dez metros de altura<\/strong>, al\u00e9m do<strong> tablado de EVA<\/strong> que cobre toda a sala. A constru\u00e7\u00e3o foi uma <strong>contrapartida<\/strong> com a empresa Rezende\/Conx Jundia\u00ed SP e LTDA atrav\u00e9s do<strong> Estudo de Impacto de Vizinhan\u00e7a (EIV)<\/strong>.<\/p>\n<p><strong>LEIA TAMB\u00c9M<\/strong><br \/>\n<a href=\"https:\/\/jundiai.sp.gov.br\/noticias\/2016\/10\/24\/redbull-e-uniao-windlin-sao-primeiros-campeoes-de-sede-em-copa-de-futsal\/\">RedBull e Uni\u00e3o Windlin s\u00e3o primeiros campe\u00f5es de sede no futsal<\/a><br \/>\n<a href=\"https:\/\/jundiai.sp.gov.br\/noticias\/2016\/10\/24\/equipe-tecnica-da-selecao-de-goalball-e-homenageada-na-copa-caixa\/\">Equipe t\u00e9cnica da sele\u00e7\u00e3o de goalball \u00e9 homenageada na Copa Caixa<\/a><br \/>\n<a href=\"https:\/\/jundiai.sp.gov.br\/noticias\/2016\/10\/24\/ginastica-masculina-fica-com-1o-lugar-por-equipes-no-campeonato-paulista\/\">Gin\u00e1stica masculina fica com 1\u00ba lugar por equipes no Campeonato Paulista<\/a><br \/>\n<a href=\"https:\/\/jundiai.sp.gov.br\/noticias\/2016\/10\/24\/professores-e-estudantes-de-educacao-fisica-participam-de-seminario-na-esef\/\">Professores e estudantes de educa\u00e7\u00e3o f\u00edsica participam de semin\u00e1rio na Esef<\/a><\/p>\n<div id=\"attachment_189156\" style=\"width: 1250px\" class=\"wp-caption aligncenter\"><a href=\"https:\/\/jundiai.sp.gov.br\/noticias\/wp-content\/uploads\/sites\/32\/2016\/10\/sala-ginastica-benedito-lima_D12.jpg\"><img loading=\"lazy\" decoding=\"async\" aria-describedby=\"caption-attachment-189156\" class=\"size-full wp-image-189156\" src=\"https:\/\/jundiai.sp.gov.br\/noticias\/wp-content\/uploads\/sites\/32\/2016\/10\/sala-ginastica-benedito-lima_D12.jpg\" alt=\"A sala tem uma \u00e1rea de 20\u00d720 metros e 10 metros de altura\" width=\"1240\" height=\"827\" srcset=\"https:\/\/jundiai.sp.gov.br\/noticias\/wp-content\/uploads\/sites\/32\/2016\/10\/sala-ginastica-benedito-lima_D12.jpg 1240w, https:\/\/jundiai.sp.gov.br\/noticias\/wp-content\/uploads\/sites\/32\/2016\/10\/sala-ginastica-benedito-lima_D12-300x200.jpg 300w, https:\/\/jundiai.sp.gov.br\/noticias\/wp-content\/uploads\/sites\/32\/2016\/10\/sala-ginastica-benedito-lima_D12-768x512.jpg 768w, https:\/\/jundiai.sp.gov.br\/noticias\/wp-content\/uploads\/sites\/32\/2016\/10\/sala-ginastica-benedito-lima_D12-720x480.jpg 720w\" sizes=\"auto, (max-width: 1240px) 100vw, 1240px\" \/><\/a><p id=\"caption-attachment-189156\" class=\"wp-caption-text\">A sala tem uma \u00e1rea de 20 metros por 20 metros e dez metros de altura<\/p><\/div>\n<p>\u201cEntregar um equipamento como esse nos enche de orgulho, principalmente quando contamos com parcerias. Mesmo com os investimentos da Prefeitura em reformas nos centros esportivos, n\u00e3o conseguimos fazer tudo sozinhos. Atender <strong>demandas de melhoria de qualidade de vida para popula\u00e7\u00e3o<\/strong> \u00e9 um dos nossos objetivos enquanto poder p\u00fablico\u201d, disse Maffia.<\/p>\n<p>O espa\u00e7o tornou realidade uma <strong>demanda antiga dos praticantes da modalidade<\/strong>.<\/p>\n<p>\u201cSonhamos com isso h\u00e1 pelo menos dez anos: uma sala em que nossas turmas de<strong> inicia\u00e7\u00e3o e equipes de competi\u00e7\u00e3o possam treinar com qualidade e tranquilidade<\/strong>. Como n\u00e3o t\u00ednhamos um local pr\u00f3prio, a gente ficava indo de um lugar para o outro com nossos materiais e alunas. Agora podemos nos organizar e continuar o trabalho que vem sendo feito na cidade\u201d, disse a coordenadora da gin\u00e1stica r\u00edtmica, Ticiane Baccaglini, que esteve \u00e0 frente da equipe medalha de nos Jogos Regionais em Avar\u00e9 e prata nos Jogos Abertos em S\u00e3o Bernardo do Campo.<\/p>\n<p>Como parte da cerim\u00f4nia, as alunas da gin\u00e1stica\u00a0fizeram <strong>tr\u00eas apresenta\u00e7\u00f5es especiais<\/strong> conduzidas por Maria Fernanda, Maria Luiza e Paola.<\/p>\n<p>No\u00a0local, pode ser tamb\u00e9m praticado <strong>futebol de campo<\/strong>, al\u00e9m das <strong>quadras e aulas de futsal, v\u00f4lei e v\u00f4lei adaptado<\/strong>. <strong>A inscri\u00e7\u00e3o gratuita pode ser feita no pr\u00f3prio centro esportivo, na rua Osmundo dos Santos Pellegrini, 1364, no Retiro<\/strong>.<\/p>\n<p><strong><em>Assessoria de Imprensa<br \/>\nFoto: Dorival Pinheiro Filho<\/em><\/strong><\/p>\n","protected":false},"excerpt":{"rendered":"<p>A obra \u00e9 uma contrapartida e conta com \u00e1rea de 20 metros por 20 metros e dez metros de altura, al\u00e9m do tablado de EVA que cobre toda a sala<\/p>\n","protected":false},"author":14,"featured_media":189165,"comment_status":"closed","ping_status":"closed","sticky":false,"template":"","format":"standard","meta":{"footnotes":""},"categories":[2],"tags":[411,35,695,172],"ods":[],"class_list":["post-189155","post","type-post","status-publish","format-standard","has-post-thumbnail","hentry","category-noticias","tag-centro-esportivo","tag-esporte-e-lazer","tag-estudo-de-impacto-de-vizinhanca-eiv","tag-ginastica-ritmica"],"_links":{"self":[{"href":"https:\/\/jundiai.sp.gov.br\/noticias\/wp-json\/wp\/v2\/posts\/189155","targetHints":{"allow":["GET"]}}],"collection":[{"href":"https:\/\/jundiai.sp.gov.br\/noticias\/wp-json\/wp\/v2\/posts"}],"about":[{"href":"https:\/\/jundiai.sp.gov.br\/noticias\/wp-json\/wp\/v2\/types\/post"}],"author":[{"embeddable":true,"href":"https:\/\/jundiai.sp.gov.br\/noticias\/wp-json\/wp\/v2\/users\/14"}],"replies":[{"embeddable":true,"href":"https:\/\/jundiai.sp.gov.br\/noticias\/wp-json\/wp\/v2\/comments?post=189155"}],"version-history":[{"count":9,"href":"https:\/\/jundiai.sp.gov.br\/noticias\/wp-json\/wp\/v2\/posts\/189155\/revisions"}],"predecessor-version":[{"id":189296,"href":"https:\/\/jundiai.sp.gov.br\/noticias\/wp-json\/wp\/v2\/posts\/189155\/revisions\/189296"}],"wp:featuredmedia":[{"embeddable":true,"href":"https:\/\/jundiai.sp.gov.br\/noticias\/wp-json\/wp\/v2\/media\/189165"}],"wp:attachment":[{"href":"https:\/\/jundiai.sp.gov.br\/noticias\/wp-json\/wp\/v2\/media?parent=189155"}],"wp:term":[{"taxonomy":"category","embeddable":true,"href":"https:\/\/jundiai.sp.gov.br\/noticias\/wp-json\/wp\/v2\/categories?post=189155"},{"taxonomy":"post_tag","embeddable":true,"href":"https:\/\/jundiai.sp.gov.br\/noticias\/wp-json\/wp\/v2\/tags?post=189155"},{"taxonomy":"ods","embeddable":true,"href":"https:\/\/jundiai.sp.gov.br\/noticias\/wp-json\/wp\/v2\/ods?post=189155"}],"curies":[{"name":"wp","href":"https:\/\/api.w.org\/{rel}","templated":true}]}}