{"id":189233,"date":"2016-10-26T16:34:35","date_gmt":"2016-10-26T18:34:35","guid":{"rendered":"https:\/\/jundiai.sp.gov.br\/noticias\/?p=189233"},"modified":"2016-11-04T11:23:43","modified_gmt":"2016-11-04T13:23:43","slug":"rede-de-abastecimento-segue-normal-mas-suspende-varejoes-noturnos-no-finados","status":"publish","type":"post","link":"https:\/\/jundiai.sp.gov.br\/noticias\/2016\/10\/26\/rede-de-abastecimento-segue-normal-mas-suspende-varejoes-noturnos-no-finados\/","title":{"rendered":"Confira o funcionamento de feiras e varej\u00f5es no feriado"},"content":{"rendered":"<p>A rede municipal de abastecimento funciona normalmente entre sexta-feira (28) e quarta-feira (2), com mais de 80 pontos espalhados pela cidade. Apenas os varej\u00f5es noturnos da Agapeama e do Eloy Chaves n\u00e3o estar\u00e3o funcionando na pr\u00f3xima quarta-feira (2).<\/p>\n<p>Nesta sexta (28), ocorrem as<a href=\"https:\/\/jundiai.sp.gov.br\/agricultura-e-abastecimento\/abastecimento\/feiras-livres\/\"> feiras livres<\/a> (Vila Rio Branco, Jardim Tamoio e Retiro) e o <a href=\"https:\/\/jundiai.sp.gov.br\/agricultura-e-abastecimento\/abastecimento\/varejoes\/\">varej\u00e3o diurno<\/a> (Jardim das Hort\u00eansias). No s\u00e1bado (29), as feiras livres (Parque Eloy Chaves e Vianelo), os varej\u00f5es diurnos (Anhangaba\u00fa, Agapeama, Jardim das Tulipas, Morada das Vinhas, Jardim Vera Cruz, Novo Horizonte e Santa Gertrudes) e a feira org\u00e2nica (Jardim Bot\u00e2nico).<\/p>\n<p><strong>LEIA TAMB\u00c9M<br \/>\n<a href=\"https:\/\/jundiai.sp.gov.br\/noticias\/2016\/10\/26\/cemiterios-devem-receber-40-mil-visitantes-no-finados\/\"><strong>Cemit\u00e9rios devem receber 40 mil visitantes no Finados<\/strong><\/a><br \/>\n<a href=\"https:\/\/jundiai.sp.gov.br\/noticias\/2016\/10\/26\/secretaria-de-transportes-prepara-esquema-especial-para-feriados\/\">Secretaria de Transportes prepara esquema especial para feriado de Finados<\/a><\/strong><\/p>\n<div id=\"attachment_189240\" style=\"width: 410px\" class=\"wp-caption alignleft\"><a href=\"https:\/\/jundiai.sp.gov.br\/noticias\/wp-content\/uploads\/sites\/32\/2016\/10\/varejao-1.jpg\"><img loading=\"lazy\" decoding=\"async\" aria-describedby=\"caption-attachment-189240\" class=\"size-large wp-image-189240\" src=\"https:\/\/jundiai.sp.gov.br\/noticias\/wp-content\/uploads\/sites\/32\/2016\/10\/varejao-1-720x495.jpg\" alt=\"Varej\u00f5es noturnos est\u00e3o suspensos no Finados\" width=\"400\" height=\"400\" \/><\/a><p id=\"caption-attachment-189240\" class=\"wp-caption-text\">Varej\u00f5es noturnos est\u00e3o suspensos no Finados<\/p><\/div>\n<p>No domingo (30), \u00e9 a vez das feiras livres (Vila Arens e Jundia\u00ed-Mirim) e os varej\u00f5es diurnos (Jardim Pacaembu, Vila Hortol\u00e2ndia, Almerinda Chaves, Vila Progresso, Jardim Martins e Fazenda Grande). E tamb\u00e9m a Feira Org\u00e2nica (Pra\u00e7a Monsenhor Arthur Ricci).<\/p>\n<p>Na ter\u00e7a-feira (1\u00ba), ocorrem as feiras livres (Centro, Vila Comercial e Vila Jundiain\u00f3polis) e os varej\u00f5es diurnos (Jardim Sarapiranga). E mais o varej\u00e3o noturno (Parque da Uva). E, na\u00a0quarta (2), as feiras livres (Ponte S\u00e3o Jo\u00e3o e Vila Hortol\u00e2ndia) e os varej\u00f5es diurnos (Jardim do Lago).<\/p>\n<p>Al\u00e9m dos 37 locais espalhados pela cidade de feiras e varej\u00f5es, a rede de abastecimento segue tamb\u00e9m com os demais programas, como as dez bancas do <a href=\"https:\/\/jundiai.sp.gov.br\/agricultura-e-abastecimento\/programas\/circuito-das-frutas-nos-terminais\/\">Circuito das Frutas nos Terminais<\/a> de \u00f4nibus (Central, Col\u00f4nia, Vila Arens, Hortol\u00e2ndia, Cecap, Eloy Chaves e Rami), os 26 pontos de <a href=\"https:\/\/jundiai.sp.gov.br\/agricultura-e-abastecimento\/programas\/produtor-na-praca\/\">Produtor na Pra\u00e7a<\/a> e mais os 20 pontos do <a href=\"https:\/\/jundiai.sp.gov.br\/agricultura-e-abastecimento\/programas\/pesca-economica\/\">Pesca Econ\u00f4mica<\/a> (de ter\u00e7a-feira a s\u00e1bado).<\/p>\n<p><strong>Programa\u00e7\u00e3o permanente<\/strong><br \/>\nOs demais dias da semana, exceto \u00e0s segundas-feiras, completam a programa\u00e7\u00e3o permanente de abastecimento coordenada pela Secretaria de Agricultura, Abastecimento e Turismo. Nas quintas-feiras, s\u00e3o realizadas as feiras livres (Anhangaba\u00fa e Vila Progresso), varej\u00f5es diurnos (Jardim Rosaura) e varej\u00e3o noturno (Vila Arens). Na outra semana voltam os varej\u00f5es noturnos das quartas-feiras (Eloy Chaves e Agapeama).<\/p>\n<p><a href=\"https:\/\/jundiai.sp.gov.br\/noticias\/2016\/10\/25\/confira-o-que-abre-e-fecha-no-feriado-e-pontos-facultativos\/\">Confira tudo o que abre e fecha nos feriados em Jundia\u00ed\u00a0<\/a><\/p>\n<p><em><strong>Assessoria de Imprensa<\/strong><\/em><\/p>\n","protected":false},"excerpt":{"rendered":"<p>Ao todo, ser\u00e3o mais de 80 pontos entre feiras e varej\u00f5es distribu\u00eddos pela cidade. Varej\u00f5es noturnos da Agapeama e do Eloy n\u00e3o funcionam  <\/p>\n","protected":false},"author":10,"featured_media":189245,"comment_status":"closed","ping_status":"closed","sticky":false,"template":"","format":"standard","meta":{"footnotes":""},"categories":[2],"tags":[41,723,320],"ods":[],"class_list":["post-189233","post","type-post","status-publish","format-standard","has-post-thumbnail","hentry","category-noticias","tag-agricultura-abastecimento-e-turismo","tag-feira-organica","tag-varejao-noturno"],"_links":{"self":[{"href":"https:\/\/jundiai.sp.gov.br\/noticias\/wp-json\/wp\/v2\/posts\/189233","targetHints":{"allow":["GET"]}}],"collection":[{"href":"https:\/\/jundiai.sp.gov.br\/noticias\/wp-json\/wp\/v2\/posts"}],"about":[{"href":"https:\/\/jundiai.sp.gov.br\/noticias\/wp-json\/wp\/v2\/types\/post"}],"author":[{"embeddable":true,"href":"https:\/\/jundiai.sp.gov.br\/noticias\/wp-json\/wp\/v2\/users\/10"}],"replies":[{"embeddable":true,"href":"https:\/\/jundiai.sp.gov.br\/noticias\/wp-json\/wp\/v2\/comments?post=189233"}],"version-history":[{"count":11,"href":"https:\/\/jundiai.sp.gov.br\/noticias\/wp-json\/wp\/v2\/posts\/189233\/revisions"}],"predecessor-version":[{"id":189342,"href":"https:\/\/jundiai.sp.gov.br\/noticias\/wp-json\/wp\/v2\/posts\/189233\/revisions\/189342"}],"wp:featuredmedia":[{"embeddable":true,"href":"https:\/\/jundiai.sp.gov.br\/noticias\/wp-json\/wp\/v2\/media\/189245"}],"wp:attachment":[{"href":"https:\/\/jundiai.sp.gov.br\/noticias\/wp-json\/wp\/v2\/media?parent=189233"}],"wp:term":[{"taxonomy":"category","embeddable":true,"href":"https:\/\/jundiai.sp.gov.br\/noticias\/wp-json\/wp\/v2\/categories?post=189233"},{"taxonomy":"post_tag","embeddable":true,"href":"https:\/\/jundiai.sp.gov.br\/noticias\/wp-json\/wp\/v2\/tags?post=189233"},{"taxonomy":"ods","embeddable":true,"href":"https:\/\/jundiai.sp.gov.br\/noticias\/wp-json\/wp\/v2\/ods?post=189233"}],"curies":[{"name":"wp","href":"https:\/\/api.w.org\/{rel}","templated":true}]}}