{"id":189565,"date":"2016-11-10T10:27:13","date_gmt":"2016-11-10T12:27:13","guid":{"rendered":"https:\/\/jundiai.sp.gov.br\/noticias\/?p=189565"},"modified":"2016-11-10T15:50:44","modified_gmt":"2016-11-10T17:50:44","slug":"peama-tem-disputas-de-natacao-e-atletismo-no-final-de-semana","status":"publish","type":"post","link":"https:\/\/jundiai.sp.gov.br\/noticias\/2016\/11\/10\/peama-tem-disputas-de-natacao-e-atletismo-no-final-de-semana\/","title":{"rendered":"Peama tem disputas de nata\u00e7\u00e3o e atletismo no final de semana"},"content":{"rendered":"<p>As equipes de competi\u00e7\u00e3o do Peama t\u00eam uma s\u00e9rie de atividades neste final de semana, come\u00e7ando com um Festival de Nata\u00e7\u00e3o da Uniararas, em Araras, nesta sexta-feira (11), das 9h \u00e0s 13h, tanto no masculino quanto no feminino.<\/p>\n<p>Ainda na sexta (11), o Novotel S\u00e3o Paulo Center Norte, em S\u00e3o Paulo, recebe o Congresso T\u00e9cnico da 3\u00aa Etapa Nacional do Campeonato Paral\u00edmpico Brasileiro, nas modalidades de atletismo e nata\u00e7\u00e3o.<\/p>\n<p><strong>LEIA TAMB\u00c9M<br \/>\n<a href=\"https:\/\/jundiai.sp.gov.br\/noticias\/2016\/11\/09\/final-de-semana-com-muita-atividade-esportiva-na-cidade\/\"><strong>Final de semana com muita atividade esportiva na cidade<\/strong><\/a><br \/>\n<a href=\"https:\/\/jundiai.sp.gov.br\/noticias\/2016\/11\/09\/basquete-e-futsal-tem-jogos-pelo-estadual-nesta-quinta-10\/\">Basquete e futsal t\u00eam jogos pelo Estadual nesta quinta (10)<\/strong><\/a><\/p>\n<div id=\"attachment_189636\" style=\"width: 730px\" class=\"wp-caption aligncenter\"><a href=\"https:\/\/jundiai.sp.gov.br\/noticias\/wp-content\/uploads\/sites\/32\/2016\/11\/Abertura-FERA-Peama-2016_c_70_G.jpg\"><img loading=\"lazy\" decoding=\"async\" aria-describedby=\"caption-attachment-189636\" src=\"https:\/\/jundiai.sp.gov.br\/noticias\/wp-content\/uploads\/sites\/32\/2016\/11\/Abertura-FERA-Peama-2016_c_70_G-720x525.jpg\" alt=\"Atletismo disputa provas no Centro de Treinamento Paral\u00edmpico, em S\u00e3o Paulo.\" width=\"720\" height=\"525\" class=\"size-large wp-image-189636\" srcset=\"https:\/\/jundiai.sp.gov.br\/noticias\/wp-content\/uploads\/sites\/32\/2016\/11\/Abertura-FERA-Peama-2016_c_70_G-720x525.jpg 720w, https:\/\/jundiai.sp.gov.br\/noticias\/wp-content\/uploads\/sites\/32\/2016\/11\/Abertura-FERA-Peama-2016_c_70_G-300x219.jpg 300w, https:\/\/jundiai.sp.gov.br\/noticias\/wp-content\/uploads\/sites\/32\/2016\/11\/Abertura-FERA-Peama-2016_c_70_G-768x561.jpg 768w, https:\/\/jundiai.sp.gov.br\/noticias\/wp-content\/uploads\/sites\/32\/2016\/11\/Abertura-FERA-Peama-2016_c_70_G.jpg 1240w\" sizes=\"auto, (max-width: 720px) 100vw, 720px\" \/><\/a><p id=\"caption-attachment-189636\" class=\"wp-caption-text\">Atletismo disputa provas no Centro de Treinamento Paral\u00edmpico, em S\u00e3o Paulo.<\/p><\/div>\n<p>E, no s\u00e1bado e domingo, a partir das 7h30, \u00e9 a vez de os atletas irem \u00e0s piscinas e \u00e0s pistas para as disputas no Centro de Treinamento Paral\u00edmpico, em S\u00e3o Paulo.<\/p>\n<p><strong>Goalball<\/strong><br \/>\nTamb\u00e9m no s\u00e1bado (12), a partir das 8h, a equipe adulta masculina de Jundia\u00ed disputa o Campeonato Paulista de Goaball, no gin\u00e1sio do Sesi, em Suzano.<\/p>\n<p><em><strong>Assessoria de Imprensa<\/strong><\/em><br \/>\n<em><strong>Foto: Cleber de Almeida <\/strong><\/em><\/p>\n","protected":false},"excerpt":{"rendered":"<p>As equipes de competi\u00e7\u00e3o do Peama t\u00eam uma s\u00e9rie de atividades neste final de semana, come\u00e7ando com um Festival de Nata\u00e7\u00e3o da Uniararas, em Araras, nesta sexta-feira (11), das 9h \u00e0s 13h, tanto no masculino quanto no feminino. Ainda na sexta (11), o Novotel S\u00e3o Paulo Center Norte, em S\u00e3o Paulo, recebe o Congresso T\u00e9cnico [&hellip;]<\/p>\n","protected":false},"author":10,"featured_media":0,"comment_status":"closed","ping_status":"closed","sticky":false,"template":"","format":"standard","meta":{"footnotes":""},"categories":[2],"tags":[715,35,135,700,96],"ods":[],"class_list":["post-189565","post","type-post","status-publish","format-standard","hentry","category-noticias","tag-atletismo-acd","tag-esporte-e-lazer","tag-goalball","tag-natacao-acd","tag-programa-de-esportes-e-atividades-motoras-adaptadas-peama"],"_links":{"self":[{"href":"https:\/\/jundiai.sp.gov.br\/noticias\/wp-json\/wp\/v2\/posts\/189565","targetHints":{"allow":["GET"]}}],"collection":[{"href":"https:\/\/jundiai.sp.gov.br\/noticias\/wp-json\/wp\/v2\/posts"}],"about":[{"href":"https:\/\/jundiai.sp.gov.br\/noticias\/wp-json\/wp\/v2\/types\/post"}],"author":[{"embeddable":true,"href":"https:\/\/jundiai.sp.gov.br\/noticias\/wp-json\/wp\/v2\/users\/10"}],"replies":[{"embeddable":true,"href":"https:\/\/jundiai.sp.gov.br\/noticias\/wp-json\/wp\/v2\/comments?post=189565"}],"version-history":[{"count":6,"href":"https:\/\/jundiai.sp.gov.br\/noticias\/wp-json\/wp\/v2\/posts\/189565\/revisions"}],"predecessor-version":[{"id":189567,"href":"https:\/\/jundiai.sp.gov.br\/noticias\/wp-json\/wp\/v2\/posts\/189565\/revisions\/189567"}],"wp:attachment":[{"href":"https:\/\/jundiai.sp.gov.br\/noticias\/wp-json\/wp\/v2\/media?parent=189565"}],"wp:term":[{"taxonomy":"category","embeddable":true,"href":"https:\/\/jundiai.sp.gov.br\/noticias\/wp-json\/wp\/v2\/categories?post=189565"},{"taxonomy":"post_tag","embeddable":true,"href":"https:\/\/jundiai.sp.gov.br\/noticias\/wp-json\/wp\/v2\/tags?post=189565"},{"taxonomy":"ods","embeddable":true,"href":"https:\/\/jundiai.sp.gov.br\/noticias\/wp-json\/wp\/v2\/ods?post=189565"}],"curies":[{"name":"wp","href":"https:\/\/api.w.org\/{rel}","templated":true}]}}