{"id":189800,"date":"2016-11-16T14:13:01","date_gmt":"2016-11-16T16:13:01","guid":{"rendered":"https:\/\/jundiai.sp.gov.br\/noticias\/?p=189800"},"modified":"2016-11-16T14:13:22","modified_gmt":"2016-11-16T16:13:22","slug":"dia-mundial-da-prematuridade-hu-tem-palestra-aberta-ao-publico","status":"publish","type":"post","link":"https:\/\/jundiai.sp.gov.br\/noticias\/2016\/11\/16\/dia-mundial-da-prematuridade-hu-tem-palestra-aberta-ao-publico\/","title":{"rendered":"Dia Mundial da Prematuridade: HU tem palestra aberta ao p\u00fablico"},"content":{"rendered":"<p><strong>Para repercutir o Dia Mundial da Prematuridade, o Hospital Universit\u00e1rio (HU) tem palestra aberta ao p\u00fablico nesta quinta-feira (17) com especialistas que falar\u00e3o do tema sob diversos aspectos. Ser\u00e3o abordados os riscos e meios de evitar a prematuridade e como os pais e profissionais da sa\u00fade podem contribuir para a melhor qualidade de vida dos beb\u00eas que nascem antes da hora.<\/strong><\/p>\n<p>Hoje, no mundo, um em cada 10 beb\u00eas nasce prematuro, ou seja, antes de completar 37 semanas de gesta\u00e7\u00e3o, o que pode gerar complica\u00e7\u00f5es para toda a vida.<\/p>\n<p>Os especialistas que far\u00e3o a palestra s\u00e3o St\u00e9phanno G. P. Sarmento, obstetra e m\u00e9dico fetal, Let\u00edcia Santana Oliveira, psic\u00f3loga, e Alexandre Bittencourt Moreira, fisioterapeuta. <strong>Haver\u00e1 tamb\u00e9m a participa\u00e7\u00e3o especial das m\u00e3es que integram o projeto \u201cPrevenindo parto prematuro\u201d, que ir\u00e3o falar da viv\u00eancia e experi\u00eancia de como lidar com o beb\u00ea prematuro.<\/strong><\/p>\n<p>O encontro \u00e9 voltado ao p\u00fablico em geral, mas, principalmente, para futuras m\u00e3es e pais, mulheres que pretendem engravidar, estudantes e demais interessados no assunto. <strong>O evento ser\u00e1 no Anfiteatro do HU, na Pra\u00e7a Rotat\u00f3ria, s\/n\u00ba, no Jardim Messina, a partir das 8h. Quem tiver interesse em participar, basta chegar ao local com dez minutos de anteced\u00eancia.<\/strong><\/p>\n<p><em><strong>Assessoria de Imprensa do HU<\/strong><\/em><\/p>\n","protected":false},"excerpt":{"rendered":"<p>Para repercutir o Dia Mundial da Prematuridade, o Hospital Universit\u00e1rio (HU) tem palestra aberta ao p\u00fablico nesta quinta-feira (17) com especialistas que falar\u00e3o do tema sob diversos aspectos. Ser\u00e3o abordados os riscos e meios de evitar a prematuridade e como os pais e profissionais da sa\u00fade podem contribuir para a melhor qualidade de vida dos [&hellip;]<\/p>\n","protected":false},"author":10,"featured_media":0,"comment_status":"closed","ping_status":"closed","sticky":false,"template":"","format":"standard","meta":{"footnotes":""},"categories":[2],"tags":[52,3],"ods":[],"class_list":["post-189800","post","type-post","status-publish","format-standard","hentry","category-noticias","tag-hospital-universitario-hu","tag-saude"],"_links":{"self":[{"href":"https:\/\/jundiai.sp.gov.br\/noticias\/wp-json\/wp\/v2\/posts\/189800","targetHints":{"allow":["GET"]}}],"collection":[{"href":"https:\/\/jundiai.sp.gov.br\/noticias\/wp-json\/wp\/v2\/posts"}],"about":[{"href":"https:\/\/jundiai.sp.gov.br\/noticias\/wp-json\/wp\/v2\/types\/post"}],"author":[{"embeddable":true,"href":"https:\/\/jundiai.sp.gov.br\/noticias\/wp-json\/wp\/v2\/users\/10"}],"replies":[{"embeddable":true,"href":"https:\/\/jundiai.sp.gov.br\/noticias\/wp-json\/wp\/v2\/comments?post=189800"}],"version-history":[{"count":1,"href":"https:\/\/jundiai.sp.gov.br\/noticias\/wp-json\/wp\/v2\/posts\/189800\/revisions"}],"predecessor-version":[{"id":189801,"href":"https:\/\/jundiai.sp.gov.br\/noticias\/wp-json\/wp\/v2\/posts\/189800\/revisions\/189801"}],"wp:attachment":[{"href":"https:\/\/jundiai.sp.gov.br\/noticias\/wp-json\/wp\/v2\/media?parent=189800"}],"wp:term":[{"taxonomy":"category","embeddable":true,"href":"https:\/\/jundiai.sp.gov.br\/noticias\/wp-json\/wp\/v2\/categories?post=189800"},{"taxonomy":"post_tag","embeddable":true,"href":"https:\/\/jundiai.sp.gov.br\/noticias\/wp-json\/wp\/v2\/tags?post=189800"},{"taxonomy":"ods","embeddable":true,"href":"https:\/\/jundiai.sp.gov.br\/noticias\/wp-json\/wp\/v2\/ods?post=189800"}],"curies":[{"name":"wp","href":"https:\/\/api.w.org\/{rel}","templated":true}]}}