{"id":189834,"date":"2016-11-17T15:17:10","date_gmt":"2016-11-17T17:17:10","guid":{"rendered":"https:\/\/jundiai.sp.gov.br\/noticias\/?p=189834"},"modified":"2016-11-25T18:35:53","modified_gmt":"2016-11-25T20:35:53","slug":"orquestra-homenageia-o-escritor-miguel-de-cervantes","status":"publish","type":"post","link":"https:\/\/jundiai.sp.gov.br\/noticias\/2016\/11\/17\/orquestra-homenageia-o-escritor-miguel-de-cervantes\/","title":{"rendered":"Orquestra homenageia escritor Miguel de Cervantes"},"content":{"rendered":"<p><strong>A Orquestra Municipal de Jundia\u00ed apresenta um concerto especial em homenagem aos 400 anos da morte do escritor Miguel de Cervantes, no s\u00e1bado (26), \u00e0s 20h, no Polytheama. O concerto conta com as participa\u00e7\u00f5es do ator e narrador Luciano Chirolli, da soprano Carla Cottini e do cravista Claudio Ribeiro.<\/strong><\/p>\n<p><strong>LEIA TAMB\u00c9M<br \/>\n<a href=\"https:\/\/jundiai.sp.gov.br\/noticias\/2016\/11\/10\/dia-da-consciencia-negra-traz-atracoes-culturais-a-jundiai\/\">Dia da Consci\u00eancia Negra traz atra\u00e7\u00f5es culturais a Jundia\u00ed<\/strong><\/a><\/p>\n<p><div id=\"attachment_189836\" style=\"width: 340px\" class=\"wp-caption alignleft\"><a href=\"https:\/\/jundiai.sp.gov.br\/noticias\/wp-content\/uploads\/sites\/32\/2016\/11\/1415729802.jpg\"><img loading=\"lazy\" decoding=\"async\" aria-describedby=\"caption-attachment-189836\" src=\"https:\/\/jundiai.sp.gov.br\/noticias\/wp-content\/uploads\/sites\/32\/2016\/11\/1415729802-640x960.jpg\" alt=\"Soprano Carla Cottini sola a obra encomendada \u201cAmor Y Loucura\u201d, do compositor Andr\u00e9 Mehmari\" width=\"330\" height=\"390\" class=\"size-large wp-image-189836\" \/><\/a><p id=\"caption-attachment-189836\" class=\"wp-caption-text\">Soprano Carla Cottini sola a obra encomendada \u201cAmor Y Loucura\u201d, do compositor Andr\u00e9 Mehmari<\/p><\/div>Segundo a regente Claudia Feres,\u00a0a Orquestra Municipal de Jundia\u00ed apresenta obras relacionadas ao escritor Cervantes e ao universo Ib\u00e9rico. \u201c<strong>Uma obra foi especialmente encomendada pela Orquestra a um dos mais importantes compositores brasileiros da atualidade, Andr\u00e9 Mehmari, que leva o ambiente de amor e loucura de Don Quixote, nas vozes do ator Luciano Chirolli e da soprano Carla Cottini<\/strong>\u201d, Salienta Feres.<\/p>\n<p>O programa de musicalidade hisp\u00e2nica contempla as obras \u201cBurlesque de Quixotte\u201d, de Georg Phillipp Telemann; \u201cLa Folia\u201d, de Francesco Geminiani; \u201cAmor Y Loucura\u201d , de Andr\u00e9 Mehmari; \u201cZarabanda Lejana y villancico\u201d e \u201cDos miniaturas andaluzas \u2013 Preludio y Danza\u201d, ambas de Joaquin Rodrigo.<\/p>\n<p><em><strong>Participa\u00e7\u00f5es \u2013\u00a0<\/strong><\/em><br \/>\nVencedora do Pr\u00eamio Revela\u00e7\u00e3o no 10\u00ba Concurso de Canto Maria Callas da cidade de Jacare\u00ed em 2011, a soprano Carla Cottini tem se destacado por integrar em suas performances belo timbre e marcante presen\u00e7a c\u00eanica. Estreou no Teatro Municipal de S\u00e3o Paulo em dezembro de 2011 como Ida em \u201cO Morcego\u201d. Em 2012 cantou a primeira audi\u00e7\u00e3o mundial da obra \u201cFantasia Gabriela\u201d de Andr\u00e9 Mehmari, escrita por encomenda da Orquestra Sinf\u00f4nica da Bahia.<\/p>\n<p>Com 30 anos de carreira, Luciano Chirolli \u00e9 o ator de sua gera\u00e7\u00e3o que mais participou de montagens consagradas do grande autor russo Anton Tchecov. Destacou-se tamb\u00e9m em montagens de Shakespeare, Moli\u00e8re, Lorca, Brecht, D\u00fcrrenmat, Ibsen, Fassbinder. Sua mais recente estreia \u2018Mem\u00f3rias de Adriano\u2019, de Marguerite Yourcenar, est\u00e1 sendo considerada um marco na carreira do ator, sucesso absoluto de p\u00fablico e de cr\u00edtica.<\/p>\n<p><div id=\"attachment_189835\" style=\"width: 410px\" class=\"wp-caption alignright\"><a href=\"https:\/\/jundiai.sp.gov.br\/noticias\/wp-content\/uploads\/sites\/32\/2016\/11\/Mem\u00f3rias-de-Adriano-SP-\u00a9-Renato-Mangolin-088.jpg\"><img loading=\"lazy\" decoding=\"async\" aria-describedby=\"caption-attachment-189835\" src=\"https:\/\/jundiai.sp.gov.br\/noticias\/wp-content\/uploads\/sites\/32\/2016\/11\/Mem\u00f3rias-de-Adriano-SP-\u00a9-Renato-Mangolin-088-720x480.jpg\" alt=\"Ator e narrador Luciano Chirolli interpreta trechos da obra \u201cDom Quixote\u201d, de Ceravantes\" width=\"400\" height=\"400\" class=\"size-large wp-image-189835\" \/><\/a><p id=\"caption-attachment-189835\" class=\"wp-caption-text\">Ator e narrador Luciano Chirolli interpreta trechos da obra \u201cDom Quixote\u201d, de Cervantes<\/p><\/div>Radicado na Holanda desde 2000, o cravista Claudio Ribeiro trabalha como cravista e regente de diversas orquestras e conjuntos, paralelamente \u00e0s suas atividades como professor e acompanhador. <\/p>\n<p>Claudio \u00e9 diretor art\u00edstico e maestro al cembalo da orquestra barroca Collegium Musicum Den Haag, com a qual tem se apresentado em toda a Europa, \u00e9 diretor da Companhia de M\u00fasica (Brasil) e membro na Europa de Lotus.<\/p>\n<p>Os ingressos v\u00e3o ser\u00a0retirados na bilheteria do Polytheama, na rua Bar\u00e3o de Jundia\u00ed, n\u00ba176, Centro. Para conferir as datas de distribui\u00e7\u00e3o, contate (11) 4522 \u2013 0770. A entrada \u00e9 gratuita.<\/p>\n<p><em><strong>Assessoria de imprensa<\/strong><\/em><\/p>\n","protected":false},"excerpt":{"rendered":"<p>Concerto especial vai marcar os 400 anos da morte do escritor espanhol, no s\u00e1bado (26), \u00e0s 20h, no Polytheama<\/p>\n","protected":false},"author":10,"featured_media":189840,"comment_status":"closed","ping_status":"closed","sticky":false,"template":"","format":"standard","meta":{"footnotes":""},"categories":[2],"tags":[29,98],"ods":[],"class_list":["post-189834","post","type-post","status-publish","format-standard","has-post-thumbnail","hentry","category-noticias","tag-cultura","tag-teatro-polytheama"],"_links":{"self":[{"href":"https:\/\/jundiai.sp.gov.br\/noticias\/wp-json\/wp\/v2\/posts\/189834","targetHints":{"allow":["GET"]}}],"collection":[{"href":"https:\/\/jundiai.sp.gov.br\/noticias\/wp-json\/wp\/v2\/posts"}],"about":[{"href":"https:\/\/jundiai.sp.gov.br\/noticias\/wp-json\/wp\/v2\/types\/post"}],"author":[{"embeddable":true,"href":"https:\/\/jundiai.sp.gov.br\/noticias\/wp-json\/wp\/v2\/users\/10"}],"replies":[{"embeddable":true,"href":"https:\/\/jundiai.sp.gov.br\/noticias\/wp-json\/wp\/v2\/comments?post=189834"}],"version-history":[{"count":5,"href":"https:\/\/jundiai.sp.gov.br\/noticias\/wp-json\/wp\/v2\/posts\/189834\/revisions"}],"predecessor-version":[{"id":189870,"href":"https:\/\/jundiai.sp.gov.br\/noticias\/wp-json\/wp\/v2\/posts\/189834\/revisions\/189870"}],"wp:featuredmedia":[{"embeddable":true,"href":"https:\/\/jundiai.sp.gov.br\/noticias\/wp-json\/wp\/v2\/media\/189840"}],"wp:attachment":[{"href":"https:\/\/jundiai.sp.gov.br\/noticias\/wp-json\/wp\/v2\/media?parent=189834"}],"wp:term":[{"taxonomy":"category","embeddable":true,"href":"https:\/\/jundiai.sp.gov.br\/noticias\/wp-json\/wp\/v2\/categories?post=189834"},{"taxonomy":"post_tag","embeddable":true,"href":"https:\/\/jundiai.sp.gov.br\/noticias\/wp-json\/wp\/v2\/tags?post=189834"},{"taxonomy":"ods","embeddable":true,"href":"https:\/\/jundiai.sp.gov.br\/noticias\/wp-json\/wp\/v2\/ods?post=189834"}],"curies":[{"name":"wp","href":"https:\/\/api.w.org\/{rel}","templated":true}]}}