{"id":189925,"date":"2016-11-18T16:16:35","date_gmt":"2016-11-18T18:16:35","guid":{"rendered":"https:\/\/jundiai.sp.gov.br\/noticias\/?p=189925"},"modified":"2016-11-18T16:17:28","modified_gmt":"2016-11-18T18:17:28","slug":"trabalho-da-fmj-recebe-premio-jovem-dermatologista-em-sao-paulo","status":"publish","type":"post","link":"https:\/\/jundiai.sp.gov.br\/noticias\/2016\/11\/18\/trabalho-da-fmj-recebe-premio-jovem-dermatologista-em-sao-paulo\/","title":{"rendered":"Trabalho da FMJ recebe Pr\u00eamio Jovem Dermatologista em S\u00e3o Paulo"},"content":{"rendered":"<p><strong>O trabalho \u201cNova Abordagem na Fotoprote\u00e7\u00e3o com uso de Polypodium Leucotomos Oral\u201d, da residente de Dermatologia da FMJ, Ana Fl\u00e1via Salai, foi o ganhador do Pr\u00eamio Jovem Dermatologista, na categoria fotoprote\u00e7\u00e3o oral. O pr\u00eamio foi desenvolvido pela Sociedade Brasileira de Dermatologia, regional S\u00e3o Paulo, em parceria com as empresas Melora e Mantecorp. A m\u00e9dica foi premiada durante o XXI Radesp (Reuni\u00e3o dos Dermatologistas do Estado de S\u00e3o Paulo), que reuniu mais de mil dermatologistas, entre os dias 3 e 5 de novembro, em S\u00e3o Paulo.<\/strong><\/p>\n<p><strong>LEIA TAMB\u00c9M<br \/>\n<a href=\"https:\/\/jundiai.sp.gov.br\/noticias\/2016\/11\/16\/palestra-sabado-19-na-fmj-orienta-cuidadores-de-pessoas-com-alzheimer\/\">Palestra na FMJ vai orientar cuidadores de pessoas com Alzheimer<\/strong><\/a><\/p>\n<p>O estudo foi desenvolvido para avaliar se o uso de um medicamento fitoter\u00e1pico (Polypodium Leucotomos) podia ser efetivo em reduzir o vermelh\u00e3o (eritema) de um indiv\u00edduo ao ser exposto ao sol. O resultado sugere que o medicamento, por agir como um antioxidante potente e ter a\u00e7\u00e3o anti-inflamat\u00f3ria, pode ser \u00fatil para doen\u00e7as em que a radia\u00e7\u00e3o solar \u00e9 a causa da morbidade ou ser adjuvante naquelas em que \u00e9 o tratamento, como \u00e9 caso do vitiligo.<\/p>\n<p><strong>A partir deste trabalho, pode-se concluir que o medicamento \u00e9 efetivo como coadjuvante na fotoprote\u00e7\u00e3o. Ele tem capacidade de complementar o uso de filtro solar t\u00f3pico para proteger dos raios ultravioletas do sol.<\/strong><\/p>\n<p>Este benef\u00edcio do Polypodium Leucotomos pode ser usado para doen\u00e7as diversas, mas principalmente para as fotoinduzidas e as fotoagravadas, como erup\u00e7\u00e3o polim\u00f3rfica \u00e0 luz, queratoses act\u00ednicas, l\u00fapus, melasma, ros\u00e1cea e at\u00e9 mesmo o c\u00e2ncer de pele.<\/p>\n<p>Participaram do trabalho os m\u00e9dicos Rivelino Aiello Ritto, Bruna Lunardi Dal Bello, Oct\u00e1vio Moraes Junior e Paula Azevedo.<\/p>\n<p><em><strong>Assessoria de Imprensa FMJ<\/strong><\/em><\/p>\n","protected":false},"excerpt":{"rendered":"<p>O trabalho \u201cNova Abordagem na Fotoprote\u00e7\u00e3o com uso de Polypodium Leucotomos Oral\u201d, da residente de Dermatologia da FMJ, Ana Fl\u00e1via Salai, foi o ganhador do Pr\u00eamio Jovem Dermatologista, na categoria fotoprote\u00e7\u00e3o oral. O pr\u00eamio foi desenvolvido pela Sociedade Brasileira de Dermatologia, regional S\u00e3o Paulo, em parceria com as empresas Melora e Mantecorp. A m\u00e9dica foi [&hellip;]<\/p>\n","protected":false},"author":10,"featured_media":0,"comment_status":"closed","ping_status":"closed","sticky":false,"template":"","format":"standard","meta":{"footnotes":""},"categories":[2],"tags":[378],"ods":[],"class_list":["post-189925","post","type-post","status-publish","format-standard","hentry","category-noticias","tag-faculdade-de-medicina-de-jundiai-fmj"],"_links":{"self":[{"href":"https:\/\/jundiai.sp.gov.br\/noticias\/wp-json\/wp\/v2\/posts\/189925","targetHints":{"allow":["GET"]}}],"collection":[{"href":"https:\/\/jundiai.sp.gov.br\/noticias\/wp-json\/wp\/v2\/posts"}],"about":[{"href":"https:\/\/jundiai.sp.gov.br\/noticias\/wp-json\/wp\/v2\/types\/post"}],"author":[{"embeddable":true,"href":"https:\/\/jundiai.sp.gov.br\/noticias\/wp-json\/wp\/v2\/users\/10"}],"replies":[{"embeddable":true,"href":"https:\/\/jundiai.sp.gov.br\/noticias\/wp-json\/wp\/v2\/comments?post=189925"}],"version-history":[{"count":3,"href":"https:\/\/jundiai.sp.gov.br\/noticias\/wp-json\/wp\/v2\/posts\/189925\/revisions"}],"predecessor-version":[{"id":189927,"href":"https:\/\/jundiai.sp.gov.br\/noticias\/wp-json\/wp\/v2\/posts\/189925\/revisions\/189927"}],"wp:attachment":[{"href":"https:\/\/jundiai.sp.gov.br\/noticias\/wp-json\/wp\/v2\/media?parent=189925"}],"wp:term":[{"taxonomy":"category","embeddable":true,"href":"https:\/\/jundiai.sp.gov.br\/noticias\/wp-json\/wp\/v2\/categories?post=189925"},{"taxonomy":"post_tag","embeddable":true,"href":"https:\/\/jundiai.sp.gov.br\/noticias\/wp-json\/wp\/v2\/tags?post=189925"},{"taxonomy":"ods","embeddable":true,"href":"https:\/\/jundiai.sp.gov.br\/noticias\/wp-json\/wp\/v2\/ods?post=189925"}],"curies":[{"name":"wp","href":"https:\/\/api.w.org\/{rel}","templated":true}]}}