{"id":190264,"date":"2016-11-28T17:54:36","date_gmt":"2016-11-28T19:54:36","guid":{"rendered":"https:\/\/jundiai.sp.gov.br\/noticias\/?p=190264"},"modified":"2016-11-30T10:28:51","modified_gmt":"2016-11-30T12:28:51","slug":"fumas-apresenta-trabalho-no-seminario-nacional-de-urbanizacao-e-favelas","status":"publish","type":"post","link":"https:\/\/jundiai.sp.gov.br\/noticias\/2016\/11\/28\/fumas-apresenta-trabalho-no-seminario-nacional-de-urbanizacao-e-favelas\/","title":{"rendered":"Fumas apresenta trabalho no Semin\u00e1rio de Urbaniza\u00e7\u00e3o e Favelas"},"content":{"rendered":"<p><strong>O trabalho de Regulariza\u00e7\u00e3o Fundi\u00e1ria da Vila Esperan\u00e7a foi apresentado pela <a href=\"http:\/\/fumas.jundiai.sp.gov.br\/\" target=\"_blank\">Funda\u00e7\u00e3o Municipal de A\u00e7\u00e3o Social (Fumas)<\/a> no II Semin\u00e1rio Nacional de Urbaniza\u00e7\u00e3o de Favelas (URBFavelas), realizado de quinta-feira (23) a s\u00e1bado (26), na Universidade Estadual do Rio de Janeiro.<\/strong><\/p>\n<div id=\"attachment_190266\" style=\"width: 410px\" class=\"wp-caption alignleft\"><a href=\"https:\/\/jundiai.sp.gov.br\/noticias\/wp-content\/uploads\/sites\/32\/2016\/11\/fumas_tati.jpg\"><img loading=\"lazy\" decoding=\"async\" aria-describedby=\"caption-attachment-190266\" class=\"size-full wp-image-190266\" src=\"https:\/\/jundiai.sp.gov.br\/noticias\/wp-content\/uploads\/sites\/32\/2016\/11\/fumas_tati.jpg\" alt=\"Tatiana apresentou trabalho desenvolvido pela Fumas em semin\u00e1rio nacional de urbaniza\u00e7\u00e3o e favelas\" width=\"400\" height=\"350\" \/><\/a><p id=\"caption-attachment-190266\" class=\"wp-caption-text\">Tatiana apresentou trabalho desenvolvido pela Fumas em semin\u00e1rio nacional de urbaniza\u00e7\u00e3o e favelas<\/p><\/div>\n<p>Intitulado <strong>Regulariza\u00e7\u00e3o Fundi\u00e1ria em APP \u2013 direito de quem? O caso da Vila Esperan\u00e7a em Jundia\u00ed \u2013 SP<\/strong>, o trabalho foi desenvolvido pela coordenadora da Pol\u00edtica Habitacional da Fumas, arquiteta e urbanista Tatiana Reis Pimenta, em conjunto com a engenheira Fernanda Souza Carvalho, na disciplina de Cidade e Direito Urban\u00edstico do curso de p\u00f3s-gradua\u00e7\u00e3o (mestrado) da FEC\/Unicamp, tendo sido selecionado e apresentado em uma das sess\u00f5es tem\u00e1ticas do evento.<\/p>\n<p>\u201cO objetivo da apresenta\u00e7\u00e3o foi <strong>levar a experi\u00eancia do poder p\u00fablico na gest\u00e3o e implanta\u00e7\u00e3o da regulariza\u00e7\u00e3o fundi\u00e1ria de interesse social, quando envolve conflitos entre o direito ambiental e o direito \u00e0 moradia<\/strong>\u201d, pontua Tatiana.<\/p>\n<p>A ocupa\u00e7\u00e3o do assentamento prec\u00e1rio localizado na Vila Nova Esperan\u00e7a teve in\u00edcio no final da d\u00e9cada de 70 e o processo de urbaniza\u00e7\u00e3o em 1994, sendo executado com recursos do <strong>Programa Pr\u00f3-Moradia<\/strong>, por meio do contrato de empr\u00e9stimo e repasse de recursos, firmado entre o Munic\u00edpio e a Caixa Econ\u00f4mica Federal.<\/p>\n<p>O in\u00edcio das obras ocorreu em <strong>maio de 1994<\/strong>, com<strong> edifica\u00e7\u00e3o de 102 casas e um centro comunit\u00e1rio<\/strong>. A <strong>regulariza\u00e7\u00e3o fundi\u00e1ria da Vila Esperan\u00e7a foi conclu\u00edda no ano de 2015, ap\u00f3s 21 anos do in\u00edcio da urbaniza\u00e7\u00e3o<\/strong>.<\/p>\n<p>\u201cO resultado do trabalho apresentou a exist\u00eancia de <strong>falso conflito em torno do assunto<\/strong>, na verdade,<strong> ambos direitos (ambiental e \u00e0 moradia) s\u00e3o atores da fun\u00e7\u00e3o social-ambiental da propriedade urbana<\/strong>. Alertou para a<strong> necessidade de encontrar cen\u00e1rios n\u00e3o ideais, mas poss\u00edveis, para solucionar os conflitos existentes no territ\u00f3rio e, principalmente, nas an\u00e1lises dos processos de regulariza\u00e7\u00e3o fundi\u00e1ria de interesse social<\/strong>\u201d, finaliza a coordenadora de Pol\u00edtica Habitacional da Fumas.<\/p>\n<p><strong><em>Assessoria de Imprensa<br \/>\nFoto: Fot\u00f3grafos PMJ<\/em><\/strong><\/p>\n","protected":false},"excerpt":{"rendered":"<p>O trabalho de Regulariza\u00e7\u00e3o Fundi\u00e1ria da Vila Esperan\u00e7a foi apresentado pela Funda\u00e7\u00e3o Municipal de A\u00e7\u00e3o Social (Fumas) no II Semin\u00e1rio Nacional de Urbaniza\u00e7\u00e3o de Favelas (URBFavelas), realizado de quinta-feira (23) a s\u00e1bado (26), na Universidade Estadual do Rio de Janeiro. Intitulado Regulariza\u00e7\u00e3o Fundi\u00e1ria em APP \u2013 direito de quem? O caso da Vila Esperan\u00e7a em [&hellip;]<\/p>\n","protected":false},"author":14,"featured_media":0,"comment_status":"closed","ping_status":"closed","sticky":false,"template":"","format":"standard","meta":{"footnotes":""},"categories":[2],"tags":[49,490],"ods":[],"class_list":["post-190264","post","type-post","status-publish","format-standard","hentry","category-noticias","tag-fundacao-municipal-de-acao-social-fumas","tag-habitacao"],"_links":{"self":[{"href":"https:\/\/jundiai.sp.gov.br\/noticias\/wp-json\/wp\/v2\/posts\/190264","targetHints":{"allow":["GET"]}}],"collection":[{"href":"https:\/\/jundiai.sp.gov.br\/noticias\/wp-json\/wp\/v2\/posts"}],"about":[{"href":"https:\/\/jundiai.sp.gov.br\/noticias\/wp-json\/wp\/v2\/types\/post"}],"author":[{"embeddable":true,"href":"https:\/\/jundiai.sp.gov.br\/noticias\/wp-json\/wp\/v2\/users\/14"}],"replies":[{"embeddable":true,"href":"https:\/\/jundiai.sp.gov.br\/noticias\/wp-json\/wp\/v2\/comments?post=190264"}],"version-history":[{"count":6,"href":"https:\/\/jundiai.sp.gov.br\/noticias\/wp-json\/wp\/v2\/posts\/190264\/revisions"}],"predecessor-version":[{"id":190355,"href":"https:\/\/jundiai.sp.gov.br\/noticias\/wp-json\/wp\/v2\/posts\/190264\/revisions\/190355"}],"wp:attachment":[{"href":"https:\/\/jundiai.sp.gov.br\/noticias\/wp-json\/wp\/v2\/media?parent=190264"}],"wp:term":[{"taxonomy":"category","embeddable":true,"href":"https:\/\/jundiai.sp.gov.br\/noticias\/wp-json\/wp\/v2\/categories?post=190264"},{"taxonomy":"post_tag","embeddable":true,"href":"https:\/\/jundiai.sp.gov.br\/noticias\/wp-json\/wp\/v2\/tags?post=190264"},{"taxonomy":"ods","embeddable":true,"href":"https:\/\/jundiai.sp.gov.br\/noticias\/wp-json\/wp\/v2\/ods?post=190264"}],"curies":[{"name":"wp","href":"https:\/\/api.w.org\/{rel}","templated":true}]}}