{"id":190265,"date":"2016-11-28T17:51:11","date_gmt":"2016-11-28T19:51:11","guid":{"rendered":"https:\/\/jundiai.sp.gov.br\/noticias\/?p=190265"},"modified":"2016-11-29T18:22:33","modified_gmt":"2016-11-29T20:22:33","slug":"conselho-debate-programa-especial-de-incentivo-ao-sistema-de-inovacao","status":"publish","type":"post","link":"https:\/\/jundiai.sp.gov.br\/noticias\/2016\/11\/28\/conselho-debate-programa-especial-de-incentivo-ao-sistema-de-inovacao\/","title":{"rendered":"Conselho debate Programa Especial de Incentivo ao Sistema de Inova\u00e7\u00e3o"},"content":{"rendered":"<p><strong>A 14\u00aa reuni\u00e3o ordin\u00e1ria do Conselho Municipal de Ci\u00eancia e Tecnologia vai reunir o colegiado no dia 8 de dezembro (quinta-feira), \u00e0s 14h, no audit\u00f3rio do oitavo andar do Pa\u00e7o Municipal. Dentre as pautas previstas para o encontro est\u00e1 a delibera\u00e7\u00e3o do Projeto de Lei que trata a cria\u00e7\u00e3o do Programa Especial de Incentivo ao Sistema de Inova\u00e7\u00e3o de Jundia\u00ed.<\/strong><\/p>\n<p>A agenda \u00e9 aberta e est\u00e1 em fase de defini\u00e7\u00e3o. Sugest\u00f5es podem ser encaminhadas por conselheiros no e-mail <a href=\"mailto:trego@jundiai.sp.gov.br\">trego@jundiai.sp.gov.br<\/a>. No entanto, o encontro \u00e9 aberto ao p\u00fablico interessado na agenda municipal de pol\u00edticas p\u00fablicas voltadas ao incentivo da inova\u00e7\u00e3o, tecnologia, desenvolvimento econ\u00f4mico, empregabilidade e gera\u00e7\u00e3o de riqueza e renda.<\/p>\n<p>Criado pela administra\u00e7\u00e3o municipal em agosto de 2014, o Conselho \u00e9 parte integrante e regulat\u00f3rio do tamb\u00e9m in\u00e9dito Sistema de Inova\u00e7\u00e3o de Jundia\u00ed. Aproximadamente 30 membros fazem parte desse colegiado \u2013 representantes da sociedade civil, do Poder P\u00fablico, de sindicatos, da iniciativa privada, universidades e demais institui\u00e7\u00f5es.<\/p>\n<p>O <a href=\"https:\/\/jundiai.sp.gov.br\/noticias\/2016\/10\/20\/incubadora-de-empresas-recebe-registro-de-operacao-estadual\/\">\u00faltimo encontro<\/a> foi no audit\u00f3rio do Sindicato do Com\u00e9rcio Varejista de Jundia\u00ed e Regi\u00e3o (Sincom\u00e9rcio), quando foi anunciado, oficialmente, o credenciamento da Incubadora de Empresas de Jundia\u00ed junto ao Governo do Estado e a conquista do registro de opera\u00e7\u00e3o da secretaria Estadual de Desenvolvimento Econ\u00f4mico, Ci\u00eancia e Tecnologia \u2013 j\u00e1 em conformidade com nova legisla\u00e7\u00e3o estadual vigente, que regula o funcionamento das incubadoras em todo Estado.<\/p>\n<p>Ainda no encontro, quatro novos incubados receberam as chaves e sinal verde para ingresso na Incubadora de Empresas. Dentre os novos \u201ccond\u00f4minos\u201d est\u00e3o uma startup desenvolvedora de aplicativos e softwares voltados ao jundiaiense e um e-commerce.<\/p>\n<p>Mais informa\u00e7\u00f5es pelo telefone (11) 4589-8485.<\/p>\n<p><em><strong>Thiago Secco<\/strong><\/em><\/p>\n","protected":false},"excerpt":{"rendered":"<p>Dentre as pautas, est\u00e1 a delibera\u00e7\u00e3o do Projeto de Lei que trata a cria\u00e7\u00e3o do Programa Especial de Incentivo ao Sistema de Inova\u00e7\u00e3o de Jundia\u00ed <\/p>\n","protected":false},"author":10,"featured_media":190280,"comment_status":"closed","ping_status":"closed","sticky":false,"template":"","format":"standard","meta":{"footnotes":""},"categories":[2],"tags":[852,365],"ods":[],"class_list":["post-190265","post","type-post","status-publish","format-standard","has-post-thumbnail","hentry","category-noticias","tag-conselho-de-ciencia-tecnologia-e-inovacao-cmcti","tag-desenvolvimento-economico-ciencia-e-tecnologia"],"_links":{"self":[{"href":"https:\/\/jundiai.sp.gov.br\/noticias\/wp-json\/wp\/v2\/posts\/190265","targetHints":{"allow":["GET"]}}],"collection":[{"href":"https:\/\/jundiai.sp.gov.br\/noticias\/wp-json\/wp\/v2\/posts"}],"about":[{"href":"https:\/\/jundiai.sp.gov.br\/noticias\/wp-json\/wp\/v2\/types\/post"}],"author":[{"embeddable":true,"href":"https:\/\/jundiai.sp.gov.br\/noticias\/wp-json\/wp\/v2\/users\/10"}],"replies":[{"embeddable":true,"href":"https:\/\/jundiai.sp.gov.br\/noticias\/wp-json\/wp\/v2\/comments?post=190265"}],"version-history":[{"count":4,"href":"https:\/\/jundiai.sp.gov.br\/noticias\/wp-json\/wp\/v2\/posts\/190265\/revisions"}],"predecessor-version":[{"id":190286,"href":"https:\/\/jundiai.sp.gov.br\/noticias\/wp-json\/wp\/v2\/posts\/190265\/revisions\/190286"}],"wp:featuredmedia":[{"embeddable":true,"href":"https:\/\/jundiai.sp.gov.br\/noticias\/wp-json\/wp\/v2\/media\/190280"}],"wp:attachment":[{"href":"https:\/\/jundiai.sp.gov.br\/noticias\/wp-json\/wp\/v2\/media?parent=190265"}],"wp:term":[{"taxonomy":"category","embeddable":true,"href":"https:\/\/jundiai.sp.gov.br\/noticias\/wp-json\/wp\/v2\/categories?post=190265"},{"taxonomy":"post_tag","embeddable":true,"href":"https:\/\/jundiai.sp.gov.br\/noticias\/wp-json\/wp\/v2\/tags?post=190265"},{"taxonomy":"ods","embeddable":true,"href":"https:\/\/jundiai.sp.gov.br\/noticias\/wp-json\/wp\/v2\/ods?post=190265"}],"curies":[{"name":"wp","href":"https:\/\/api.w.org\/{rel}","templated":true}]}}