{"id":190419,"date":"2016-12-01T17:19:24","date_gmt":"2016-12-01T19:19:24","guid":{"rendered":"https:\/\/jundiai.sp.gov.br\/noticias\/?p=190419"},"modified":"2016-12-06T17:50:01","modified_gmt":"2016-12-06T19:50:01","slug":"presidente-do-fundo-social-prestigia-festival-de-talentos-da-casa-da-fonte","status":"publish","type":"post","link":"https:\/\/jundiai.sp.gov.br\/noticias\/2016\/12\/01\/presidente-do-fundo-social-prestigia-festival-de-talentos-da-casa-da-fonte\/","title":{"rendered":"Presidente do Fundo Social prestigia evento na Casa da Fonte"},"content":{"rendered":"<p><strong>A primeira-dama e presidente do Fundo Social de Solidariedade (Funss), Margarete Geraldo Bigardi, acompanhada da filha Patr\u00edcia, prestigiou, na tarde desta quarta-feira (30), o Festival de Talentos 2016, promovido pela Casa da Fonte, projeto socioeducacional da Companhia de Saneamento de Jundia\u00ed (CJS).<\/strong><\/p>\n<div id=\"attachment_190420\" style=\"width: 340px\" class=\"wp-caption alignleft\"><a href=\"https:\/\/jundiai.sp.gov.br\/noticias\/wp-content\/uploads\/sites\/32\/2016\/12\/IMG_4371.jpg\"><img loading=\"lazy\" decoding=\"async\" aria-describedby=\"caption-attachment-190420\" class=\"size-full wp-image-190420\" src=\"https:\/\/jundiai.sp.gov.br\/noticias\/wp-content\/uploads\/sites\/32\/2016\/12\/IMG_4371.jpg\" alt=\"Primeira dama Margarete Geraldo Bigardi e sua filha Patr\u00edcia durante visita \u00e0 Casa da Fonte, coordenada por Maria Cristina Castilho de Andrade\" width=\"330\" height=\"370\" \/><\/a><p id=\"caption-attachment-190420\" class=\"wp-caption-text\">Margarete e filha Patr\u00edcia com\u00a0a coordenadora Maria Cristina Castilho de Andrade<\/p><\/div>\n<p>\u00c9 o segundo ano consecutivo do evento no <a href=\"http:\/\/cultura.jundiai.sp.gov.br\/evento\/teatro-polytheama\/\" target=\"_blank\">Teatro Polytheama<\/a>, com apoio do Fundo Social de Solidariedade. \u201cQuero agradecer a presen\u00e7a da primeira-dama, que novamente nos deu estrutura para o festival, e tamb\u00e9m \u00e0 Feira de Artesanatos, marcada para a\u00a0pr\u00f3xima semana\u201d, disse a coordenadora da Casa da Fonte, Maria Cristina Castilho de Andrade, agradecendo tamb\u00e9m aos demais envolvidos.<\/p>\n<p>O tema do espet\u00e1culo musical \u201cNos Passos do M\u00e1gico de Oz\u201d foi inspirado na famosa hist\u00f3ria americana do M\u00e1gico de Oz. As crian\u00e7as e adolescentes da entidade e das<strong> escolas municipais participantes, Cl\u00e9o Nogueira Barbosa e Ivo de Bona, das estaduais Almerinda Chaves e Alessandra Cristina R. Pezzato, e dos Complexos Educacionais, Culturais e Esportivos, Jos\u00e9 de Marchi e Aramis Poli<\/strong>, encantaram a plateia com apresenta\u00e7\u00f5es dignas de um teatro como o Polytheama.<\/p>\n<p>Emocionada, a primeira-dama parabenizou o festival. \u201cA Casa da Fonte para mim \u00e9 sin\u00f4nimo de puro amor. E o amor \u00e9 o sentimento mais nobre que o ser humano pode ter. Ent\u00e3o, s\u00f3 tenho de parabenizar a toda a equipe da entidade pelo amor que eles t\u00eam pelas crian\u00e7as e adolescentes e por proporcionar a elas um dia de magia, assim como foi a apresenta\u00e7\u00e3o\u201d.<\/p>\n<p><strong><em>Carolina Namura<br \/>\nFoto: Fot\u00f3grafos PMJ<\/em><\/strong><\/p>\n","protected":false},"excerpt":{"rendered":"<p>A primeira-dama e presidente do Fundo Social de Solidariedade (Funss), Margarete Geraldo Bigardi, acompanhada da filha Patr\u00edcia, prestigiou, na tarde desta quarta-feira (30), o Festival de Talentos 2016, promovido pela Casa da Fonte, projeto socioeducacional da Companhia de Saneamento de Jundia\u00ed (CJS). \u00c9 o segundo ano consecutivo do evento no Teatro Polytheama, com apoio do [&hellip;]<\/p>\n","protected":false},"author":14,"featured_media":0,"comment_status":"closed","ping_status":"closed","sticky":false,"template":"","format":"standard","meta":{"footnotes":""},"categories":[2],"tags":[416,98],"ods":[],"class_list":["post-190419","post","type-post","status-publish","format-standard","hentry","category-noticias","tag-fundo-social-de-solidariedade-funss","tag-teatro-polytheama"],"_links":{"self":[{"href":"https:\/\/jundiai.sp.gov.br\/noticias\/wp-json\/wp\/v2\/posts\/190419","targetHints":{"allow":["GET"]}}],"collection":[{"href":"https:\/\/jundiai.sp.gov.br\/noticias\/wp-json\/wp\/v2\/posts"}],"about":[{"href":"https:\/\/jundiai.sp.gov.br\/noticias\/wp-json\/wp\/v2\/types\/post"}],"author":[{"embeddable":true,"href":"https:\/\/jundiai.sp.gov.br\/noticias\/wp-json\/wp\/v2\/users\/14"}],"replies":[{"embeddable":true,"href":"https:\/\/jundiai.sp.gov.br\/noticias\/wp-json\/wp\/v2\/comments?post=190419"}],"version-history":[{"count":6,"href":"https:\/\/jundiai.sp.gov.br\/noticias\/wp-json\/wp\/v2\/posts\/190419\/revisions"}],"predecessor-version":[{"id":190559,"href":"https:\/\/jundiai.sp.gov.br\/noticias\/wp-json\/wp\/v2\/posts\/190419\/revisions\/190559"}],"wp:attachment":[{"href":"https:\/\/jundiai.sp.gov.br\/noticias\/wp-json\/wp\/v2\/media?parent=190419"}],"wp:term":[{"taxonomy":"category","embeddable":true,"href":"https:\/\/jundiai.sp.gov.br\/noticias\/wp-json\/wp\/v2\/categories?post=190419"},{"taxonomy":"post_tag","embeddable":true,"href":"https:\/\/jundiai.sp.gov.br\/noticias\/wp-json\/wp\/v2\/tags?post=190419"},{"taxonomy":"ods","embeddable":true,"href":"https:\/\/jundiai.sp.gov.br\/noticias\/wp-json\/wp\/v2\/ods?post=190419"}],"curies":[{"name":"wp","href":"https:\/\/api.w.org\/{rel}","templated":true}]}}